{"id":467929,"date":"2025-10-16T17:26:12","date_gmt":"2025-10-16T17:26:12","guid":{"rendered":"https:\/\/www.europesays.com\/fr\/467929\/"},"modified":"2025-10-16T17:26:12","modified_gmt":"2025-10-16T17:26:12","slug":"surveille-par-les-limiers-de-la-pj-le-papy-cambrioleur-aurait-du-prendre-sa-retraite","status":"publish","type":"post","link":"https:\/\/www.europesays.com\/fr\/467929\/","title":{"rendered":"surveill\u00e9 par les limiers de la PJ, le \u00ab\u00a0papy cambrioleur\u00a0\u00bb aurait d\u00fb prendre sa retraite"},"content":{"rendered":"<p>            Par<br \/>\n        <strong><br \/>\n            <a href=\"https:\/\/actu.fr\/auteur\/antoine-blanchet\" title=\"Consulter tous les articles de Antoine Blanchet\" rel=\"nofollow noopener\" target=\"_blank\">Antoine Blanchet<\/a><br \/>\n        <\/strong><\/p>\n<p>        Publi\u00e9 le<\/p>\n<p>            16 oct. 2025 \u00e0 19h02        <\/p>\n<p>\u00ab\u00a0Qu\u2019est-ce qui fait qu\u2019on est cambrioleur depuis 1976 et qu\u2019on ne s\u2019arr\u00eate pas ?\u00a0\u00bb. Depuis le box, Patrick F. bafouille. Les <strong>23 mentions de vols inscrites sur son casier judiciaire<\/strong> ne jouent pas en sa faveur. L\u2019homme de 68 ans tapote le micro du doigt. Son dos endolori l\u2019emp\u00eache de se tenir droit. \u00ab\u00a0C\u2019\u00e9tait quand j\u2019avais besoin d\u2019argent\u00a0\u00bb, glisse-t-il, honteux. Ce jeudi 16 octobre 2025, le quasi-septuag\u00e9naire compara\u00eet devant le tribunal correctionnel de <a href=\"https:\/\/actu.fr\/paris\/\" rel=\"nofollow noopener\" target=\"_blank\">Paris<\/a> pour une <a href=\"https:\/\/actu.fr\/tag\/cambriolage\/page\/3\" rel=\"nofollow noopener\" target=\"_blank\">s\u00e9rie de cambriolages<\/a>. Les larcins<strong> ont \u00e9t\u00e9 commis en compagnie d\u2019un autre homme<\/strong>. Lui aussi dans la bo\u00eete vitr\u00e9e.\u00a0<\/p>\n<p>Un renseignement anonyme\u00a0<\/p>\n<p class=\" wall-content\">L\u2019affaire commence par un coup de fil estival. Les agents de la prestigieuse <a href=\"https:\/\/actu.fr\/ile-de-france\/paris_75056\/braquages-home-jackings-dans-les-coulisses-de-la-mythique-brigade-de-repression-du-banditisme-de-paris_62212063.html\" rel=\"nofollow noopener\" target=\"_blank\">brigade de r\u00e9pression du banditisme<\/a> de la police judiciaire re\u00e7oivent ce qu\u2019ils appellent un \u00ab\u00a0tuyau\u00a0\u00bb. L\u2019informateur anonyme les informe que Patrick F., cambrioleur notoire, aurait de nouveau quitt\u00e9 le plancher des vaches pour jouer les monte-en-l\u2019air. Le dernier coup en date : un appartement situ\u00e9 \u00e0 <a href=\"https:\/\/actu.fr\/ile-de-france\/boulogne-billancourt_92012\" rel=\"nofollow noopener\" target=\"_blank\">Boulogne-Billancourt<\/a> (<a href=\"https:\/\/actu.fr\/ile-de-france\/hauts-de-seine_92\" rel=\"nofollow noopener\" target=\"_blank\">Hauts-de-Seine<\/a>).\u00a0<\/p>\n<p class=\" wall-content\">Les policiers exploitent l\u2019information et consultent la <strong>vid\u00e9osurveillance<\/strong> aux heures du vol. Le tuyau n\u2019est pas bouch\u00e9. Les \u00e9l\u00e9ments donn\u00e9s permettent d\u2019attester de la pr\u00e9sence du d\u00e9valiseur aux cheveux blancs sur les lieux du m\u00e9fait. Pas seul. Un autre homme est pr\u00e9sent. Djilel G., 49 ans. Son casier judiciaire est, lui aussi, bien rempli.\u00a0<\/p>\n<p class=\" wall-content\">Les limiers de la BRB ne croient pas \u00e0 un acte isol\u00e9. Ils v\u00e9rifient si les lignes t\u00e9l\u00e9phoniques du duo chevronn\u00e9 bornent sur les lieux d\u2019autres cambriolages commis dans la capitale et \u00e0 <a href=\"https:\/\/actu.fr\/ile-de-france\/meudon_92048\" rel=\"nofollow noopener\" target=\"_blank\">Meudon<\/a>. Bingo. Patrick F. est pr\u00e9sent sur neuf casses. Djilel G. sur six. Les comp\u00e8res avaient une mani\u00e8re d\u2019op\u00e9rer bien rod\u00e9e. Ils cherchaient des serrures sp\u00e9cifiques, faciles \u00e0 crocheter. Ils venaient en pleine journ\u00e9e, frappaient \u00e0 la porte et s\u2019introduisaient dans le logement si personne ne r\u00e9pondait. Le butin comprenait des bijoux ou bien du mat\u00e9riel \u00e9lectronique.\u00a0<\/p>\n<p>\u00ab\u00a0J\u2019aime pas le terme de butin. \u00c7a me choque\u00a0\u00bb<\/p>\n<p class=\" wall-content\">Face aux juges, les deux hommes n\u2019en m\u00e8nent pas large ce jeudi. Ils reconnaissent tous les deux les faits reproch\u00e9s. \u00c0 une exception pr\u00e8s : un vol commis le 22 juillet 2025 contest\u00e9 par Patrick F.. Pourquoi ? Parce qu\u2019elle ne correspond pas \u00e0 son exp\u00e9rience d\u00e9lictuelle. \u00ab\u00a0Je ne vais pas cambrioler dans une impasse. \u00c7a comprend trop de risques\u00a0\u00bb, assure-t-il. La vid\u00e9osurveillance l\u2019identifie pourtant. Face \u00e0 ces preuves accablantes, le pr\u00e9venu se trouve dans l\u2019impasse o\u00f9 il pr\u00e9tendait ne pas \u00eatre all\u00e9. Il avoue \u00e0 demi-mot.\u00a0<\/p>\n<p class=\" wall-content\">Curieuse sur sa fa\u00e7on de proc\u00e9der, la pr\u00e9sidente bombarde le sexag\u00e9naire de questions.\u00a0<\/p>\n<p class=\" wall-content\">Comment \u00e9taient choisis les appartements ? \u00ab\u00a0La raison, c\u2019\u00e9tait la facilit\u00e9. Il y a des mod\u00e8les de serrures tr\u00e8s tr\u00e8s rares et on \u00e9volue dessus pour la facilit\u00e9 d\u2019ouverture\u00a0\u00bb.\u00a0<\/p>\n<p>Votre r\u00e9gion, votre actu !<\/p>\n<p>Recevez chaque jour les infos qui comptent pour vous.<\/p>\n<p>\t<a href=\"https:\/\/actu.fr\/newsletter\" class=\"ac-btn ac-btn--corner ac-btn--medium ac-btn--blue800\" rel=\"nofollow noopener\" target=\"_blank\">S&rsquo;incrire<\/a><\/p>\n<p class=\" wall-content\">Pourquoi \u00e0 deux ? \u00ab\u00a0Il faut deux tournevis pour ce mode op\u00e9ratoire. C\u2019est plus facile en duo\u00a0\u00bb.\u00a0<\/p>\n<p class=\" wall-content\">Et que devient le butin ? \u00ab\u00a0J\u2019aime pas le terme de butin, \u00e7a me choque. C\u2019est pas tr\u00e8s r\u00e9mun\u00e9rateur. C\u2019est d\u00e9risoire\u00a0\u00bb.\u00a0<\/p>\n<p class=\" wall-content\">M\u00eame si Patrick F. a \u00e9t\u00e9 condamn\u00e9 \u00e0 de multiples reprises, le tribunal se demande la raison de cet \u00e9ni\u00e8me plongeon dans la cambriole. \u00ab\u00a0J\u2019ai eu un accident du travail en 2024. Je n\u2019avais plus de r\u00e9mun\u00e9ration\u00a0\u00bb, souffle-t-il. Quant \u00e0 son comparse, il \u00e9voque une <strong>addiction aux jeux d\u2019argent<\/strong>. \u00ab\u00a0Je suis chauffeur VTC et on s\u2019est rencontr\u00e9s dans un bar. On a d\u00e9cid\u00e9 de faire des b\u00eatises\u00a0\u00bb, relate Djilel G..\u00a0<\/p>\n<p class=\" wall-content\">\u00ab\u00a0Alors non, ce ne sont pas des b\u00eatises. Nous ne sommes pas au tribunal pour enfants\u00a0\u00bb, le reprend s\u00e8chement la pr\u00e9sidente.\u00a0<\/p>\n<p>Les pr\u00e9venus lourdement condamn\u00e9s\u00a0<\/p>\n<p class=\" wall-content\">Plac\u00e9 en d\u00e9tention provisoire dans l\u2019attente du proc\u00e8s, Patrick F. alerte sur ses conditions de d\u00e9tention : \u00ab\u00a0Quand on a des cheveux blancs. C\u2019est difficile. Les gens de mon \u00e2ge sont suspect\u00e9s d\u2019\u00eatre des violeurs\u00a0\u00bb. Dans la salle, aucun de ses trois enfants n\u2019est pr\u00e9sent.\u00a0<\/p>\n<p class=\" wall-content\">Face \u00e0 ces faits caract\u00e9ris\u00e9s et reconnus, le procureur ne peut que se rendre \u00e0 l\u2019\u00e9vidence : les deux hommes m\u00e9ritent d\u2019\u00eatre condamn\u00e9s. \u00ab\u00a0Ce dossier, c\u2019est une rencontre entre deux professionnels du cambriolage\u00a0\u00bb. Contre Djilel G., il demande deux ans de prison dont un an avec sursis probatoire. Contre Patrick F. : <strong>trois ans de prison<\/strong>, dont 18 mois assortis d\u2019un sursis probatoire.\u00a0<\/p>\n<p class=\" wall-content\">Dans leurs plaidoiries, les avocats de la d\u00e9fense mettent en relief le maigre pr\u00e9judice des larcins. \u00ab\u00a0On n\u2019est pas sur des butins faramineux\u00a0\u00bb, argue l\u2019avocat de Djilel G. qui demande au tribunal une peine sous le r\u00e9gime du bracelet \u00e9lectronique. \u00ab\u00a0Mon client c\u2019est un profil peu banal. Les d\u00e9linquants ont souvent moins de 40 ans. Monsieur F., lui, il a fait sa toute sa vie. Commettre des menus larcins. \u00c7a finit dans un h\u00f4tel pourri \u00e0 Belleville. Gardez en t\u00eate qu\u2019il n\u2019a pas tir\u00e9 de b\u00e9n\u00e9fices\u00a0\u00bb, lance aux juges l\u2019avocat de Patrick F. <strong>Me Simon Olivennes<\/strong>.\u00a0<\/p>\n<p class=\" wall-content\">Malgr\u00e9 ces arguments, le tribunal a la main plus lourde que le parquet. Patrick F. est condamn\u00e9 \u00e0 trois ans de prison. Djilel G. \u00e0 deux ans.\u00a0<\/p>\n<p class=\" wall-content\">Personnalisez votre actualit\u00e9 en ajoutant vos villes et m\u00e9dias en favori avec <a href=\"https:\/\/moncompte.actu.fr\" title=\"D\u00e9couvez Mon Actu\" rel=\"nofollow noopener\" data-trk=\"{&quot;cta&quot;:{&quot;action&quot;:&quot;https:\\\/\\\/moncompte.actu.fr&quot;,&quot;category&quot;:&quot;mon compte&quot;,&quot;from&quot;:&quot;article footer&quot;,&quot;name&quot;:&quot;Mon actu&quot;,&quot;type&quot;:&quot;cta&quot;}}\" target=\"_blank\">Mon Actu<\/a>.<\/p>\n","protected":false},"excerpt":{"rendered":"Par Antoine Blanchet Publi\u00e9 le 16 oct. 2025 \u00e0 19h02 \u00ab\u00a0Qu\u2019est-ce qui fait qu\u2019on est cambrioleur depuis 1976&hellip;\n","protected":false},"author":2,"featured_media":467930,"comment_status":"","ping_status":"","sticky":false,"template":"","format":"standard","meta":{"footnotes":""},"categories":[1888],"tags":[1111,1928,11,1927,1174,1777,674,118,1011,27,303,12,1926,626,1925,25],"class_list":{"0":"post-467929","1":"post","2":"type-post","3":"status-publish","4":"format-standard","5":"has-post-thumbnail","7":"category-paris","8":"tag-actu","9":"tag-actu-paris","10":"tag-actualites","11":"tag-actualites-paris","12":"tag-cambriolage","13":"tag-eu","14":"tag-europe","15":"tag-faits-divers","16":"tag-fr","17":"tag-france","18":"tag-justice","19":"tag-news","20":"tag-news-paris","21":"tag-paris","22":"tag-paris-news","23":"tag-republique-francaise"},"share_on_mastodon":{"url":"https:\/\/pubeurope.com\/@fr\/115385020209330819","error":""},"_links":{"self":[{"href":"https:\/\/www.europesays.com\/fr\/wp-json\/wp\/v2\/posts\/467929","targetHints":{"allow":["GET"]}}],"collection":[{"href":"https:\/\/www.europesays.com\/fr\/wp-json\/wp\/v2\/posts"}],"about":[{"href":"https:\/\/www.europesays.com\/fr\/wp-json\/wp\/v2\/types\/post"}],"author":[{"embeddable":true,"href":"https:\/\/www.europesays.com\/fr\/wp-json\/wp\/v2\/users\/2"}],"replies":[{"embeddable":true,"href":"https:\/\/www.europesays.com\/fr\/wp-json\/wp\/v2\/comments?post=467929"}],"version-history":[{"count":0,"href":"https:\/\/www.europesays.com\/fr\/wp-json\/wp\/v2\/posts\/467929\/revisions"}],"wp:featuredmedia":[{"embeddable":true,"href":"https:\/\/www.europesays.com\/fr\/wp-json\/wp\/v2\/media\/467930"}],"wp:attachment":[{"href":"https:\/\/www.europesays.com\/fr\/wp-json\/wp\/v2\/media?parent=467929"}],"wp:term":[{"taxonomy":"category","embeddable":true,"href":"https:\/\/www.europesays.com\/fr\/wp-json\/wp\/v2\/categories?post=467929"},{"taxonomy":"post_tag","embeddable":true,"href":"https:\/\/www.europesays.com\/fr\/wp-json\/wp\/v2\/tags?post=467929"}],"curies":[{"name":"wp","href":"https:\/\/api.w.org\/{rel}","templated":true}]}}