{"id":467931,"date":"2025-10-16T17:27:14","date_gmt":"2025-10-16T17:27:14","guid":{"rendered":"https:\/\/www.europesays.com\/fr\/467931\/"},"modified":"2025-10-16T17:27:14","modified_gmt":"2025-10-16T17:27:14","slug":"paris-poursuit-sa-hausse-et-profite-de-laccalmie-politique-16-10-2025-a-1814","status":"publish","type":"post","link":"https:\/\/www.europesays.com\/fr\/467931\/","title":{"rendered":"Paris: poursuit sa hausse et profite de l&rsquo;accalmie politique &#8211; 16\/10\/2025 \u00e0 18:14"},"content":{"rendered":"<p>                                                                La Bourse de Paris poursuit sur sa lanc\u00e9e : apr\u00e8s avoir gagn\u00e9 2% hier, le CAC 40 ajoute encore 1,38% aujourd&rsquo;hui, \u00e0 8188 points, avec l&rsquo;aide de Pernod Ricard (+4,1%), Michelin (+3,4%) ou encore Legrand (+2,8%).<br \/>\n<br \/>Les investisseurs saluent l&rsquo;accalmie politique dans l&rsquo;Hexagone, o\u00f9 S\u00e9bastien Lecornu a surv\u00e9cu aux deux motions de censure d\u00e9pos\u00e9es par LFI et le RN respectivement. Le locataire de Matignon a pu sauver sa t\u00eate &#8211; au moins pour cette fois &#8211; gr\u00e2ce \u00e0 l&rsquo;appui du &lsquo;socle commun&rsquo;. Les math\u00e9matiques \u00e9taient cette fois-ci de son c\u00f4t\u00e9&#8230; \u00e0 18 voix pr\u00e8s.<\/p>\n<p>&lsquo;Bien qu&rsquo;un accord puisse \u00eatre conclu pour maintenir le nouveau gouvernement en place, il est peu probable que cela se traduise par un renforcement des fondamentaux \u00e0 long terme&rsquo;, avertit David Zahn, responsable de la gestion obligataire europ\u00e9enne chez Franklin Templeton.\n<\/p>\n<p>&lsquo;Nous anticipons donc que les \u00e9carts de taux des obligations d&rsquo;\u00c9tat fran\u00e7aises resteront volatils dans les mois \u00e0 venir et continuons de privil\u00e9gier une sous-pond\u00e9ration de la France dans les comptes europ\u00e9ens&rsquo;, ajoute l&rsquo;expert.\n<\/p>\n<p>Outre-Atlantique, le Nasdaq progresse de 0,4%, devant le S&amp;P 500 (+0,1%), et la bonne tenue des technos \u00e9clipse le rafra\u00eechissement des relations commerciales entre Washington et P\u00e9kin.Si de nombreuses statistiques ne sont pas disponibles outre-Atlantique en raison du &lsquo;shutdown&rsquo;, les march\u00e9s ont pu prendre connaissance d&rsquo;une contraction de l&rsquo;activit\u00e9 \u00e9conomique dans le nord-est des \u00c9tats-Unis en octobre.<br \/>\n<br \/>Ainsi, l&rsquo;indice &lsquo;Philly Fed&rsquo; a chut\u00e9 \u00e0 -12,8 ce mois-ci contre 23,2 en septembre, pour atteindre son plus bas niveau depuis avril, montre jeudi l&rsquo;enqu\u00eate de conjoncture mensuelle publi\u00e9e par la R\u00e9serve f\u00e9d\u00e9rale de Philadelphie.<br \/>\n<br \/>Ce repli est d&rsquo;ailleurs bien sup\u00e9rieur aux attentes, puisque les \u00e9conomistes pr\u00e9voyaient en moyenne un recul autour de 7. Pour rappel, un chiffre inf\u00e9rieur \u00e0 z\u00e9ro traduit une d\u00e9croissance de l&rsquo;activit\u00e9 manufacturi\u00e8re dans la r\u00e9gion.\n<\/p>\n<p>Autres donn\u00e9es macro\u00e9conomiques publi\u00e9es aujourd&rsquo;hui : l&rsquo;exc\u00e9dent commercial de la zone euro. Celui-ci s&rsquo;est nettement r\u00e9duit au mois d&rsquo;ao\u00fbt, en raison d&rsquo;une forte baisse des exportations vers les \u00c9tats-Unis, qui t\u00e9moigne du durcissement de la politique commerciale am\u00e9ricaine.\n<\/p>\n<p>Selon les premi\u00e8res estimations d&rsquo;Eurostat, la zone euro a affich\u00e9 un exc\u00e9dent de 1 milliard d&rsquo;euros dans ses \u00e9changes de biens avec le reste du monde en ao\u00fbt, contre un exc\u00e9dent de 3 milliards d&rsquo;euros un an plus t\u00f4t.\n<\/p>\n<p>Les exportations de biens se sont \u00e9tablies \u00e0 205,9 milliards d&rsquo;euros, soit une baisse de 4,7% par rapport \u00e0 ao\u00fbt 2024 (216 milliards d&rsquo;euros).<br \/>\n<br \/>Les exportations de l&rsquo;Union europ\u00e9enne vers les \u00c9tats-Unis se sont contract\u00e9es de 22%, pour ne plus faire appara\u00eetre qu&rsquo;un exc\u00e9dent commercial de 6,5 milliards d&rsquo;euros avec la premi\u00e8re \u00e9conomie mondiale, contre +15,3 milliards un an auparavant.\n<\/p>\n<p>Les importations de biens en provenance du reste du monde se sont \u00e9tablies \u00e0 204,9 milliards d&rsquo;euros, soit une baisse de 3,8% par rapport \u00e0 ao\u00fbt 2024, illustrant l\u00e0 encore la tendance protectionniste qui caract\u00e9rise actuellement les \u00e9changes commerciaux mondiaux.\n<\/p>\n<p>Enfin, notons que l&rsquo;\u00e9conomie britannique a l\u00e9g\u00e8rement rebondi au mois d&rsquo;ao\u00fbt, la bonne sant\u00e9 du secteur industriel ayant permis de plus que compenser la morosit\u00e9 observ\u00e9e dans les services, montrent des donn\u00e9es publi\u00e9es jeudi par l&rsquo;Office national de la statistique (ONS).\n<\/p>\n<p>\u00c0 en croire ces chiffres, le produit int\u00e9rieur brut (PIB) a augment\u00e9 de 0,1% en ao\u00fbt, conform\u00e9ment aux attentes des analystes, apr\u00e8s s&rsquo;\u00eatre contract\u00e9 de 0,1% en juillet.\n<\/p>\n<p>Rappelons aussi que le Fonds mon\u00e9taire international (FMI) a annonc\u00e9 hier soir avoir revu \u00e0 la hausse sa pr\u00e9vision pour la croissance mondiale en 2025 \u00e0 3,2%, soit 0,2% de plus que sa projection de juillet, notamment en raison de l&rsquo;effet positif de l&rsquo;essor de l&rsquo;IA sur la productivit\u00e9.\n<\/p>\n<p>De l&rsquo;autre c\u00f4t\u00e9 de l&rsquo;Atlantique, les r\u00e9sultats robustes publi\u00e9s hier par Bank of America (+5%) et Morgan Stanley (+4,7%) ont l\u00e0 encore confort\u00e9 l&rsquo;id\u00e9e que la dynamique de croissance des b\u00e9n\u00e9fices des soci\u00e9t\u00e9s am\u00e9ricaines demeurait favorable.\n<\/p>\n<p>Sur le front obligataire, le rejet des motions de censure dope les OAT, qui restent stables vers 3,33%, tandis que les Bunds se retendent de +2 pts vers 2,57%.\n<\/p>\n<p>L&rsquo;euro, confort\u00e9 par le sc\u00e9nario politique fran\u00e7ais, se redresse encore de +0,2% face au billet vert, \u00e0 1,166 USD.Le p\u00e9trole rechute de -1,2% vers 61,7 USD, tandis que l&rsquo;or bat un nouveau record \u00e0 4275 USD l&rsquo;once (+1,5%).\n<\/p>\n<p>Dans l&rsquo;actualit\u00e9 des soci\u00e9t\u00e9s tricolores, FDJ United (-3,5%) a publi\u00e9 un chiffre d&rsquo;affaires inf\u00e9rieur aux attentes au titre du 3e trimestre. Dans un communiqu\u00e9 diffus\u00e9 hier soir, le sp\u00e9cialiste des jeux d&rsquo;argent et de hasard indique avoir g\u00e9n\u00e9r\u00e9 un chiffre d&rsquo;affaires de 864 millions d&rsquo;euros sur la p\u00e9riode allant de juillet \u00e0 septembre, soit une hausse de 29% en donn\u00e9es publi\u00e9es par rapport au 3e trimestre 2024.\n<\/p>\n<p>Enfin, Pernod Ricard publie un chiffre d&rsquo;affaires de 2384 MEUR au T1, en baisse de -7,6% en organique et de -14,3% en publi\u00e9. Il a \u00e9t\u00e9 impact\u00e9 par un effet de change n\u00e9gatif de -143 MEUR, principalement d\u00fb au dollar am\u00e9ricain, \u00e0 la roupie indienne et \u00e0 la lire turque, et \u00e0 l&rsquo;impact p\u00e9rim\u00e8tre n\u00e9gatif de -54 MEUR, principalement li\u00e9 \u00e0 la cession des vins.<\/p>\n","protected":false},"excerpt":{"rendered":"La Bourse de Paris poursuit sur sa lanc\u00e9e : apr\u00e8s avoir gagn\u00e9 2% hier, le CAC 40 ajoute&hellip;\n","protected":false},"author":2,"featured_media":15273,"comment_status":"","ping_status":"","sticky":false,"template":"","format":"standard","meta":{"footnotes":""},"categories":[1888],"tags":[400,1111,1928,11,1927,398,408,405,1777,674,1011,27,403,402,399,404,12,1926,626,1925,25,401,406,407],"class_list":{"0":"post-467931","1":"post","2":"type-post","3":"status-publish","4":"format-standard","5":"has-post-thumbnail","7":"category-paris","8":"tag-action-cac-40","9":"tag-actu","10":"tag-actu-paris","11":"tag-actualites","12":"tag-actualites-paris","13":"tag-bourse-de-paris","14":"tag-boursorama","15":"tag-cotations","16":"tag-eu","17":"tag-europe","18":"tag-fr","19":"tag-france","20":"tag-indices-devises","21":"tag-investir","22":"tag-investissement","23":"tag-marche-boursier","24":"tag-news","25":"tag-news-paris","26":"tag-paris","27":"tag-paris-news","28":"tag-republique-francaise","29":"tag-sicav","30":"tag-trackers","31":"tag-warrants"},"share_on_mastodon":{"url":"https:\/\/pubeurope.com\/@fr\/115385024135210733","error":""},"_links":{"self":[{"href":"https:\/\/www.europesays.com\/fr\/wp-json\/wp\/v2\/posts\/467931","targetHints":{"allow":["GET"]}}],"collection":[{"href":"https:\/\/www.europesays.com\/fr\/wp-json\/wp\/v2\/posts"}],"about":[{"href":"https:\/\/www.europesays.com\/fr\/wp-json\/wp\/v2\/types\/post"}],"author":[{"embeddable":true,"href":"https:\/\/www.europesays.com\/fr\/wp-json\/wp\/v2\/users\/2"}],"replies":[{"embeddable":true,"href":"https:\/\/www.europesays.com\/fr\/wp-json\/wp\/v2\/comments?post=467931"}],"version-history":[{"count":0,"href":"https:\/\/www.europesays.com\/fr\/wp-json\/wp\/v2\/posts\/467931\/revisions"}],"wp:featuredmedia":[{"embeddable":true,"href":"https:\/\/www.europesays.com\/fr\/wp-json\/wp\/v2\/media\/15273"}],"wp:attachment":[{"href":"https:\/\/www.europesays.com\/fr\/wp-json\/wp\/v2\/media?parent=467931"}],"wp:term":[{"taxonomy":"category","embeddable":true,"href":"https:\/\/www.europesays.com\/fr\/wp-json\/wp\/v2\/categories?post=467931"},{"taxonomy":"post_tag","embeddable":true,"href":"https:\/\/www.europesays.com\/fr\/wp-json\/wp\/v2\/tags?post=467931"}],"curies":[{"name":"wp","href":"https:\/\/api.w.org\/{rel}","templated":true}]}}