{"id":467937,"date":"2025-10-16T17:31:14","date_gmt":"2025-10-16T17:31:14","guid":{"rendered":"https:\/\/www.europesays.com\/fr\/467937\/"},"modified":"2025-10-16T17:31:14","modified_gmt":"2025-10-16T17:31:14","slug":"plus-dune-dizaine-de-blesses-dans-une-attaque-russe-nocturne-zelensky-denonce-une-double-terreur","status":"publish","type":"post","link":"https:\/\/www.europesays.com\/fr\/467937\/","title":{"rendered":"plus d&rsquo;une dizaine de bless\u00e9s dans une attaque russe nocturne, Zelensky d\u00e9nonce une \u00ab\u00a0double terreur\u00a0\u00bb"},"content":{"rendered":"<p class=\"mb-4 text-lg md:leading-8 break-words\">Les forces russes ont tir\u00e9 un barrage de centaines de drones et de missiles contre l&rsquo;Ukraine dans la nuit de mercredi \u00e0 jeudi, visant plusieurs villes et frappant des cibles civiles et des infrastructures \u00e9nerg\u00e9tiques.<\/p>\n<p class=\"mb-4 text-lg md:leading-8 break-words\">La ville de Nijyn, dans la r\u00e9gion de Tchernihiv, a \u00e9t\u00e9 la cible d&rsquo;un bombardement particuli\u00e8rement intense qui a fait deux bless\u00e9s dans la soir\u00e9e de mercredi. Selon les autorit\u00e9s locales, plusieurs localit\u00e9s ont \u00e9t\u00e9 frapp\u00e9es par une vague de drones russes \u00e0 partir de 19 heures.<\/p>\n<p class=\"mb-4 text-lg md:leading-8 break-words\">Le chef r\u00e9gional de l&rsquo;administration militaire de Tchernihiv, Viacheslav Chaus, affirme que l&rsquo;attaque visait d\u00e9lib\u00e9r\u00e9ment des zones civiles et des centres logistiques qui approvisionnent la r\u00e9gion en eau, en \u00e9lectricit\u00e9 et en ressources, dans le but d&rsquo;intimider les habitants.<\/p>\n<p>Des civils pi\u00e9g\u00e9s par les combats dans le Donbass<\/p>\n<p class=\"mb-4 text-lg md:leading-8 break-words\">Dans l&rsquo;oblast de Soumy, frontalier de la Russie, quatre personnes ont \u00e9t\u00e9 bless\u00e9es dans plus de 135 frappes sur plus d&rsquo;une trentaine de localit\u00e9s dans la r\u00e9gion.<\/p>\n<p class=\"mb-4 text-lg md:leading-8 break-words\">La police indique qu&rsquo;un immeuble d&rsquo;habitation, six r\u00e9sidences, un commerce et plusieurs v\u00e9hicules ont \u00e9t\u00e9 endommag\u00e9s lors des frappes, ainsi que des infrastructures critiques et industrielles.<\/p>\n<p><img alt=\"Un train de passagers d\u00e9truit par une attaque de drone russe contre une gare ferroviaire \u00e0 Shostka, dans la r\u00e9gion de Soumy, en Ukraine, le samedi 4 octobre 2025\" loading=\"lazy\" width=\"808\" height=\"539\" decoding=\"async\" data-nimg=\"1\" class=\"rounded-lg\" style=\"color:transparent\" src=\"https:\/\/www.europesays.com\/fr\/wp-content\/uploads\/2025\/10\/3ae0ed3873f99a6627517b2adc688b59.jpeg\"\/><\/p>\n<p> Un train de passagers d\u00e9truit par une attaque de drone russe contre une gare ferroviaire \u00e0 Shostka, dans la r\u00e9gion de Soumy, en Ukraine, le samedi 4 octobre 2025   &#8211; Kordon Media via AP\/Copyright 2025 The AP. Tous droits r\u00e9serv\u00e9s <\/p>\n<p class=\"mb-4 text-lg md:leading-8 break-words\">La commune de Kostiantynivka \u00e0 Donetsk, dans la r\u00e9gion orientale du Donbass, a \u00e9galement \u00e9t\u00e9 frapp\u00e9e dans la nuit de mercredi \u00e0 jeudi.<\/p>\n<p class=\"mb-4 text-lg md:leading-8 break-words\">La Russie a multipli\u00e9 les bombardements dans cette zone ces derni\u00e8res semaines, le Kremlin cherchant \u00e0 renforcer sa position dans le Donbass, l&rsquo;une des lignes de front les plus actives depuis le lancement de l&rsquo;invasion de l&rsquo;Ukraine en f\u00e9vrier 2022.<\/p>\n<p class=\"mb-4 text-lg md:leading-8 break-words\">Les autorit\u00e9s ukrainiennes s&rsquo;efforcent d&rsquo;organiser l&rsquo;\u00e9vacuation des habitants de la ville pris au pi\u00e8ge par les combats et les frappes incessantes.<\/p>\n<p>Strat\u00e9gie de \u00ab\u00a0double terreur\u00a0\u00bb<\/p>\n<p class=\"mb-4 text-lg md:leading-8 break-words\">Le pr\u00e9sident ukrainien Volodymyr Zelensky a qualifi\u00e9 cette nouvelle vague d&rsquo;attaques de strat\u00e9gie de \u00ab\u00a0double terreur\u00a0\u00bb.<\/p>\n<p class=\"mb-4 text-lg md:leading-8 break-words\">\u00ab\u00a0Il est confirm\u00e9 que les Russes utilisent la double terreur : ils attaquent avec des [drones] Shahed transportant des armes \u00e0 sous-munitions et lancent des frappes r\u00e9p\u00e9t\u00e9es pour blesser les pompiers et les travailleurs du secteur de l&rsquo;\u00e9nergie qui r\u00e9parent les installations endommag\u00e9es\u00a0\u00bb, a-t-il d\u00e9clar\u00e9 dans un message post\u00e9 sur X.<\/p>\n<p class=\"mb-4 text-lg md:leading-8 break-words\">Volodymyr Zelensky affirme que plus de 300 drones et plus de 37 missiles de diff\u00e9rents types, y compris des missiles balistiques, ont \u00e9t\u00e9 lanc\u00e9s lors de l&rsquo;attaque.<\/p>\n<p class=\"mb-4 text-lg md:leading-8 break-words\">Il a \u00e9galement appel\u00e9 \u00e0 renforcer la pression sur Vladimir Poutine pour qu&rsquo;il mette fin \u00e0 l&rsquo;invasion qui dure depuis pr\u00e8s de quatre ans, estimant que c&rsquo;est le \u00ab\u00a0seul langage\u00a0\u00bb auquel son homologue russe r\u00e9pond.<\/p>\n<p class=\"mb-4 text-lg md:leading-8 break-words\">\u00ab\u00a0Poutine a fait la sourde oreille \u00e0 tout ce que le monde dit, de sorte que le seul langage qui peut encore l&rsquo;atteindre est celui de la pression &#8211; pression par les sanctions et pression par les capacit\u00e9s \u00e0 longue port\u00e9e\u00a0\u00bb, d\u00e9clare Volodymyr Zelensky.<\/p>\n<p class=\"mb-4 text-lg md:leading-8 break-words\">Il a \u00e9galement exhort\u00e9 les dirigeants europ\u00e9ens et occidentaux \u00e0 prendre des \u00ab\u00a0d\u00e9cisions fortes\u00a0\u00bb afin d&rsquo;\u00e9tablir une dynamique de paix en Europe, similaire \u00e0 <a href=\"https:\/\/fr.news.yahoo.com\/paix-%C3%A0-gaza-leurope-restera-050034226.html\" data-ylk=\"slk:celle qui s&#039;est instaur\u00e9e au Moyen-Orient;elm:context_link;itc:0;sec:content-canvas;outcm:mb_qualified_link;_E:mb_qualified_link;ct:story;\" class=\"link  yahoo-link\" rel=\"nofollow noopener\" target=\"_blank\"><strong>celle qui s&rsquo;est instaur\u00e9e au Moyen-Orient<\/strong><\/a> ces derniers jours.<\/p>\n<p>Kyiv poursuit ses attaques contre le secteur \u00e9nerg\u00e9tique russe<\/p>\n<p class=\"mb-4 text-lg md:leading-8 break-words\">Dans le m\u00eame temps, l&rsquo;Ukraine continue \u00e0 frapper le secteur \u00e9nerg\u00e9tique de la Russie \u00e0 l&rsquo;int\u00e9rieur de son territoire, Kyiv ayant annonc\u00e9 jeudi avoir touch\u00e9 une raffinerie de p\u00e9trole dans la r\u00e9gion de Saratov, dans l&rsquo;ouest de la Russie.<\/p>\n<p class=\"mb-4 text-lg md:leading-8 break-words\">Les forces d&rsquo;op\u00e9rations sp\u00e9ciales ukrainiennes (SSO) ont confirm\u00e9 l&rsquo;attaque, d\u00e9clarant qu&rsquo;elles avaient port\u00e9 un coup majeur \u00e0 cette raffinerie qu&rsquo;elles avaient d\u00e9j\u00e0 frapp\u00e9e il y a exactement un mois, le 16 septembre.<\/p>\n<p class=\"mb-4 text-lg md:leading-8 break-words\">\u00ab\u00a0La raffinerie de Saratov est l&rsquo;une des plus anciennes entreprises russes de raffinage du p\u00e9trole, anciennement connue sous le nom d&rsquo;usine de craquage, et fait partie de la compagnie p\u00e9troli\u00e8re Rosneft\u00a0\u00bb, a d\u00e9clar\u00e9 la SSO dans un message sur les r\u00e9seaux sociaux.<\/p>\n<p class=\"mb-4 text-lg md:leading-8 break-words\">\u00ab\u00a0Le volume de traitement du p\u00e9trole \u00e0 partir de 2020 est de 7,2 millions de tonnes, et en 2023, il est de 4,8 millions de tonnes\u00a0\u00bb, affirme-t-elle.<\/p>\n","protected":false},"excerpt":{"rendered":"Les forces russes ont tir\u00e9 un barrage de centaines de drones et de missiles contre l&rsquo;Ukraine dans la&hellip;\n","protected":false},"author":2,"featured_media":467938,"comment_status":"","ping_status":"","sticky":false,"template":"","format":"standard","meta":{"footnotes":""},"categories":[1590],"tags":[11,1777,674,5493,2794,12,220,134],"class_list":{"0":"post-467937","1":"post","2":"type-post","3":"status-publish","4":"format-standard","5":"has-post-thumbnail","7":"category-ukraine","8":"tag-actualites","9":"tag-eu","10":"tag-europe","11":"tag-lukraine","12":"tag-la-region","13":"tag-news","14":"tag-ukraine","15":"tag-volodymyr-zelensky"},"share_on_mastodon":{"url":"https:\/\/pubeurope.com\/@fr\/115385040572446613","error":""},"_links":{"self":[{"href":"https:\/\/www.europesays.com\/fr\/wp-json\/wp\/v2\/posts\/467937","targetHints":{"allow":["GET"]}}],"collection":[{"href":"https:\/\/www.europesays.com\/fr\/wp-json\/wp\/v2\/posts"}],"about":[{"href":"https:\/\/www.europesays.com\/fr\/wp-json\/wp\/v2\/types\/post"}],"author":[{"embeddable":true,"href":"https:\/\/www.europesays.com\/fr\/wp-json\/wp\/v2\/users\/2"}],"replies":[{"embeddable":true,"href":"https:\/\/www.europesays.com\/fr\/wp-json\/wp\/v2\/comments?post=467937"}],"version-history":[{"count":0,"href":"https:\/\/www.europesays.com\/fr\/wp-json\/wp\/v2\/posts\/467937\/revisions"}],"wp:featuredmedia":[{"embeddable":true,"href":"https:\/\/www.europesays.com\/fr\/wp-json\/wp\/v2\/media\/467938"}],"wp:attachment":[{"href":"https:\/\/www.europesays.com\/fr\/wp-json\/wp\/v2\/media?parent=467937"}],"wp:term":[{"taxonomy":"category","embeddable":true,"href":"https:\/\/www.europesays.com\/fr\/wp-json\/wp\/v2\/categories?post=467937"},{"taxonomy":"post_tag","embeddable":true,"href":"https:\/\/www.europesays.com\/fr\/wp-json\/wp\/v2\/tags?post=467937"}],"curies":[{"name":"wp","href":"https:\/\/api.w.org\/{rel}","templated":true}]}}