{"id":467944,"date":"2025-10-16T17:35:11","date_gmt":"2025-10-16T17:35:11","guid":{"rendered":"https:\/\/www.europesays.com\/fr\/467944\/"},"modified":"2025-10-16T17:35:11","modified_gmt":"2025-10-16T17:35:11","slug":"le-projet-de-defense-europeenne-dans-la-main-de-pekin","status":"publish","type":"post","link":"https:\/\/www.europesays.com\/fr\/467944\/","title":{"rendered":"le projet de d\u00e9fense europ\u00e9enne dans la main de P\u00e9kin"},"content":{"rendered":"<p>Les dirigeants europ\u00e9ens sont pris de court \u00e0 une semaine de leur sommet \u00e0 Bruxelles\u00a0: la <a class=\"Link\" href=\"https:\/\/www.lepoint.fr\/tags\/chine\" data-gtm=\"click:capsule\" data-capsule=\"Lien\" target=\"_blank\" rel=\"noopener\">Chine<\/a> vient de d\u00e9placer cinq\u00a0pions strat\u00e9giques sur sa carte g\u00e9opolitique.\u00a0Le 9\u00a0octobre dernier, le minist\u00e8re chinois du Commerce a publi\u00e9 <a class=\"Link\" href=\"https:\/\/perma.cc\/7A9J-WGZR\" target=\"_blank\" title=\"\" data-gtm=\"click:capsule\" data-capsule=\"Lien\" rel=\"noopener\">l&rsquo;avis n\u00b061<\/a> imposant les restrictions les plus s\u00e9v\u00e8res jamais \u00e9dict\u00e9es sur l&rsquo;exportation de cinq\u00a0nouveaux mat\u00e9riaux\u00a0critiques\u00a0: holmium, erbium, thulium, europium, ytterbium.<\/p>\n<p>Ils s&rsquo;ajoutent \u00e0 une premi\u00e8re liste de sept\u00a0mat\u00e9riaux critiques publi\u00e9e\u00a0en avril. Mais les mesures d\u00e9cid\u00e9es le 9\u00a0octobre vont bien au-del\u00e0. Toute entreprise devra d\u00e9sormais obtenir une licence de P\u00e9kin pour exporter un produit contenant ne serait-ce que 0,1\u00a0% de terres rares chinoises.<\/p>\n<p>Un seuil d\u00e9risoire qui transforme chaque vis de missile en otage potentiel de la diplomatie chinoise.\u00a0Le cou&#8230;<\/p>\n<p>Toute l\u2019actualit\u00e9 \u00e0 1\u20ac le premier mois<\/p>\n<p><a href=\"https:\/\/abo.lepoint.fr\/?provenance=21EDI020098\" class=\"btn\" title=\"S&#039;abonner\" data-gtm=\"click:abo|display:abo\" data-campaign=\"paywall_maison\" target=\"_blank\" rel=\"noopener\">S&rsquo;abonner<\/a><\/p>\n<p>ou<\/p>\n","protected":false},"excerpt":{"rendered":"Les dirigeants europ\u00e9ens sont pris de court \u00e0 une semaine de leur sommet \u00e0 Bruxelles\u00a0: la Chine vient&hellip;\n","protected":false},"author":2,"featured_media":467945,"comment_status":"","ping_status":"","sticky":false,"template":"","format":"standard","meta":{"footnotes":""},"categories":[1586],"tags":[11,309,554,75,1777,674,1011,27,12,25,364],"class_list":{"0":"post-467944","1":"post","2":"type-post","3":"status-publish","4":"format-standard","5":"has-post-thumbnail","7":"category-europe","8":"tag-actualites","9":"tag-chine","10":"tag-defense","11":"tag-donald-trump","12":"tag-eu","13":"tag-europe","14":"tag-fr","15":"tag-france","16":"tag-news","17":"tag-republique-francaise","18":"tag-union-europeenne"},"share_on_mastodon":{"url":"https:\/\/pubeurope.com\/@fr\/115385055548681827","error":""},"_links":{"self":[{"href":"https:\/\/www.europesays.com\/fr\/wp-json\/wp\/v2\/posts\/467944","targetHints":{"allow":["GET"]}}],"collection":[{"href":"https:\/\/www.europesays.com\/fr\/wp-json\/wp\/v2\/posts"}],"about":[{"href":"https:\/\/www.europesays.com\/fr\/wp-json\/wp\/v2\/types\/post"}],"author":[{"embeddable":true,"href":"https:\/\/www.europesays.com\/fr\/wp-json\/wp\/v2\/users\/2"}],"replies":[{"embeddable":true,"href":"https:\/\/www.europesays.com\/fr\/wp-json\/wp\/v2\/comments?post=467944"}],"version-history":[{"count":0,"href":"https:\/\/www.europesays.com\/fr\/wp-json\/wp\/v2\/posts\/467944\/revisions"}],"wp:featuredmedia":[{"embeddable":true,"href":"https:\/\/www.europesays.com\/fr\/wp-json\/wp\/v2\/media\/467945"}],"wp:attachment":[{"href":"https:\/\/www.europesays.com\/fr\/wp-json\/wp\/v2\/media?parent=467944"}],"wp:term":[{"taxonomy":"category","embeddable":true,"href":"https:\/\/www.europesays.com\/fr\/wp-json\/wp\/v2\/categories?post=467944"},{"taxonomy":"post_tag","embeddable":true,"href":"https:\/\/www.europesays.com\/fr\/wp-json\/wp\/v2\/tags?post=467944"}],"curies":[{"name":"wp","href":"https:\/\/api.w.org\/{rel}","templated":true}]}}