{"id":467946,"date":"2025-10-16T17:36:23","date_gmt":"2025-10-16T17:36:23","guid":{"rendered":"https:\/\/www.europesays.com\/fr\/467946\/"},"modified":"2025-10-16T17:36:23","modified_gmt":"2025-10-16T17:36:23","slug":"cybersecurite-lunion-europeenne-face-aux-cybermenaces","status":"publish","type":"post","link":"https:\/\/www.europesays.com\/fr\/467946\/","title":{"rendered":"Cybers\u00e9curit\u00e9 : l&rsquo;Union europ\u00e9enne face aux cybermenaces"},"content":{"rendered":"<p>\tCybers\u00e9curit\u00e9 : l&rsquo;Union europ\u00e9enne face aux cybermenaces &#8211; Touteleurope.eu<\/p>\n<p>\t\t<img decoding=\"async\" alt=\"fermer\" class=\"close-info\" src=\"https:\/\/www.touteleurope.eu\/wp-content\/themes\/toute_leurope\/assets\/images\/close-picto-blue.svg\"\/><\/p>\n<p>Touteleurope.eu est le site p\u00e9dagogique de r\u00e9f\u00e9rence sur les questions europ\u00e9ennes : <a href=\"https:\/\/www.touteleurope.eu\/qui-sommes-nous\/\" target=\"_blank\" rel=\"noopener\">Qui sommes-nous ?<\/a><\/p>\n<p><img decoding=\"async\" class=\"logo-pdf\" alt=\"Toute L'Europe \u2013 Comprendre l'Europe\" src=\"data:image\/svg+xml,%3Csvg%20xmlns=\" http:=\"\" data-lazy-src=\"https:\/\/www.touteleurope.eu\/wp-content\/themes\/toute_leurope\/assets\/images\/logo-ttl.svg\"\/><\/p>\n","protected":false},"excerpt":{"rendered":"Cybers\u00e9curit\u00e9 : l&rsquo;Union europ\u00e9enne face aux cybermenaces &#8211; Touteleurope.eu Touteleurope.eu est le site p\u00e9dagogique de r\u00e9f\u00e9rence sur les&hellip;\n","protected":false},"author":2,"featured_media":467947,"comment_status":"","ping_status":"","sticky":false,"template":"","format":"standard","meta":{"footnotes":""},"categories":[1586],"tags":[11,1075,554,59183,4777,1777,674,1779,1011,27,223,310,12,4125,32155,25,132,1778,364],"class_list":{"0":"post-467946","1":"post","2":"type-post","3":"status-publish","4":"format-standard","5":"has-post-thumbnail","7":"category-europe","8":"tag-actualites","9":"tag-cybersecurite","10":"tag-defense","11":"tag-donnees-personnelles-rgpd","12":"tag-espionnage","13":"tag-eu","14":"tag-europe","15":"tag-european-union","16":"tag-fr","17":"tag-france","18":"tag-intelligence-artificielle","19":"tag-internet","20":"tag-news","21":"tag-numerique","22":"tag-politique-spatiale","23":"tag-republique-francaise","24":"tag-russie","25":"tag-ue","26":"tag-union-europeenne"},"share_on_mastodon":{"url":"https:\/\/pubeurope.com\/@fr\/115385060257115558","error":""},"_links":{"self":[{"href":"https:\/\/www.europesays.com\/fr\/wp-json\/wp\/v2\/posts\/467946","targetHints":{"allow":["GET"]}}],"collection":[{"href":"https:\/\/www.europesays.com\/fr\/wp-json\/wp\/v2\/posts"}],"about":[{"href":"https:\/\/www.europesays.com\/fr\/wp-json\/wp\/v2\/types\/post"}],"author":[{"embeddable":true,"href":"https:\/\/www.europesays.com\/fr\/wp-json\/wp\/v2\/users\/2"}],"replies":[{"embeddable":true,"href":"https:\/\/www.europesays.com\/fr\/wp-json\/wp\/v2\/comments?post=467946"}],"version-history":[{"count":0,"href":"https:\/\/www.europesays.com\/fr\/wp-json\/wp\/v2\/posts\/467946\/revisions"}],"wp:featuredmedia":[{"embeddable":true,"href":"https:\/\/www.europesays.com\/fr\/wp-json\/wp\/v2\/media\/467947"}],"wp:attachment":[{"href":"https:\/\/www.europesays.com\/fr\/wp-json\/wp\/v2\/media?parent=467946"}],"wp:term":[{"taxonomy":"category","embeddable":true,"href":"https:\/\/www.europesays.com\/fr\/wp-json\/wp\/v2\/categories?post=467946"},{"taxonomy":"post_tag","embeddable":true,"href":"https:\/\/www.europesays.com\/fr\/wp-json\/wp\/v2\/tags?post=467946"}],"curies":[{"name":"wp","href":"https:\/\/api.w.org\/{rel}","templated":true}]}}