{"id":467961,"date":"2025-10-16T17:46:10","date_gmt":"2025-10-16T17:46:10","guid":{"rendered":"https:\/\/www.europesays.com\/fr\/467961\/"},"modified":"2025-10-16T17:46:10","modified_gmt":"2025-10-16T17:46:10","slug":"le-grand-prix-des-etats-unis-19e-etape-de-la-saison-de-f1-place-en-risque-lie-a-la-chaleur-lequipe","status":"publish","type":"post","link":"https:\/\/www.europesays.com\/fr\/467961\/","title":{"rendered":"Le Grand Prix des \u00c9tats-Unis, 19e \u00e9tape de la saison de F1, plac\u00e9 \u00ab en risque li\u00e9 \u00e0 la chaleur \u00bb &#8211; L&#039;\u00c9quipe"},"content":{"rendered":"<ol>\n<li><a href=\"https:\/\/news.google.com\/rss\/articles\/CBMi2gFBVV95cUxPdDBfWll2Vmd3OWlYc2k0NlVuMGZxRl9HQkxUTnp3RUhiaktJR1k0TWFleWZXU1pTQ0ZIYks4TnduQW1FSFNTMF95NFZQb2hKSnVBam9LR0Rtelc5UUEzVFN0bUQ5eFNuUTFSQW1PcWRXaElwTzNPYlVJTjQ0Vk8zbHZ4WWxuVXI0MVAzVEZVWnhTeFVoU2x1dFRpM0NsSGdVa3FBbGFrQlY5bWJNbGRacVQxM0psMmVnY1VqZDhyOXh2VEM1eUhETFZ0ZkM0XzROcjBULUdfN1FxZw?oc=5\" target=\"_blank\" rel=\"nofollow noopener\">Le Grand Prix des \u00c9tats-Unis, 19e \u00e9tape de la saison de F1, plac\u00e9 \u00ab en risque li\u00e9 \u00e0 la chaleur \u00bb<\/a>&nbsp;&nbsp;L&rsquo;\u00c9quipe<\/li>\n<li><a href=\"https:\/\/news.google.com\/rss\/articles\/CBMixgFBVV95cUxOclFVeGVRT2ttVXdERjA2WlhDSzU1eTdwRWVpMDRsRWFLYjFJS2pUWW1rVXVZdXNXelZTTkZVdy1HZkhic3RZQVh0aEE3eWlvOW1YXzJaazk0d3h6cC14U0c0M2tvaDZ1VGo1dUllSGFDUUNsTkY3dl9INzdPd2M0S1k4U0RPTGlFeGphSktJdS1xNDJzdlFyWXdMMW1FWEs3eGlZTGFkWUdidVNmM2h0SE56enZ4YXRKdTM1aDZnRTY4ZXpOdGc?oc=5\" target=\"_blank\" rel=\"nofollow noopener\">Grand Prix F1 des \u00c9tats-Unis 2025 : programme TV complet et horaires<\/a>&nbsp;&nbsp;Les Num\u00e9riques<\/li>\n<li><a href=\"https:\/\/news.google.com\/rss\/articles\/CBMiiwFBVV95cUxNc3ZmT0JsZFBUcFpOVjk4bnduRWNGOW1MNUpmcklVSHZpekxtcjZOTjZfOUdoTDBDZlBDTFJVOWhkRUJGR0ZkNDJiTmVHRzhWWC1GRDluclBOMENSWHMwVG50ZmVudUFXajFTcjNWS21fNkpDNmxCNjFBTk52aUJYQVpEbGF2amxlRElJ?oc=5\" target=\"_blank\" rel=\"nofollow noopener\">Grand Prix des \u00c9tats-Unis 2025 : tout sur la course<\/a>&nbsp;&nbsp;Winamax<\/li>\n<li><a href=\"https:\/\/news.google.com\/rss\/articles\/CBMi2wFBVV95cUxNTlBYRkF5MERRNWxHRXBhMTltTDBEOTVGSFd0QlV4eWVCbDBqbnE3alJnMlRKVksyMGJTTUR4XzhlSWhLLUNQendZRkQybC1FbUhlOE5fRzcyQ2pPMXdFUTlxZXFPOUVVN2xvc3MxQkZjc2xMc2hvNFFPMkVGTGI3YW8wZXVyM0VTUzNfTDdnaERzSU5SbEhINWg2d1B1VkZ6WndkNzY2c2lHMkVvRVRCanBsX011czIyV0JpWGFvRDBMYXpVYjNfRl9NRGQ4Qk9qdUxXY1Y3Qk1RZGs?oc=5\" target=\"_blank\" rel=\"nofollow noopener\">Formule 1: apr\u00e8s Singapour, l&rsquo;alerte fortes chaleurs de nouveau d\u00e9clench\u00e9e ce week-end au Texas<\/a>&nbsp;&nbsp;Le Figaro<\/li>\n<li><a href=\"https:\/\/news.google.com\/rss\/articles\/CBMiwwFBVV95cUxOQ3l0MzgtWmMxRXBSbFBqQ1NYZUZxUUUyU1RrejFkZDdFVkJfUEt0SHJtZml4ci1jMjZld2JreVJxT3c0WlBGMFZvX1htQlJseUNIVEt6cVJWa2x3RUVDX1ZwVVVFa0Z3SVU3Q3lRM0RFYmhUNVlRRTVsWGR5eWpOSGctSkZVN0dIUnRiWGM1aVZDc3ZUWkJNUTVxYllEVjRJTlRrUlpUNkpRVkQxZnZzR2FpZE1XVU04NHd0a0cyZWFBWEU?oc=5\" target=\"_blank\" rel=\"nofollow noopener\">Trois Grand Prix aux \u00c9tats-Unis, comment la Formule 1 tente de s\u00e9duire le public am\u00e9ricain<\/a>&nbsp;&nbsp;Sud Ouest<\/li>\n<\/ol>\n","protected":false},"excerpt":{"rendered":"Le Grand Prix des \u00c9tats-Unis, 19e \u00e9tape de la saison de F1, plac\u00e9 \u00ab en risque li\u00e9 \u00e0&hellip;\n","protected":false},"author":2,"featured_media":467962,"comment_status":"","ping_status":"","sticky":false,"template":"","format":"standard","meta":{"footnotes":""},"categories":[1412],"tags":[1451,1452,1453,1454,1455,1011,27,60],"class_list":{"0":"post-467961","1":"post","2":"type-post","3":"status-publish","4":"format-standard","5":"has-post-thumbnail","7":"category-f1","8":"tag-f1","9":"tag-formula-1","10":"tag-formula1","11":"tag-formule-1","12":"tag-formule1","13":"tag-fr","14":"tag-france","15":"tag-sports"},"share_on_mastodon":{"url":"https:\/\/pubeurope.com\/@fr\/115385098888548132","error":""},"_links":{"self":[{"href":"https:\/\/www.europesays.com\/fr\/wp-json\/wp\/v2\/posts\/467961","targetHints":{"allow":["GET"]}}],"collection":[{"href":"https:\/\/www.europesays.com\/fr\/wp-json\/wp\/v2\/posts"}],"about":[{"href":"https:\/\/www.europesays.com\/fr\/wp-json\/wp\/v2\/types\/post"}],"author":[{"embeddable":true,"href":"https:\/\/www.europesays.com\/fr\/wp-json\/wp\/v2\/users\/2"}],"replies":[{"embeddable":true,"href":"https:\/\/www.europesays.com\/fr\/wp-json\/wp\/v2\/comments?post=467961"}],"version-history":[{"count":0,"href":"https:\/\/www.europesays.com\/fr\/wp-json\/wp\/v2\/posts\/467961\/revisions"}],"wp:featuredmedia":[{"embeddable":true,"href":"https:\/\/www.europesays.com\/fr\/wp-json\/wp\/v2\/media\/467962"}],"wp:attachment":[{"href":"https:\/\/www.europesays.com\/fr\/wp-json\/wp\/v2\/media?parent=467961"}],"wp:term":[{"taxonomy":"category","embeddable":true,"href":"https:\/\/www.europesays.com\/fr\/wp-json\/wp\/v2\/categories?post=467961"},{"taxonomy":"post_tag","embeddable":true,"href":"https:\/\/www.europesays.com\/fr\/wp-json\/wp\/v2\/tags?post=467961"}],"curies":[{"name":"wp","href":"https:\/\/api.w.org\/{rel}","templated":true}]}}