{"id":467963,"date":"2025-10-16T17:47:15","date_gmt":"2025-10-16T17:47:15","guid":{"rendered":"https:\/\/www.europesays.com\/fr\/467963\/"},"modified":"2025-10-16T17:47:15","modified_gmt":"2025-10-16T17:47:15","slug":"un-nouveau-partenaire-et-un-nouveau-nom-pour-marni-nside-actualite","status":"publish","type":"post","link":"https:\/\/www.europesays.com\/fr\/467963\/","title":{"rendered":"Un nouveau partenaire et un nouveau nom pour Marni-N&rsquo;side &#8211; Actualit\u00e9"},"content":{"rendered":"<p style=\"text-align: justify;\">Le Team Marni-N&rsquo;side change de nom pour 2026. L&rsquo;\u00e9quipe du Grand Est a renforc\u00e9 son partenariat avec la ville de Vittel, et deviendra ainsi le Team Vittel N&rsquo;side l&rsquo;an prochain.<\/p>\n<p>2e de la derni\u00e8re Coupe de France N2, l&rsquo;\u00e9quipe port\u00e9e par Val\u00e9ry Vermion a d\u00e9j\u00e0 annonc\u00e9 qu&rsquo;<strong><a href=\"https:\/\/www.directvelo.com\/actualite\/122995\/le-team-marni-nside-candidat-a-la-n1\" target=\"_blank\" rel=\"noopener\">elle \u00e9tait candidate au label N1<\/a><\/strong>, durant l&rsquo;\u00e9t\u00e9. Son recrutement a d\u00e9j\u00e0 commenc\u00e9 avec plusieurs arriv\u00e9es, \u00e9galement au sein du staff, puisque\u00a0<strong><a href=\"https:\/\/www.directvelo.com\/actualite\/123232\/un-nouveau-club-pour-denis-reperant\" target=\"_blank\" rel=\"noopener\">Denis Rep\u00e9rant am\u00e8nera son exp\u00e9rience<\/a><\/strong> l&rsquo;an prochain dans la voiture.<\/p>\n<p>Avec le directeur sportif d&rsquo;Hexagone, ce sont trois coureurs de la N1 lyonnaise qui font le m\u00eame trajet : Simon Robin, Louis Dudek et Arthur Blanc, en plus de Hugo Beurey (VC Villefranche Beaujolais) et du Canadien L\u00e9o Roy (Premier Tech X Endo Levis).<\/p>\n<p>L&rsquo;\u00e9quipe existe pour rappel depuis l&rsquo;hiver 2023-2024, apr\u00e8s la scission avec le Team Macadam&rsquo;s Cowboys.<\/p>\n","protected":false},"excerpt":{"rendered":"Le Team Marni-N&rsquo;side change de nom pour 2026. L&rsquo;\u00e9quipe du Grand Est a renforc\u00e9 son partenariat avec la&hellip;\n","protected":false},"author":2,"featured_media":467964,"comment_status":"","ping_status":"","sticky":false,"template":"","format":"standard","meta":{"footnotes":""},"categories":[1411],"tags":[834,828,836,829,837,827,83,826,824,823,1154,207,814,817,815,816,822,821,832,211,839,1011,27,820,818,819,835,831,830,833,838,60,212,208,825],"class_list":{"0":"post-467963","1":"post","2":"type-post","3":"status-publish","4":"format-standard","5":"has-post-thumbnail","7":"category-cyclisme","8":"tag-attaque","9":"tag-belgique","10":"tag-braquet","11":"tag-bretagne","12":"tag-chute","13":"tag-competition","14":"tag-coupe-de-france","15":"tag-coureur","16":"tag-course-cyclisme","17":"tag-course-cycliste","18":"tag-cycling","19":"tag-cyclisme","20":"tag-direct","21":"tag-direct-velo","22":"tag-directvelo","23":"tag-directvelo-com","24":"tag-epreuve","25":"tag-epreuve-cycliste","26":"tag-federation-francaise-de-cyclisme","27":"tag-ffc","28":"tag-flandres","29":"tag-fr","30":"tag-france","31":"tag-live","32":"tag-live-course","33":"tag-live-epreuve","34":"tag-peloton","35":"tag-radio-peloton","36":"tag-radio-tour","37":"tag-ravitaillement","38":"tag-relance","39":"tag-sports","40":"tag-uci","41":"tag-velo","42":"tag-velos"},"share_on_mastodon":{"url":"https:\/\/pubeurope.com\/@fr\/115385102715937828","error":""},"_links":{"self":[{"href":"https:\/\/www.europesays.com\/fr\/wp-json\/wp\/v2\/posts\/467963","targetHints":{"allow":["GET"]}}],"collection":[{"href":"https:\/\/www.europesays.com\/fr\/wp-json\/wp\/v2\/posts"}],"about":[{"href":"https:\/\/www.europesays.com\/fr\/wp-json\/wp\/v2\/types\/post"}],"author":[{"embeddable":true,"href":"https:\/\/www.europesays.com\/fr\/wp-json\/wp\/v2\/users\/2"}],"replies":[{"embeddable":true,"href":"https:\/\/www.europesays.com\/fr\/wp-json\/wp\/v2\/comments?post=467963"}],"version-history":[{"count":0,"href":"https:\/\/www.europesays.com\/fr\/wp-json\/wp\/v2\/posts\/467963\/revisions"}],"wp:featuredmedia":[{"embeddable":true,"href":"https:\/\/www.europesays.com\/fr\/wp-json\/wp\/v2\/media\/467964"}],"wp:attachment":[{"href":"https:\/\/www.europesays.com\/fr\/wp-json\/wp\/v2\/media?parent=467963"}],"wp:term":[{"taxonomy":"category","embeddable":true,"href":"https:\/\/www.europesays.com\/fr\/wp-json\/wp\/v2\/categories?post=467963"},{"taxonomy":"post_tag","embeddable":true,"href":"https:\/\/www.europesays.com\/fr\/wp-json\/wp\/v2\/tags?post=467963"}],"curies":[{"name":"wp","href":"https:\/\/api.w.org\/{rel}","templated":true}]}}