{"id":467967,"date":"2025-10-16T17:49:13","date_gmt":"2025-10-16T17:49:13","guid":{"rendered":"https:\/\/www.europesays.com\/fr\/467967\/"},"modified":"2025-10-16T17:49:13","modified_gmt":"2025-10-16T17:49:13","slug":"ce-fan-club-de-taylor-swift-est-gere-par-un-homme-95-ans-depuis-son-ehpad-americain","status":"publish","type":"post","link":"https:\/\/www.europesays.com\/fr\/467967\/","title":{"rendered":"Ce fan-club de Taylor Swift est g\u00e9r\u00e9 par un homme 95 ans depuis son Ehpad am\u00e9ricain"},"content":{"rendered":"<p> \u00abJe m\u2019appelle Franck et je viens d\u2019avoir 95 ans ici, \u00e0 Omaha dans le Nebraska. [\u2026] J\u2019ai v\u00e9cu assez longtemps pour savoir que le v\u00e9ritable amour est le cadeau le plus rare qu\u2019une personne puisse recevoir, et je le vois en vous deux\u00a0\u00bb. Ces mots, ce sont ceux que Frank Uryasz Jr. a \u00e9crits dans une lettre \u00e0 <a href=\"https:\/\/www.20minutes.fr\/arts-stars\/people\/taylor_swift\/\" class=\"c-link c-link--is-underlined\" target=\"_blank\" rel=\"noopener\">Taylor Swift<\/a> et son compagnon, le joueur de football am\u00e9ricain Travis Kelce, qui ont officialis\u00e9 leurs fian\u00e7ailles l\u2019\u00e9t\u00e9 dernier. <a href=\"https:\/\/www.20minutes.fr\/monde\/etats-unis\/\" class=\"c-link c-link--is-underlined\" target=\"_blank\" rel=\"noopener\">L\u2019Am\u00e9ricain<\/a> est fan de la chanteuse, raconte <a href=\"https:\/\/www.washingtonpost.com\/lifestyle\/2025\/10\/14\/taylor-swift-fan-club-omaha-retirement-community\/\" rel=\"nofollow noopener\" target=\"_blank\" class=\"c-link c-link--is-underlined\">The Washington Post<\/a> ce mardi.<\/p>\n<p>Trois r\u00e9unions par semaine<\/p>\n<p>Sa passion pour la star est telle qu\u2019il a cr\u00e9\u00e9 au sein de sa <a href=\"https:\/\/www.20minutes.fr\/dossier\/maison_de_retraite\" class=\"c-link c-link--is-underlined\" target=\"_blank\" rel=\"noopener\">maison de retraite<\/a> un fan-club qui compte une centaine de membres. Parmi ceux-ci on trouve des r\u00e9sidents mais aussi du personnel de l\u2019\u00e9tablissement, qui se retrouvent trois fois par semaine pour \u00e9voquer l\u2019interpr\u00e8te de Shake It Off. Les morceaux de la chanteuse r\u00e9sonnent quant \u00e0 eux lors de diverses activit\u00e9s organis\u00e9es dans l\u2019Ehpad, d\u00e9crit <a href=\"https:\/\/www.tf1info.fr\/culture\/aux-etats-unis-un-fan-de-95-ans-gere-un-fan-club-de-taylor-swift-en-maison-de-retraite-2400718.html\" rel=\"nofollow noopener\" target=\"_blank\" class=\"c-link c-link--is-underlined\">TF1 Info<\/a>.<\/p>\n<\/p>\n<p>Dans son courrier au c\u00e9l\u00e8bre couple, Frank Uryasz Jr a tenu \u00e0 \u00ab\u00a0adresser \u00e0 tous les deux mes f\u00e9licitations les plus chaleureuses\u00a0\u00bb. Mais le nonag\u00e9naire qui se d\u00e9place avec un d\u00e9ambulateur sur lequel est inscrit \u00ab\u00a0I Love Taylor\u00a0\u00bb a aussi formul\u00e9 une demande \u00e0 la star\u00a0: Qu\u2019elle vienne jouer au bingo avec eux dans le Nebraska. L\u2019invitation est lanc\u00e9e. En attendant, les \u00e9quipes de Taylor Swift ont envoy\u00e9 des cadeaux aux membres de cet original fan-club.<\/p>\n","protected":false},"excerpt":{"rendered":"\u00abJe m\u2019appelle Franck et je viens d\u2019avoir 95 ans ici, \u00e0 Omaha dans le Nebraska. [\u2026] J\u2019ai v\u00e9cu&hellip;\n","protected":false},"author":2,"featured_media":467968,"comment_status":"","ping_status":"","sticky":false,"template":"","format":"standard","meta":{"footnotes":""},"categories":[1359],"tags":[58,12216,59,73,1011,27,973,2713],"class_list":{"0":"post-467967","1":"post","2":"type-post","3":"status-publish","4":"format-standard","5":"has-post-thumbnail","7":"category-people","8":"tag-divertissement","9":"tag-ehpad","10":"tag-entertainment","11":"tag-etats-unis","12":"tag-fr","13":"tag-france","14":"tag-people","15":"tag-taylor-swift"},"share_on_mastodon":{"url":"https:\/\/pubeurope.com\/@fr\/115385110739724629","error":""},"_links":{"self":[{"href":"https:\/\/www.europesays.com\/fr\/wp-json\/wp\/v2\/posts\/467967","targetHints":{"allow":["GET"]}}],"collection":[{"href":"https:\/\/www.europesays.com\/fr\/wp-json\/wp\/v2\/posts"}],"about":[{"href":"https:\/\/www.europesays.com\/fr\/wp-json\/wp\/v2\/types\/post"}],"author":[{"embeddable":true,"href":"https:\/\/www.europesays.com\/fr\/wp-json\/wp\/v2\/users\/2"}],"replies":[{"embeddable":true,"href":"https:\/\/www.europesays.com\/fr\/wp-json\/wp\/v2\/comments?post=467967"}],"version-history":[{"count":0,"href":"https:\/\/www.europesays.com\/fr\/wp-json\/wp\/v2\/posts\/467967\/revisions"}],"wp:featuredmedia":[{"embeddable":true,"href":"https:\/\/www.europesays.com\/fr\/wp-json\/wp\/v2\/media\/467968"}],"wp:attachment":[{"href":"https:\/\/www.europesays.com\/fr\/wp-json\/wp\/v2\/media?parent=467967"}],"wp:term":[{"taxonomy":"category","embeddable":true,"href":"https:\/\/www.europesays.com\/fr\/wp-json\/wp\/v2\/categories?post=467967"},{"taxonomy":"post_tag","embeddable":true,"href":"https:\/\/www.europesays.com\/fr\/wp-json\/wp\/v2\/tags?post=467967"}],"curies":[{"name":"wp","href":"https:\/\/api.w.org\/{rel}","templated":true}]}}