{"id":467971,"date":"2025-10-16T17:51:13","date_gmt":"2025-10-16T17:51:13","guid":{"rendered":"https:\/\/www.europesays.com\/fr\/467971\/"},"modified":"2025-10-16T17:51:13","modified_gmt":"2025-10-16T17:51:13","slug":"un-thriller-historique-et-mystique-entre-lausanne-et-le-gers-avec-gerbert-darchambault-de-corinne-badoux","status":"publish","type":"post","link":"https:\/\/www.europesays.com\/fr\/467971\/","title":{"rendered":"Un thriller historique et mystique entre Lausanne et le Gers avec \u00ab\u00a0Gerbert d\u2019Archambault\u00a0\u00bb de Corinne Badoux"},"content":{"rendered":"<p>\n                                                                    l&rsquo;essentiel<br \/>\n                                                                L\u2019autrice suisse Corinne Badoux invite \u00e0 plonger dans les secrets d\u2019une fable initiatique solidement ancr\u00e9e dans la culture gersoise. Elle sera \u00e0 Condom pour un rencontre d\u00e9dicace samedi 25\u00a0octobre.\n                            <\/p>\n<p>La Gascogne rayonne loin de ses terres. Tr\u00e8s loin m\u00eame puisque c\u2019est l\u00e0 qu\u2019une autrice helv\u00e8te a choisi de planter le d\u00e9cor de son dernier roman. Si Corinne Badoux a choisi le Gers et pr\u00e9cis\u00e9ment le Condomois pour installer son r\u00e9cit, c\u2019est qu\u2019elle conna\u00eet bien la r\u00e9gion. \u00ab\u00a0Dans mon enfance, j\u2019ai appris \u00e0 nager \u00e0 la piscine municipale de Condom\u00a0; nous logions \u00e0 la maison Pr\u00e9 Vert sur la route de Lectoure et notre cousine Margot S\u00e9ailles avait un salon de coiffure\u2026 rue Gambetta\u00a0!\u00a0\u00bb, explique Corinne Badoux. Une rue o\u00f9 l\u2019auteure sera samedi 25\u00a0octobre au matin pour d\u00e9dicacer son ouvrage \u00e0 la librairie du Chat pitre 32.<\/p>\n<p>Ce roman, c\u2019est \u00ab\u00a0Gerbert d\u2019Archambault, b\u00e2tard, moine et voleur\u00a0\u00bb, dont la trame plonge le lecteur entre le d\u00e9but du XIIIe\u00a0si\u00e8cle et nos jours. \u00ab\u00a0L\u2019intrigue d\u00e9marre dans une abbaye gasconne d\u00e9labr\u00e9e (clin d\u2019\u0153il \u00e0 l\u2019abbaye de Flaran dans les ann\u00e9es 70) o\u00f9 un compagnon tailleur de pierre et le directeur du Drac de Toulouse d\u00e9couvrent un coffret finement ouvrag\u00e9. Ils contactent la m\u00e9di\u00e9viste Maryse S\u00e9ailles qui vient de prendre sa retraite \u00e0 Condom o\u00f9 elle est n\u00e9e. Une enqu\u00eate \u00e0 rebondissements emm\u00e8nera les lecteurs jusqu\u2019en Suisse romande d\u2019o\u00f9 est originaire la famille de Maryse.\u00a0\u00bb<\/p>\n<p>Depuis sa Suisse natale, Corinne Badoux a laiss\u00e9 parler ses souvenirs pour nourrir son roman. \u00ab\u00a0Les personnages sont bons vivants\u00a0: on mange la garbure, le confit et la cr\u00e8me glac\u00e9e aux pruneaux d\u00fbment arros\u00e9e d\u2019Armagnac, on boit le vin sauvage du Gers\u00a0! L\u2019abbaye de Flaran est mentionn\u00e9e, les h\u00e9ros pr\u00eatent serment avec les mousquetaires devant la cath\u00e9drale, et le lyc\u00e9e Bossuet ouvre un laboratoire pour l\u2019examen du tr\u00e9sor. Quant \u00e0 Gerbert au XIIIe\u00a0si\u00e8cle, il vit un profond retournement \u00e0 Larressingle puis enseigne aux gar\u00e7ons, et aux filles, et cr\u00e9e un pigment d\u2019un bleu intense, 100 ans avant le pastel.\u00a0\u00bb<\/p>\n<p>Lors de sa venue \u00e0 Condom, Corinne Badoux sera accompagn\u00e9e de Philippe Chaillou, tailleur de pierre compagnon du Tour de France, venu de Suisse lui aussi, qui lui a inspir\u00e9 le h\u00e9ros de son roman. Une belle double rencontre en perspective.<\/p>\n<p>Rencontre d\u00e9dicace samedi 25\u00a0octobre de 10\u00a0heures \u00e0 12\u00a0h\u00a030, \u00e0 la librairie du Chat pitre 32<\/p>\n","protected":false},"excerpt":{"rendered":"l&rsquo;essentiel L\u2019autrice suisse Corinne Badoux invite \u00e0 plonger dans les secrets d\u2019une fable initiatique solidement ancr\u00e9e dans la&hellip;\n","protected":false},"author":2,"featured_media":467972,"comment_status":"","ping_status":"","sticky":false,"template":"","format":"standard","meta":{"footnotes":""},"categories":[1357],"tags":[1379,58,59,1011,27,1380],"class_list":{"0":"post-467971","1":"post","2":"type-post","3":"status-publish","4":"format-standard","5":"has-post-thumbnail","7":"category-livres","8":"tag-books","9":"tag-divertissement","10":"tag-entertainment","11":"tag-fr","12":"tag-france","13":"tag-livres"},"share_on_mastodon":{"url":"https:\/\/pubeurope.com\/@fr\/115385118501759431","error":""},"_links":{"self":[{"href":"https:\/\/www.europesays.com\/fr\/wp-json\/wp\/v2\/posts\/467971","targetHints":{"allow":["GET"]}}],"collection":[{"href":"https:\/\/www.europesays.com\/fr\/wp-json\/wp\/v2\/posts"}],"about":[{"href":"https:\/\/www.europesays.com\/fr\/wp-json\/wp\/v2\/types\/post"}],"author":[{"embeddable":true,"href":"https:\/\/www.europesays.com\/fr\/wp-json\/wp\/v2\/users\/2"}],"replies":[{"embeddable":true,"href":"https:\/\/www.europesays.com\/fr\/wp-json\/wp\/v2\/comments?post=467971"}],"version-history":[{"count":0,"href":"https:\/\/www.europesays.com\/fr\/wp-json\/wp\/v2\/posts\/467971\/revisions"}],"wp:featuredmedia":[{"embeddable":true,"href":"https:\/\/www.europesays.com\/fr\/wp-json\/wp\/v2\/media\/467972"}],"wp:attachment":[{"href":"https:\/\/www.europesays.com\/fr\/wp-json\/wp\/v2\/media?parent=467971"}],"wp:term":[{"taxonomy":"category","embeddable":true,"href":"https:\/\/www.europesays.com\/fr\/wp-json\/wp\/v2\/categories?post=467971"},{"taxonomy":"post_tag","embeddable":true,"href":"https:\/\/www.europesays.com\/fr\/wp-json\/wp\/v2\/tags?post=467971"}],"curies":[{"name":"wp","href":"https:\/\/api.w.org\/{rel}","templated":true}]}}