{"id":467986,"date":"2025-10-16T17:59:11","date_gmt":"2025-10-16T17:59:11","guid":{"rendered":"https:\/\/www.europesays.com\/fr\/467986\/"},"modified":"2025-10-16T17:59:11","modified_gmt":"2025-10-16T17:59:11","slug":"cette-hausse-de-taxe-que-les-proprietaires-de-logement-nont-pas-vu-venir","status":"publish","type":"post","link":"https:\/\/www.europesays.com\/fr\/467986\/","title":{"rendered":"cette hausse de taxe que les propri\u00e9taires de logement n\u2019ont pas vu venir"},"content":{"rendered":"<p>Les presque 400 pages du projet de loi budg\u00e9taire 2026 de S\u00e9bastien Lecornu n\u2019ont pas encore livr\u00e9 tous leurs secrets. Mais en voil\u00e0 un qui risque de faire bondir les collectivit\u00e9s locales et les contribuables propri\u00e9taires.<\/p>\n<p>\u00c0 la page 107, <a href=\"https:\/\/www.budget.gouv.fr\/documentation\/file-download\/30589\" target=\"_blank\" rel=\"noopener\">le document<\/a> pr\u00e9voit<strong> <\/strong>\u00ab\u00a0une augmentation des tarifs d\u2019environ 10 % par an sur la p\u00e9riode 2026-2030\u00a0\u00bb de la taxe g\u00e9n\u00e9rale sur les activit\u00e9s polluantes (TGAP). Celle-ci est pay\u00e9e par les entreprises sp\u00e9cialis\u00e9es dans le traitement de d\u00e9chets et de leur stockage.<\/p>\n<p>Pour l\u2019\u00c9tat, cette taxe a un objectif environnemental louable : inciter ces professionnels \u00e0 davantage recycler et valoriser les d\u00e9chets, et donc, \u00e0 moins les enfouir dans le sol ou les incin\u00e9rer, les deux pratiques les moins \u00e9cologiques.<\/p>\n<p>Une intention rappel\u00e9e noir sur blanc dans la copie budg\u00e9taire : cette \u00e9volution permet \u00ab\u00a0de faire basculer une incitation fiscale inefficace, via la TVA, vers une incitation fiscale efficace, via la TGAP\u00a0\u00bb. Et d\u2019ajouter\u00a0: \u00ab\u00a0En incitant les d\u00e9tenteurs de d\u00e9chets \u00e0 se d\u00e9tourner du stockage et, dans une moindre mesure, de l\u2019incin\u00e9ration, la r\u00e9forme permettra de favoriser les fili\u00e8res de tri et de valorisation.\u00a0\u00bb<\/p>\n","protected":false},"excerpt":{"rendered":"Les presque 400 pages du projet de loi budg\u00e9taire 2026 de S\u00e9bastien Lecornu n\u2019ont pas encore livr\u00e9 tous&hellip;\n","protected":false},"author":2,"featured_media":467987,"comment_status":"","ping_status":"","sticky":false,"template":"","format":"standard","meta":{"footnotes":""},"categories":[6],"tags":[17,5734,1003,35,3477,33,34,1011,27,4508,151,746,2549],"class_list":{"0":"post-467986","1":"post","2":"type-post","3":"status-publish","4":"format-standard","5":"has-post-thumbnail","7":"category-economie","8":"tag-17","9":"tag-5734","10":"tag-budget","11":"tag-business","12":"tag-cette","13":"tag-economie","14":"tag-economy","15":"tag-fr","16":"tag-france","17":"tag-hausse","18":"tag-les","19":"tag-que","20":"tag-taxe"},"share_on_mastodon":{"url":"https:\/\/pubeurope.com\/@fr\/115385150095592215","error":""},"_links":{"self":[{"href":"https:\/\/www.europesays.com\/fr\/wp-json\/wp\/v2\/posts\/467986","targetHints":{"allow":["GET"]}}],"collection":[{"href":"https:\/\/www.europesays.com\/fr\/wp-json\/wp\/v2\/posts"}],"about":[{"href":"https:\/\/www.europesays.com\/fr\/wp-json\/wp\/v2\/types\/post"}],"author":[{"embeddable":true,"href":"https:\/\/www.europesays.com\/fr\/wp-json\/wp\/v2\/users\/2"}],"replies":[{"embeddable":true,"href":"https:\/\/www.europesays.com\/fr\/wp-json\/wp\/v2\/comments?post=467986"}],"version-history":[{"count":0,"href":"https:\/\/www.europesays.com\/fr\/wp-json\/wp\/v2\/posts\/467986\/revisions"}],"wp:featuredmedia":[{"embeddable":true,"href":"https:\/\/www.europesays.com\/fr\/wp-json\/wp\/v2\/media\/467987"}],"wp:attachment":[{"href":"https:\/\/www.europesays.com\/fr\/wp-json\/wp\/v2\/media?parent=467986"}],"wp:term":[{"taxonomy":"category","embeddable":true,"href":"https:\/\/www.europesays.com\/fr\/wp-json\/wp\/v2\/categories?post=467986"},{"taxonomy":"post_tag","embeddable":true,"href":"https:\/\/www.europesays.com\/fr\/wp-json\/wp\/v2\/tags?post=467986"}],"curies":[{"name":"wp","href":"https:\/\/api.w.org\/{rel}","templated":true}]}}