{"id":467988,"date":"2025-10-16T18:00:17","date_gmt":"2025-10-16T18:00:17","guid":{"rendered":"https:\/\/www.europesays.com\/fr\/467988\/"},"modified":"2025-10-16T18:00:17","modified_gmt":"2025-10-16T18:00:17","slug":"une-bresilienne-suspectee-davoir-empoisonne-quatre-personnes-avec-laide-de-sa-soeur-jumelle","status":"publish","type":"post","link":"https:\/\/www.europesays.com\/fr\/467988\/","title":{"rendered":"Une Br\u00e9silienne suspect\u00e9e d\u2019avoir empoisonn\u00e9 quatre personnes avec l\u2019aide de sa s\u0153ur jumelle"},"content":{"rendered":"<p>Une \u00e9tudiante en droit br\u00e9silienne \u00e2g\u00e9e de 36 ans est soup\u00e7onn\u00e9e d\u2019avoir commis quatre meurtres depuis le d\u00e9but de l\u2019ann\u00e9e\u00a02025 et a \u00e9t\u00e9 arr\u00eat\u00e9e en juillet. Trois hommes et une femme sont en effet d\u00e9c\u00e9d\u00e9s en pr\u00e9sence de la trentenaire ou peu apr\u00e8s l\u2019avoir vue. Les enqu\u00eateurs estiment que la jeune femme aurait b\u00e9n\u00e9fici\u00e9 de plusieurs complicit\u00e9s, \u00e0 commencer par celle de sa s\u0153ur jumelle, inculp\u00e9e ce mardi, rapporte <a href=\"https:\/\/g1.globo.com\/sp\/sao-paulo\/noticia\/2025\/10\/15\/policia-de-sp-indicia-gemea-de-serial-killer-por-4-homicidios-ao-ajudar-irma-a-cometer-crimes.ghtml\" rel=\"nofollow noopener\" target=\"_blank\" class=\"c-link c-link--is-underlined\">Globo<\/a>.<\/p>\n<p>La fille d\u2019une des victimes pourrait elle aussi \u00eatre impliqu\u00e9e. Elle a \u00e9t\u00e9 interpell\u00e9e et plac\u00e9e en d\u00e9tention. Les personnes d\u00e9c\u00e9d\u00e9es sont le propri\u00e9taire de l\u2019appartement occup\u00e9 par la trentenaire ainsi que le compagnon, une amie r\u00e9cemment rencontr\u00e9e et le p\u00e8re d\u2019un ex-camarade de classe de la mise en cause. La mort de ce dernier aurait \u00e9t\u00e9 commandit\u00e9e un membre de sa propre famille.<\/p>\n<p>Des aveux partiels<\/p>\n<p>Une perquisition au domicile de l\u2019\u00e9tudiante a permis de mettre la main sur du terbuphos, un produit agricole consid\u00e9r\u00e9 comme l\u2019un des plus dangereux pesticides, d\u00e9taille <a href=\"https:\/\/www.cnnbrasil.com.br\/nacional\/sudeste\/sp\/quem-e-a-mulher-que-envenenou-feijoada-e-pode-ter-assassinado-ate-4-pessoas\/\" rel=\"nofollow noopener\" target=\"_blank\" class=\"c-link c-link--is-underlined\">CNN Brasil<\/a>. L\u2019exhumation des corps de trois des victimes a permis de confirmer qu\u2019elles avaient succomb\u00e9 \u00e0 un empoisonnement. La trentenaire aurait reconnu deux meurtres, dont celui de son propri\u00e9taire, qui lui aurait adress\u00e9 des \u00ab\u00a0menaces\u00a0\u00bb.<\/p>\n<p>Elle nie en revanche toute responsabilit\u00e9 dans les deux autres d\u00e9c\u00e8s, indique <a href=\"https:\/\/www1.folha.uol.com.br\/cotidiano\/2025\/10\/em-depoimento-suposta-serial-killer-confessa-como-matou-duas-pessoas.shtml\" rel=\"nofollow noopener\" target=\"_blank\" class=\"c-link c-link--is-underlined\">Folha de S\u00e3o Paulo<\/a>. L\u2019enqu\u00eate se poursuit pour tenter de d\u00e9terminer si le poison retrouv\u00e9 chez la suspecte a bien servi aux meurtres ou si une autre substance a \u00e9t\u00e9 administr\u00e9e aux victimes. La justice devra \u00e9galement d\u00e9terminer si l\u2019\u00e9tudiante doit \u00eatre jug\u00e9e par un jury populaire ou non.<\/p>\n","protected":false},"excerpt":{"rendered":"Une \u00e9tudiante en droit br\u00e9silienne \u00e2g\u00e9e de 36 ans est soup\u00e7onn\u00e9e d\u2019avoir commis quatre meurtres depuis le d\u00e9but&hellip;\n","protected":false},"author":2,"featured_media":467989,"comment_status":"","ping_status":"","sticky":false,"template":"","format":"standard","meta":{"footnotes":""},"categories":[5],"tags":[47,11,2548,32328,1067,118,1011,27,14,74,12,28],"class_list":{"0":"post-467988","1":"post","2":"type-post","3":"status-publish","4":"format-standard","5":"has-post-thumbnail","7":"category-international","8":"tag-actualite","9":"tag-actualites","10":"tag-bresil","11":"tag-empoisonnement","12":"tag-enquete","13":"tag-faits-divers","14":"tag-fr","15":"tag-france","16":"tag-international","17":"tag-monde","18":"tag-news","19":"tag-world"},"share_on_mastodon":{"url":"https:\/\/pubeurope.com\/@fr\/115385153981423179","error":""},"_links":{"self":[{"href":"https:\/\/www.europesays.com\/fr\/wp-json\/wp\/v2\/posts\/467988","targetHints":{"allow":["GET"]}}],"collection":[{"href":"https:\/\/www.europesays.com\/fr\/wp-json\/wp\/v2\/posts"}],"about":[{"href":"https:\/\/www.europesays.com\/fr\/wp-json\/wp\/v2\/types\/post"}],"author":[{"embeddable":true,"href":"https:\/\/www.europesays.com\/fr\/wp-json\/wp\/v2\/users\/2"}],"replies":[{"embeddable":true,"href":"https:\/\/www.europesays.com\/fr\/wp-json\/wp\/v2\/comments?post=467988"}],"version-history":[{"count":0,"href":"https:\/\/www.europesays.com\/fr\/wp-json\/wp\/v2\/posts\/467988\/revisions"}],"wp:featuredmedia":[{"embeddable":true,"href":"https:\/\/www.europesays.com\/fr\/wp-json\/wp\/v2\/media\/467989"}],"wp:attachment":[{"href":"https:\/\/www.europesays.com\/fr\/wp-json\/wp\/v2\/media?parent=467988"}],"wp:term":[{"taxonomy":"category","embeddable":true,"href":"https:\/\/www.europesays.com\/fr\/wp-json\/wp\/v2\/categories?post=467988"},{"taxonomy":"post_tag","embeddable":true,"href":"https:\/\/www.europesays.com\/fr\/wp-json\/wp\/v2\/tags?post=467988"}],"curies":[{"name":"wp","href":"https:\/\/api.w.org\/{rel}","templated":true}]}}