{"id":467991,"date":"2025-10-16T18:02:14","date_gmt":"2025-10-16T18:02:14","guid":{"rendered":"https:\/\/www.europesays.com\/fr\/467991\/"},"modified":"2025-10-16T18:02:14","modified_gmt":"2025-10-16T18:02:14","slug":"marwan-barghouti-icone-des-palestiniens-aurait-ete-violemment-moleste-par-des-gardes-israeliens","status":"publish","type":"post","link":"https:\/\/www.europesays.com\/fr\/467991\/","title":{"rendered":"Marwan Barghouti, ic\u00f4ne des Palestiniens, aurait \u00e9t\u00e9 violemment molest\u00e9 par des gardes isra\u00e9liens"},"content":{"rendered":"<p class=\"paragraph text_align_left lp-f-body-02\">Le fils du <a href=\"https:\/\/www.leparisien.fr\/international\/israel\/guerre-israel-hamas-qui-est-marwan-barghouti-le-mandela-palestinien-emprisonne-par-israel-20-03-2024-ZPZDZ7K3LJGLVORCWUDEJUAQ64.php\" target=\"_self\" rel=\"noopener\">Marwan Barghouti<\/a>, Arab, a d\u00e9clar\u00e9 \u00e0 la <a href=\"https:\/\/www.bbc.com\/news\/articles\/cpwvr2xpkz0o\" target=\"_self\" rel=\"noopener\">BBC <\/a>que son p\u00e8re avait \u00e9t\u00e9 violemment agress\u00e9 le 14 septembre par huit gardes isra\u00e9liens lors d\u2019un transfert entre deux prisons. <\/p>\n<p class=\"paragraph text_align_left lp-f-body-02\">L\u2019ancien haut cadre du Fatah, le parti du <a href=\"\" rel=\"\">pr\u00e9sident de l\u2019Autorit\u00e9 palestinienne Mahmoud Abbas<\/a>, purge une peine d\u2019emprisonnement \u00e0 vie pour \u00ab terrorisme \u00bb. D\u2019aucuns jugent qu\u2019il pourrait \u00eatre l\u2019homme providentiel pour diriger un gouvernement palestinien, au grand dam de l\u2019extr\u00eame droite isra\u00e9lienne au pouvoir.<\/p>\n<p>\u00ab Inconscient pendant des heures \u00bb<\/p>\n<p class=\"paragraph text_align_left lp-f-body-02\">Le plus c\u00e9l\u00e8bre prisonnier palestinien, \u00e2g\u00e9 de 66 ans, aurait \u00e9t\u00e9 menott\u00e9 par les gardes, mis par terre, frapp\u00e9 et battu. \u00ab Ils se sont concentr\u00e9s sur la zone de la t\u00eate, ils se sont concentr\u00e9s sur la zone de la poitrine et aussi sur les jambes \u00bb, a relat\u00e9 son fils \u00e0 la cha\u00eene britannique.<\/p>\n<p class=\"paragraph text_align_left lp-f-body-02\">\u00ab Il est rest\u00e9 inconscient pendant des heures, il saignait, et il pouvait \u00e0 peine marcher. \u00bb C\u2019est ce qu\u2019ont rapport\u00e9 cinq <a href=\"https:\/\/www.leparisien.fr\/international\/israel\/accord-a-gaza-qui-sont-les-prisonniers-politiques-palestiniens-liberes-par-israel-14-10-2025-KWCJTC4OSFH7DMGXMJSRLMWAVE.php\" target=\"_self\" rel=\"noopener\">d\u00e9tenus palestiniens lib\u00e9r\u00e9s <\/a>cette semaine dans le cadre de l\u2019\u00e9change avec les otages isra\u00e9liens retenus par le Hamas depuis le 7 octobre 2023.<\/p>\n<p class=\"paragraph text_align_left lp-f-body-02\">Le nom de Marwan <a href=\"https:\/\/www.leparisien.fr\/international\/israel\/pourparlers-sur-gaza-le-hamas-veut-la-liberation-de-marwan-barghouthi-le-plus-celebre-des-detenus-palestiniens-07-10-2025-H6Y5KWJPPRHPDJV4MBEUXENRNM.php\" target=\"_self\" rel=\"noopener\">Barghouti \u00e9tait en t\u00eate cette liste de prisonniers<\/a>, mais Isra\u00ebl a refus\u00e9 de l\u2019inclure.<\/p>\n<p>La famille du leader palestinien \u00ab horrifi\u00e9e \u00bb<\/p>\n<p class=\"paragraph text_align_left lp-f-body-02\">Selon Arab Barghouti, l\u2019agression aurait eu lieu alors que son p\u00e8re avait \u00e9t\u00e9 transf\u00e9r\u00e9 entre les prisons Ganot et Megiddo, car il n\u2019y avait pas de cam\u00e9ras de surveillance.<\/p>\n<p class=\"paragraph text_align_left lp-f-body-02\">Sa famille est \u00ab horrifi\u00e9e \u00bb. En mars 2024, elle avait d\u00e9clar\u00e9 au quotidien isra\u00e9lien <a href=\"https:\/\/www.haaretz.com\/israel-news\/2024-03-19\/ty-article\/.premium\/jailed-palestinian-leader-marwan-barghouti-beaten-with-clubs-by-guards-family-claims\/0000018e-5398-d37a-a1ae-5bf8d11b0000\" target=\"_self\" rel=\"noopener\">Haaretz <\/a>que Marwan Barghouti avait \u00e9t\u00e9 tabass\u00e9 \u00e0 coups de matraque dans une prison de Cisjordanie.<\/p>\n<p class=\"paragraph text_align_left lp-f-body-02\">Le service p\u00e9nitentiaire isra\u00e9lien a d\u00e9clar\u00e9 \u00e0 la BBC : \u00ab Ce sont de fausses affirmations. Le service p\u00e9nitentiaire isra\u00e9lien fonctionne conform\u00e9ment \u00e0 la loi, tout en assurant la s\u00e9curit\u00e9 et la sant\u00e9 de tous les d\u00e9tenus. \u00bb<\/p>\n","protected":false},"excerpt":{"rendered":"Le fils du Marwan Barghouti, Arab, a d\u00e9clar\u00e9 \u00e0 la BBC que son p\u00e8re avait \u00e9t\u00e9 violemment agress\u00e9&hellip;\n","protected":false},"author":2,"featured_media":467992,"comment_status":"","ping_status":"","sticky":false,"template":"","format":"standard","meta":{"footnotes":""},"categories":[2],"tags":[11,1011,27,14,664,12],"class_list":{"0":"post-467991","1":"post","2":"type-post","3":"status-publish","4":"format-standard","5":"has-post-thumbnail","7":"category-actualites","8":"tag-actualites","9":"tag-fr","10":"tag-france","11":"tag-international","12":"tag-israel","13":"tag-news"},"share_on_mastodon":{"url":"https:\/\/pubeurope.com\/@fr\/115385161772886064","error":""},"_links":{"self":[{"href":"https:\/\/www.europesays.com\/fr\/wp-json\/wp\/v2\/posts\/467991","targetHints":{"allow":["GET"]}}],"collection":[{"href":"https:\/\/www.europesays.com\/fr\/wp-json\/wp\/v2\/posts"}],"about":[{"href":"https:\/\/www.europesays.com\/fr\/wp-json\/wp\/v2\/types\/post"}],"author":[{"embeddable":true,"href":"https:\/\/www.europesays.com\/fr\/wp-json\/wp\/v2\/users\/2"}],"replies":[{"embeddable":true,"href":"https:\/\/www.europesays.com\/fr\/wp-json\/wp\/v2\/comments?post=467991"}],"version-history":[{"count":0,"href":"https:\/\/www.europesays.com\/fr\/wp-json\/wp\/v2\/posts\/467991\/revisions"}],"wp:featuredmedia":[{"embeddable":true,"href":"https:\/\/www.europesays.com\/fr\/wp-json\/wp\/v2\/media\/467992"}],"wp:attachment":[{"href":"https:\/\/www.europesays.com\/fr\/wp-json\/wp\/v2\/media?parent=467991"}],"wp:term":[{"taxonomy":"category","embeddable":true,"href":"https:\/\/www.europesays.com\/fr\/wp-json\/wp\/v2\/categories?post=467991"},{"taxonomy":"post_tag","embeddable":true,"href":"https:\/\/www.europesays.com\/fr\/wp-json\/wp\/v2\/tags?post=467991"}],"curies":[{"name":"wp","href":"https:\/\/api.w.org\/{rel}","templated":true}]}}