{"id":467998,"date":"2025-10-16T18:07:57","date_gmt":"2025-10-16T18:07:57","guid":{"rendered":"https:\/\/www.europesays.com\/fr\/467998\/"},"modified":"2025-10-16T18:07:57","modified_gmt":"2025-10-16T18:07:57","slug":"le-trafic-interrompu-momentanement-dans-le-sens-nancy-luneville","status":"publish","type":"post","link":"https:\/\/www.europesays.com\/fr\/467998\/","title":{"rendered":"le trafic interrompu momentan\u00e9ment dans le sens Nancy-Lun\u00e9ville"},"content":{"rendered":"<p>Un camion-benne qui circulait sur l\u2019A33, sens Nancy &#8211; Lun\u00e9ville, ce jeudi 16\u00a0octobre vers 17\u00a0h\u00a030, a pris feu entre les communes de Fl\u00e9ville et Ville-en-Vermois.<\/p>\n<p>Le conducteur du camion sinistr\u00e9 est parvenu \u00e0 se garer sur la bande d\u2019arr\u00eat d\u2019urgence mais, par mesure de s\u00e9curit\u00e9 et pour permettre l\u2019intervention des pompiers, le trafic a \u00e9t\u00e9 interrompu.<\/p>\n<p>Ce contenu est bloqu\u00e9 car vous n&rsquo;avez pas accept\u00e9 les cookies et autres traceurs.<\/p>\n<p>En cliquant sur \u00ab J\u2019accepte \u00bb, les cookies et autres traceurs seront d\u00e9pos\u00e9s et vous pourrez visualiser les contenus  (<a href=\"\" class=\"consentModule_policy\" target=\"_blank\" title=\"Consulter la politique de protection des donn\u00e9es du fournisseur\">plus d&rsquo;informations<\/a>).<\/p>\n<p>En cliquant sur \u00ab J\u2019accepte tous les cookies \u00bb, vous autorisez des d\u00e9p\u00f4ts de cookies et autres traceurs pour le stockage de vos donn\u00e9es sur nos sites et applications \u00e0 des fins de personnalisation et de ciblage publicitaire.<\/p>\n<p class=\"consentModule_secondaryText\">Vous gardez la possibilit\u00e9 de retirer votre consentement \u00e0 tout moment en consultant notre <a href=\"https:\/\/www.estrepublicain.fr\/protection-des-donnees\" target=\"_blank\" title=\"Consulter notre politique de protection des donn\u00e9es\" rel=\"noopener\">politique de protection des donn\u00e9es<\/a>. <br \/>&#13;<br \/>\n            <a href=\"https:\/\/www.estrepublicain.fr\/faits-divers-justice\/2025\/10\/16\/javascript:Didomi.notice.show()\" class=\"consentModule_cmp\" target=\"_blank\" rel=\"noopener\">G\u00e9rer mes choix<\/a>&#13;\n        <\/p>\n<p>&#13;<br \/>\n                        J&rsquo;accepte&#13;<br \/>\n            J&rsquo;accepte tous les cookies&#13;\n        <\/p>\n<p>\u00c0 cette heure de pointe sur cet axe d\u00e9j\u00e0 tr\u00e8s charg\u00e9 en temps normal, un important bouchon s\u2019est form\u00e9.<\/p>\n<p>A 18 h 10, alors que le ralentissement s&rsquo;\u00e9tendait sur pr\u00e8s de 10 km, la pr\u00e9f\u00e9cture de Meurthe-et-Moselle a demand\u00e9 aux usagers de la route de faire preuve de prudence <strong>et \u00ab d&rsquo;\u00e9viter cet axe dans la mesure du possible\u00a0\u00bb<\/strong>.<\/p>\n","protected":false},"excerpt":{"rendered":"Un camion-benne qui circulait sur l\u2019A33, sens Nancy &#8211; Lun\u00e9ville, ce jeudi 16\u00a0octobre vers 17\u00a0h\u00a030, a pris feu&hellip;\n","protected":false},"author":2,"featured_media":467999,"comment_status":"","ping_status":"","sticky":false,"template":"","format":"standard","meta":{"footnotes":""},"categories":[9635],"tags":[119,1111,11,9652,1707,1704,1706,1705,1777,674,274,1011,27,775,1310,3457,1702,12,3456,25,54940],"class_list":{"0":"post-467998","1":"post","2":"type-post","3":"status-publish","4":"format-standard","5":"has-post-thumbnail","7":"category-nancy","8":"tag-accident","9":"tag-actu","10":"tag-actualites","11":"tag-cc-des-pays-du-sel-et-du-vermois-54b","12":"tag-edition-luneville","13":"tag-edition-nancy-et-agglomeration","14":"tag-edition-pont-a-mousson","15":"tag-edition-toul","16":"tag-eu","17":"tag-europe","18":"tag-faits-divers-justice","19":"tag-fr","20":"tag-france","21":"tag-grand-est","22":"tag-incendie","23":"tag-meurthe-et-moselle","24":"tag-nancy","25":"tag-news","26":"tag-region-lorraine","27":"tag-republique-francaise","28":"tag-ville-en-vermois"},"share_on_mastodon":{"url":"https:\/\/pubeurope.com\/@fr\/115385185383792800","error":""},"_links":{"self":[{"href":"https:\/\/www.europesays.com\/fr\/wp-json\/wp\/v2\/posts\/467998","targetHints":{"allow":["GET"]}}],"collection":[{"href":"https:\/\/www.europesays.com\/fr\/wp-json\/wp\/v2\/posts"}],"about":[{"href":"https:\/\/www.europesays.com\/fr\/wp-json\/wp\/v2\/types\/post"}],"author":[{"embeddable":true,"href":"https:\/\/www.europesays.com\/fr\/wp-json\/wp\/v2\/users\/2"}],"replies":[{"embeddable":true,"href":"https:\/\/www.europesays.com\/fr\/wp-json\/wp\/v2\/comments?post=467998"}],"version-history":[{"count":0,"href":"https:\/\/www.europesays.com\/fr\/wp-json\/wp\/v2\/posts\/467998\/revisions"}],"wp:featuredmedia":[{"embeddable":true,"href":"https:\/\/www.europesays.com\/fr\/wp-json\/wp\/v2\/media\/467999"}],"wp:attachment":[{"href":"https:\/\/www.europesays.com\/fr\/wp-json\/wp\/v2\/media?parent=467998"}],"wp:term":[{"taxonomy":"category","embeddable":true,"href":"https:\/\/www.europesays.com\/fr\/wp-json\/wp\/v2\/categories?post=467998"},{"taxonomy":"post_tag","embeddable":true,"href":"https:\/\/www.europesays.com\/fr\/wp-json\/wp\/v2\/tags?post=467998"}],"curies":[{"name":"wp","href":"https:\/\/api.w.org\/{rel}","templated":true}]}}