{"id":468008,"date":"2025-10-16T18:13:11","date_gmt":"2025-10-16T18:13:11","guid":{"rendered":"https:\/\/www.europesays.com\/fr\/468008\/"},"modified":"2025-10-16T18:13:11","modified_gmt":"2025-10-16T18:13:11","slug":"metro-et-bus-a-rouen-une-greve-annoncee-tous-les-weekends-jusqua-la-fin-de-lannee","status":"publish","type":"post","link":"https:\/\/www.europesays.com\/fr\/468008\/","title":{"rendered":"M\u00e9tro et bus \u00e0 Rouen. Une gr\u00e8ve annonc\u00e9e tous les weekends jusqu&rsquo;\u00e0 la fin de l&rsquo;ann\u00e9e"},"content":{"rendered":"<p>            Par<br \/>\n        <strong><br \/>\n            <a href=\"https:\/\/actu.fr\/auteur\/julien-bouteiller\" title=\"Consulter tous les articles de Julien Bouteiller\" rel=\"nofollow noopener\" target=\"_blank\">Julien Bouteiller<\/a><br \/>\n        <\/strong><\/p>\n<p>        Publi\u00e9 le<\/p>\n<p>            16 oct. 2025 \u00e0 19h56        <\/p>\n<p><strong>Vers une nouvelle gr\u00e8ve sur la dur\u00e9e dans les transports rouennais ?<\/strong> La CGT de Transdev Rouen (<a href=\"https:\/\/actu.fr\/normandie\/rouen_76540\/vous-ne-le-saviez-peut-etre-pas-mais-la-tcar-n-existe-plus_57395867.html\" rel=\"nofollow noopener\" target=\"_blank\">ex TCAR<\/a>) a d\u00e9pos\u00e9<strong> un pr\u00e9avis pour un mouvement d\u00e9butant le 22 octobre 2025<\/strong> sur <a href=\"https:\/\/actu.fr\/tag\/reseau-astuce-tcar\" rel=\"nofollow noopener\" target=\"_blank\">le r\u00e9seau Astuce<\/a>. Il pourrait affecter la circulation des bus et tramways <strong>jusqu\u2019\u00e0 la fin de l\u2019ann\u00e9e.<\/strong><\/p>\n<p>Une gr\u00e8ve tous les samedis dans les transports<\/p>\n<p class=\" wall-content\">Le pr\u00e9avis a \u00e9t\u00e9 publi\u00e9 ce jeudi 16 octobre 2025 et <strong>il court jusqu\u2019au 28 d\u00e9cembre<\/strong>. Il concerne l\u2019ensemble du personnel roulant et non-roulant. La CGT annonce un mouvement tous les weekends \u00e0 compter de celui du 25 octobre, <strong>du samedi 2h15 au dimanche m\u00eame heure<\/strong>. De quoi potentiellement perturber la circulation sur les lignes du R\u00e9seau Astuce durant les samedis de cette fin d\u2019ann\u00e9e.<\/p>\n<p class=\" wall-content\">Dans le pr\u00e9avis, la CGT revendique \u00ab\u00a0l\u2019int\u00e9gration des temps annexes des conducteurs dans les services journaliers\u00a0\u00bb, ainsi que \u00ab\u00a0l\u2019arr\u00eat des appels \u00e0 la sous-traitance\u00a0\u00bb. La sous-traitance concerne le service All\u00f4 M\u00e9tro Bus, d\u00e9volu \u00e0 une plateforme \u00e0 Auxerre.\u00a0<\/p>\n<p class=\" wall-content\">Reste \u00e0 voir d\u00e9sormais si de nouvelles n\u00e9gociations pourraient d\u00e9bloquer la situation et \u00e9viter la gr\u00e8ve, et si cette derni\u00e8re est attaqu\u00e9e ou non au tribunal administratif.<\/p>\n<p>Suivez l\u2019actualit\u00e9 de Rouen <a href=\"https:\/\/www.whatsapp.com\/channel\/0029VaKfnf99hXF2ddApFB1D\" rel=\"nofollow noopener\" target=\"_blank\">sur notre cha\u00eene WhatsApp<\/a> et <a href=\"https:\/\/www.tiktok.com\/@76actu.fr?lang=fr\" rel=\"nofollow noopener\" target=\"_blank\">sur notre compte TikTok<\/a><\/p>\n<p class=\" wall-content\">Personnalisez votre actualit\u00e9 en ajoutant vos villes et m\u00e9dias en favori avec <a href=\"https:\/\/moncompte.actu.fr\" title=\"D\u00e9couvez Mon Actu\" rel=\"nofollow noopener\" data-trk=\"{&quot;cta&quot;:{&quot;action&quot;:&quot;https:\\\/\\\/moncompte.actu.fr&quot;,&quot;category&quot;:&quot;mon compte&quot;,&quot;from&quot;:&quot;article footer&quot;,&quot;name&quot;:&quot;Mon actu&quot;,&quot;type&quot;:&quot;cta&quot;}}\" target=\"_blank\">Mon Actu<\/a>.<\/p>\n<p>                    <script async src=\"\/\/www.tiktok.com\/embed.js\"><\/script><\/p>\n","protected":false},"excerpt":{"rendered":"Par Julien Bouteiller Publi\u00e9 le 16 oct. 2025 \u00e0 19h56 Vers une nouvelle gr\u00e8ve sur la dur\u00e9e dans&hellip;\n","protected":false},"author":2,"featured_media":468009,"comment_status":"","ping_status":"","sticky":false,"template":"","format":"standard","meta":{"footnotes":""},"categories":[9587],"tags":[1111,11,1777,674,1011,27,12,5161,25,9726,9590,104,2803],"class_list":{"0":"post-468008","1":"post","2":"type-post","3":"status-publish","4":"format-standard","5":"has-post-thumbnail","7":"category-rouen","8":"tag-actu","9":"tag-actualites","10":"tag-eu","11":"tag-europe","12":"tag-fr","13":"tag-france","14":"tag-news","15":"tag-normandie","16":"tag-republique-francaise","17":"tag-reseau-astuce-tcar","18":"tag-rouen","19":"tag-societe","20":"tag-transport"},"share_on_mastodon":{"url":"https:\/\/pubeurope.com\/@fr\/115385205133689007","error":""},"_links":{"self":[{"href":"https:\/\/www.europesays.com\/fr\/wp-json\/wp\/v2\/posts\/468008","targetHints":{"allow":["GET"]}}],"collection":[{"href":"https:\/\/www.europesays.com\/fr\/wp-json\/wp\/v2\/posts"}],"about":[{"href":"https:\/\/www.europesays.com\/fr\/wp-json\/wp\/v2\/types\/post"}],"author":[{"embeddable":true,"href":"https:\/\/www.europesays.com\/fr\/wp-json\/wp\/v2\/users\/2"}],"replies":[{"embeddable":true,"href":"https:\/\/www.europesays.com\/fr\/wp-json\/wp\/v2\/comments?post=468008"}],"version-history":[{"count":0,"href":"https:\/\/www.europesays.com\/fr\/wp-json\/wp\/v2\/posts\/468008\/revisions"}],"wp:featuredmedia":[{"embeddable":true,"href":"https:\/\/www.europesays.com\/fr\/wp-json\/wp\/v2\/media\/468009"}],"wp:attachment":[{"href":"https:\/\/www.europesays.com\/fr\/wp-json\/wp\/v2\/media?parent=468008"}],"wp:term":[{"taxonomy":"category","embeddable":true,"href":"https:\/\/www.europesays.com\/fr\/wp-json\/wp\/v2\/categories?post=468008"},{"taxonomy":"post_tag","embeddable":true,"href":"https:\/\/www.europesays.com\/fr\/wp-json\/wp\/v2\/tags?post=468008"}],"curies":[{"name":"wp","href":"https:\/\/api.w.org\/{rel}","templated":true}]}}