{"id":468018,"date":"2025-10-16T18:18:12","date_gmt":"2025-10-16T18:18:12","guid":{"rendered":"https:\/\/www.europesays.com\/fr\/468018\/"},"modified":"2025-10-16T18:18:12","modified_gmt":"2025-10-16T18:18:12","slug":"le-cep-lorient-doit-reprendre-sa-marche-en-avant-lors-du-derby-contre-rennes-en-n1","status":"publish","type":"post","link":"https:\/\/www.europesays.com\/fr\/468018\/","title":{"rendered":"Le Cep Lorient doit reprendre sa marche en avant lors du derby contre Rennes en\u00a0N1"},"content":{"rendered":"<p>Nationale 1 (6e journ\u00e9e) : Rennes &#8211; CEP Lorient &#8211; vendredi (20 h)<\/p>\n<p>Les Lorientais ont conc\u00e9d\u00e9 leur premi\u00e8re d\u00e9faite de la saison face \u00e0 Levallois, seul leader de cette poule A. Un revers qui s\u2019est jou\u00e9 dans les ultimes minutes apr\u00e8s avoir fait la course en t\u00eate durant 35 minutes avant de voir leur avance fondre comme neige au soleil en butant sur la zone francilienne.<\/p>\n<p>Les \u00e9quipiers de Mathieu Robin se doivent de redresser la barre, ce vendredi, sur le parquet rennais pour un derby qui s\u2019annonce disput\u00e9. Le petit coup de pied aux fesses qui doit, dor\u00e9navant, faire comprendre que rien n\u2019est acquis tant que le coup de sifflet final n\u2019a pas retenti. Lorient a une \u00e9quipe d\u2019exp\u00e9rience et de caract\u00e8re, capable d\u2019\u00eatre \u00e0 r\u00e9action, mais pour cela, le Cep doit mettre le bleu de chauffe.<\/p>\n","protected":false},"excerpt":{"rendered":"Nationale 1 (6e journ\u00e9e) : Rennes &#8211; CEP Lorient &#8211; vendredi (20 h) Les Lorientais ont conc\u00e9d\u00e9 leur&hellip;\n","protected":false},"author":2,"featured_media":468019,"comment_status":"","ping_status":"","sticky":false,"template":"","format":"standard","meta":{"footnotes":""},"categories":[2821],"tags":[1111,11,1465,829,1777,674,1011,27,1781,12,584,25,60],"class_list":{"0":"post-468018","1":"post","2":"type-post","3":"status-publish","4":"format-standard","5":"has-post-thumbnail","7":"category-rennes","8":"tag-actu","9":"tag-actualites","10":"tag-basket","11":"tag-bretagne","12":"tag-eu","13":"tag-europe","14":"tag-fr","15":"tag-france","16":"tag-lorient","17":"tag-news","18":"tag-rennes","19":"tag-republique-francaise","20":"tag-sports"},"share_on_mastodon":{"url":"https:\/\/pubeurope.com\/@fr\/115385224739404184","error":""},"_links":{"self":[{"href":"https:\/\/www.europesays.com\/fr\/wp-json\/wp\/v2\/posts\/468018","targetHints":{"allow":["GET"]}}],"collection":[{"href":"https:\/\/www.europesays.com\/fr\/wp-json\/wp\/v2\/posts"}],"about":[{"href":"https:\/\/www.europesays.com\/fr\/wp-json\/wp\/v2\/types\/post"}],"author":[{"embeddable":true,"href":"https:\/\/www.europesays.com\/fr\/wp-json\/wp\/v2\/users\/2"}],"replies":[{"embeddable":true,"href":"https:\/\/www.europesays.com\/fr\/wp-json\/wp\/v2\/comments?post=468018"}],"version-history":[{"count":0,"href":"https:\/\/www.europesays.com\/fr\/wp-json\/wp\/v2\/posts\/468018\/revisions"}],"wp:featuredmedia":[{"embeddable":true,"href":"https:\/\/www.europesays.com\/fr\/wp-json\/wp\/v2\/media\/468019"}],"wp:attachment":[{"href":"https:\/\/www.europesays.com\/fr\/wp-json\/wp\/v2\/media?parent=468018"}],"wp:term":[{"taxonomy":"category","embeddable":true,"href":"https:\/\/www.europesays.com\/fr\/wp-json\/wp\/v2\/categories?post=468018"},{"taxonomy":"post_tag","embeddable":true,"href":"https:\/\/www.europesays.com\/fr\/wp-json\/wp\/v2\/tags?post=468018"}],"curies":[{"name":"wp","href":"https:\/\/api.w.org\/{rel}","templated":true}]}}