{"id":468022,"date":"2025-10-16T18:20:17","date_gmt":"2025-10-16T18:20:17","guid":{"rendered":"https:\/\/www.europesays.com\/fr\/468022\/"},"modified":"2025-10-16T18:20:17","modified_gmt":"2025-10-16T18:20:17","slug":"municipales-2026-a-strasbourg-thibaut-vinci-prg-appelle-a-lunion-des-gauches","status":"publish","type":"post","link":"https:\/\/www.europesays.com\/fr\/468022\/","title":{"rendered":"Municipales 2026. A Strasbourg, Thibaut Vinci (PRG) appelle \u00e0 l\u2019union des gauches"},"content":{"rendered":"<p>Thibaut Vinci, pr\u00e9sident du PRG \u2013 Le Centre Gauche Alsace et candidat aux municipales de Strasbourg, alerte sur la division de la gauche, d\u00e9sormais repr\u00e9sent\u00e9e par plusieurs candidatures, dont celles de Catherine Trautmann, Jeanne Barseghian et La France insoumise. Selon lui, cette fragmentation risque d\u2019 \u00ab\u200aoffrir la victoire \u00e0 la droite dans une ville sociologiquement ancr\u00e9e \u00e0 gauche\u200a\u00bb.<\/p>\n<p>Tout en affirmant que le PRG \u00ab\u200aira jusqu\u2019au bout si l\u2019union ne se concr\u00e9tise pas\u200a\u00bb, Thibaut Vinci appelle \u00e0 ouvrir sans d\u00e9lai \u00ab\u200ades discussions pour une alliance d\u00e8s le premier tour\u200a\u00bb. Il plaide pour une coalition \u00ab\u200amoderne, dynamique et gagnante qui r\u00e9ponde aux aspirations des Strasbourgeois\u200a\u00bb, capable de porter un projet commun de progr\u00e8s, de solidarit\u00e9 et d\u2019\u00e9cologie.<\/p>\n","protected":false},"excerpt":{"rendered":"Thibaut Vinci, pr\u00e9sident du PRG \u2013 Le Centre Gauche Alsace et candidat aux municipales de Strasbourg, alerte sur&hellip;\n","protected":false},"author":2,"featured_media":468023,"comment_status":"","ping_status":"","sticky":false,"template":"","format":"standard","meta":{"footnotes":""},"categories":[2820],"tags":[1111,11,2880,5949,4188,1777,674,1011,27,775,12,316,25,640],"class_list":{"0":"post-468022","1":"post","2":"type-post","3":"status-publish","4":"format-standard","5":"has-post-thumbnail","7":"category-strasbourg","8":"tag-actu","9":"tag-actualites","10":"tag-edition-strasbourg","11":"tag-elections","12":"tag-elections-municipales","13":"tag-eu","14":"tag-europe","15":"tag-fr","16":"tag-france","17":"tag-grand-est","18":"tag-news","19":"tag-politique","20":"tag-republique-francaise","21":"tag-strasbourg"},"share_on_mastodon":{"url":"https:\/\/pubeurope.com\/@fr\/115385232513489656","error":""},"_links":{"self":[{"href":"https:\/\/www.europesays.com\/fr\/wp-json\/wp\/v2\/posts\/468022","targetHints":{"allow":["GET"]}}],"collection":[{"href":"https:\/\/www.europesays.com\/fr\/wp-json\/wp\/v2\/posts"}],"about":[{"href":"https:\/\/www.europesays.com\/fr\/wp-json\/wp\/v2\/types\/post"}],"author":[{"embeddable":true,"href":"https:\/\/www.europesays.com\/fr\/wp-json\/wp\/v2\/users\/2"}],"replies":[{"embeddable":true,"href":"https:\/\/www.europesays.com\/fr\/wp-json\/wp\/v2\/comments?post=468022"}],"version-history":[{"count":0,"href":"https:\/\/www.europesays.com\/fr\/wp-json\/wp\/v2\/posts\/468022\/revisions"}],"wp:featuredmedia":[{"embeddable":true,"href":"https:\/\/www.europesays.com\/fr\/wp-json\/wp\/v2\/media\/468023"}],"wp:attachment":[{"href":"https:\/\/www.europesays.com\/fr\/wp-json\/wp\/v2\/media?parent=468022"}],"wp:term":[{"taxonomy":"category","embeddable":true,"href":"https:\/\/www.europesays.com\/fr\/wp-json\/wp\/v2\/categories?post=468022"},{"taxonomy":"post_tag","embeddable":true,"href":"https:\/\/www.europesays.com\/fr\/wp-json\/wp\/v2\/tags?post=468022"}],"curies":[{"name":"wp","href":"https:\/\/api.w.org\/{rel}","templated":true}]}}