{"id":468028,"date":"2025-10-16T18:23:30","date_gmt":"2025-10-16T18:23:30","guid":{"rendered":"https:\/\/www.europesays.com\/fr\/468028\/"},"modified":"2025-10-16T18:23:30","modified_gmt":"2025-10-16T18:23:30","slug":"cest-plus-facile-que-daccepter-davoir-tire-sur-quelquun-dendormi-a-nantes-laccusee-mise-a-rude-epreuve","status":"publish","type":"post","link":"https:\/\/www.europesays.com\/fr\/468028\/","title":{"rendered":"\u00ab\u00a0C\u2019est plus facile que d\u2019accepter d\u2019avoir tir\u00e9 sur quelqu\u2019un d\u2019endormi\u00a0?\u00a0\u00bb\u00a0: \u00e0 Nantes, l\u2019accus\u00e9e mise \u00e0 rude \u00e9preuve"},"content":{"rendered":"<p>Il est 11 h, ce jeudi, \u00e0 Nantes, devant la cour d\u2019assises de Loire-Atlantique. La pr\u00e9sidente Karine Laborde vient d\u2019achever l\u2019audition, par visio-conf\u00e9rence, de l\u2019experte psychiatre Carole Barr\u00e9. Cette derni\u00e8re met en \u00e9vidence la \u00ab personnalit\u00e9 cam\u00e9l\u00e9on \u00bb de <a href=\"https:\/\/www.letelegramme.fr\/finistere\/brest-29200\/une-infirmiere-jugee-pendant-quatre-jours-pour-le-meurtre-de-son-conjoint-a-brest-6908220.php\" target=\"_blank\" rel=\"noopener\">l\u2019accus\u00e9e<\/a>, Aur\u00e9lie Censier, l\u2019infirmi\u00e8re qui a tu\u00e9 son conjoint de deux balles dans la t\u00eate, \u00e0 Brest, le 1er avril 2022. Elle s\u2019adapte sans cesse aux attentes suppos\u00e9es de l\u2019autre. Ce fonctionnement d\u00e9coule selon elle d\u2019un \u00e9tat de stress post-traumatique, d\u00fb, non pas \u00e0 un seul \u00e9v\u00e9nement, mais \u00e0 plusieurs chocs traumatiques. \u00ab En situation de stress intense, plus d\u2019\u00e9laboration possible, elle casse, elle annule le pass\u00e9 \u00bb, explique le docteur Barr\u00e9.<\/p>\n<p>\u00ab Avec un maximum d\u2019honn\u00eatet\u00e9 ! \u00bb<\/p>\n<p>La pr\u00e9sidente cl\u00f4t la visioconf\u00e9rence et demande \u00e0 Aur\u00e9lie Censier de se lever. La solennit\u00e9 de l\u2019audience est palpable. \u00ab Madame Censier, vos petites filles vont grandir avec cette histoire. Elles auront besoin d\u2019acc\u00e9der \u00e0 un certain nombre de r\u00e9ponses. Vous \u00eates la seule \u00e0 pouvoir raconter\u2026 \u00bb. Elle l\u2019exhorte : \u00ab Expliquez-nous le d\u00e9roulement de cette soir\u00e9e avec un maximum d\u2019honn\u00eatet\u00e9 ! \u00bb.<\/p>\n<p>Aur\u00e9lie Censier se lance : \u00ab Adrien est revenu de chez son p\u00e8re. Il me dit qu\u2019il veut qu\u2019on se s\u00e9pare. Il me demande de quitter l\u2019appartement avant 6 h du matin. Sur le moment, je ne le crois pas. Il fait venir nos filles et leur dit : \u00ab C\u2019est le dernier dodo de maman \u00e0 la maison \u00bb \u00bb.<\/p>\n<p>La cadette se pend au cou de sa m\u00e8re. Aur\u00e9lie Censier va pr\u00e9parer le d\u00eener \u00ab pour ne pas avoir une discussion devant les enfants. Je les mets au lit, je leur raconte une histoire \u00bb. Sa fille a\u00een\u00e9e ne veut pas lui faire un bisou. \u00ab Elle boudait, elle ne voulait pas que je ne sois plus l\u00e0 \u00bb.<\/p>\n<p>\u00ab Il faut qu\u2019on fasse une sieste \u00bb<\/p>\n<p>Aur\u00e9lie Censier et Adrien S. reprennent leur discussion. Il aurait \u00e9t\u00e9 inflexible. \u00ab Je ne comprenais pas, j\u2019\u00e9tais pr\u00eate \u00e0 accepter les coups (le couple \u00e9tait adepte de relations sadomasochistes, NDLR). Il m\u2019a dit : Tu n\u2019es pas capable de le supporter \u00bb.<\/p>\n<p>Elle commence \u00e0 faire ses affaires. \u00ab Il me dit : Je suis \u00e9nerv\u00e9, il faut qu\u2019on fasse une sieste \u00bb. Le couple avait, en effet, cette habitude de d\u00e9but de soir\u00e9e, pour se lever entre minuit et 1 h du matin. \u00ab On se couche mais on ne dort pas vraiment \u00bb.<\/p>\n<p>Tous deux se seraient r\u00e9veill\u00e9s entre 1 h et 2 h du matin. \u00ab On reprend la discussion. Il maintient qu\u2019il veut que je parte \u00bb.<\/p>\n<p>Elle dit qu\u2019il prend ses m\u00e9dicaments et finit son sachet de coca\u00efne. Sauf qu\u2019elle avait, pr\u00e9c\u00e9demment, affirm\u00e9 qu\u2019il avait ing\u00e9r\u00e9 de l\u2019Alprazolam et du Zopiclone avant leur sieste. Ces m\u00e9dicaments peuvent d\u00e9clencher des somnolences. Alors Adrien S. \u00e9tait-il vraiment \u00e9veill\u00e9 ?<\/p>\n<p>\u00ab Peur de le perdre et de perdre mes enfants \u00bb<\/p>\n<p>Aur\u00e9lie Censier assure que c\u2019\u00e9tait le cas. Lors d\u2019un de ses allers-retours pour r\u00e9unir ses affaires, elle l\u2019aurait entendu lui demander d\u2019aller chercher son arme, \u00ab celle qui est le plus devant sur le meuble. Je lui demande pourquoi. Il me dit : \u00ab Pour une fois dans ta vie, fais ce que je te demande sans poser de questions \u00bb. Quand je reviens, il a son paquet de tabac devant lui, il ne me regarde pas\u2026 \u00bb. Elle pleure.<\/p>\n<p>\u00ab J\u2019ai eu \u00e0 la fois peur de le perdre et de perdre mes enfants, et aussi qu\u2019il retourne l\u2019arme contre moi\u2026 Je regrette mon geste, je ne voyais pas d\u2019autre solution\u2026 \u00bb, raconte-t-elle.<\/p>\n<p>Dans son t\u00e9moignage spontan\u00e9, Aur\u00e9lie Censier a \u00ab zapp\u00e9 \u00bb son premier tir. La pr\u00e9sidente l\u2019a laiss\u00e9 d\u00e9rouler mais va revenir, longuement, sur cette premi\u00e8re sc\u00e8ne : \u00ab Peut-on \u00e9mettre l\u2019hypoth\u00e8se qu\u2019il ne vous a jamais demand\u00e9 d\u2019aller chercher l\u2019arme ? La psychiatre a parl\u00e9 de l\u2019impasse. Vous n\u2019avez pas vu d\u2019issue. Au vu de la fa\u00e7on dont vous fonctionnez depuis des ann\u00e9es, \u00e9tant incapable de r\u00e9soudre des conflits, d\u2019arriver \u00e0 parler, \u00e0 tenter de trouver des solutions, ne peut-on \u00e9mettre l\u2019hypoth\u00e8se que la solution que vous avez vue a \u00e9t\u00e9 de dire : \u00ab Il faut qu\u2019il meure \u00bb ; que vous \u00eates all\u00e9e chercher cette arme, que vous \u00eates revenue dans la chambre et que vous avez tir\u00e9. C\u2019est une hypoth\u00e8se de la cour\u2026 \u00bb.<\/p>\n<p>Aur\u00e9lie Censier, tendue : \u00ab Il m\u2019a demand\u00e9 d\u2019aller chercher l\u2019arme \u00bb.<\/p>\n<p>\u00ab Vous mentez, oui ou non ? \u00bb<\/p>\n<p>Sauf qu\u2019il y a aussi cette histoire de paquet de tabac. La pr\u00e9sidente rappelle \u00e0 l\u2019accus\u00e9e qu\u2019elle racontait \u00ab qu\u2019il se roulait une cigarette, appuy\u00e9e sur un de ses avant-bras, et qu\u2019\u00e0 mon arriv\u00e9e, il tourne la t\u00eate et me demande l\u2019arme \u00bb.<\/p>\n<p>La magistrate rappelle les rapports balistiques, qui mettent en \u00e9vidence que la t\u00eate \u00e9tait appuy\u00e9e contre l\u2019oreiller et n\u2019a pas boug\u00e9. \u00ab Ce n\u2019est pas compatible avec quelqu\u2019un semi-assis, qui se roule une cigarette. Cette sc\u00e8ne n\u2019a vraisemblablement pas exist\u00e9. Vous mentez, oui ou non ? \u00bb.<\/p>\n<p>Aur\u00e9lie Censier, au bord du gouffre : \u00ab C\u2019est peut-\u00eatre quelque chose que je mets dans ma t\u00eate pour accepter plus facilement \u00bb. Karine Laborde : \u00ab C\u2019est plus facile que d\u2019accepter d\u2019avoir tir\u00e9 sur quelqu\u2019un d\u2019endormi ? \u00bb<\/p>\n<p>La pr\u00e9sidente ne l\u00e2che pas l\u2019affaire : \u00ab Ne pensez-vous pas, encore une fois, que l\u2019autre hypoth\u00e8se est qu\u2019il dormait ? Je vous invite \u00e0 le dire, pour les parties civiles et vous-m\u00eame ! Cette culpabilit\u00e9, pour l\u2019affronter, il faut la nommer. C\u2019est pour \u00e7a que j\u2019insiste \u00bb. Aur\u00e9lie Censier, \u00e9plor\u00e9e : \u00ab Je vous assure qu\u2019il n\u2019\u00e9tait pas endormi ! Il me faisait confiance ! \u00bb.<\/p>\n<p>La pr\u00e9sidente : \u00ab Il vous faisait tellement confiance qu\u2019il vous laisse pointer l\u2019arme sur lui, \u00e0 courte distance ! ? \u00bb. L\u2019accus\u00e9e : \u00ab C\u2019est tr\u00e8s rapide, il n\u2019a pas le temps de r\u00e9agir \u00bb.<\/p>\n<p>Karine Laborde : \u00ab Si, il a le temps de r\u00e9agir. Et pourquoi vous tirez dans la t\u00eate. Vous \u00eates une tireuse, vous savez que quand on tire dans la t\u00eate, on tue ! \u00bb. Aur\u00e9lie Censier : \u00ab J\u2019avais peur qu\u2019il me tire dessus ! \u00bb. La pr\u00e9sidente : \u00ab C\u2019est vous qui avez l\u2019arme dans les mains !\u00bb. <\/p>\n","protected":false},"excerpt":{"rendered":"Il est 11 h, ce jeudi, \u00e0 Nantes, devant la cour d\u2019assises de Loire-Atlantique. La pr\u00e9sidente Karine Laborde&hellip;\n","protected":false},"author":2,"featured_media":468029,"comment_status":"","ping_status":"","sticky":false,"template":"","format":"standard","meta":{"footnotes":""},"categories":[2818],"tags":[1111,11,3450,829,6206,765,1777,674,1011,27,303,766,12,2636,25],"class_list":{"0":"post-468028","1":"post","2":"type-post","3":"status-publish","4":"format-standard","5":"has-post-thumbnail","7":"category-nantes","8":"tag-actu","9":"tag-actualites","10":"tag-brest","11":"tag-bretagne","12":"tag-chateaulin","13":"tag-en-continu","14":"tag-eu","15":"tag-europe","16":"tag-fr","17":"tag-france","18":"tag-justice","19":"tag-nantes","20":"tag-news","21":"tag-pays-de-la-loire","22":"tag-republique-francaise"},"share_on_mastodon":{"url":"https:\/\/pubeurope.com\/@fr\/115385244374522245","error":""},"_links":{"self":[{"href":"https:\/\/www.europesays.com\/fr\/wp-json\/wp\/v2\/posts\/468028","targetHints":{"allow":["GET"]}}],"collection":[{"href":"https:\/\/www.europesays.com\/fr\/wp-json\/wp\/v2\/posts"}],"about":[{"href":"https:\/\/www.europesays.com\/fr\/wp-json\/wp\/v2\/types\/post"}],"author":[{"embeddable":true,"href":"https:\/\/www.europesays.com\/fr\/wp-json\/wp\/v2\/users\/2"}],"replies":[{"embeddable":true,"href":"https:\/\/www.europesays.com\/fr\/wp-json\/wp\/v2\/comments?post=468028"}],"version-history":[{"count":0,"href":"https:\/\/www.europesays.com\/fr\/wp-json\/wp\/v2\/posts\/468028\/revisions"}],"wp:featuredmedia":[{"embeddable":true,"href":"https:\/\/www.europesays.com\/fr\/wp-json\/wp\/v2\/media\/468029"}],"wp:attachment":[{"href":"https:\/\/www.europesays.com\/fr\/wp-json\/wp\/v2\/media?parent=468028"}],"wp:term":[{"taxonomy":"category","embeddable":true,"href":"https:\/\/www.europesays.com\/fr\/wp-json\/wp\/v2\/categories?post=468028"},{"taxonomy":"post_tag","embeddable":true,"href":"https:\/\/www.europesays.com\/fr\/wp-json\/wp\/v2\/tags?post=468028"}],"curies":[{"name":"wp","href":"https:\/\/api.w.org\/{rel}","templated":true}]}}