{"id":468040,"date":"2025-10-16T18:29:12","date_gmt":"2025-10-16T18:29:12","guid":{"rendered":"https:\/\/www.europesays.com\/fr\/468040\/"},"modified":"2025-10-16T18:29:12","modified_gmt":"2025-10-16T18:29:12","slug":"dans-le-vieux-lille-la-patisserie-textures-et-son-incroyable-flan-a-la-vanille-seduisent-les-gourmands","status":"publish","type":"post","link":"https:\/\/www.europesays.com\/fr\/468040\/","title":{"rendered":"Dans le Vieux-Lille, la p\u00e2tisserie Textures et son incroyable flan \u00e0 la vanille s\u00e9duisent les gourmands"},"content":{"rendered":"<p>            Par<br \/>\n        <strong><br \/>\n            <a href=\"https:\/\/actu.fr\/auteur\/hervine-mahaud\" title=\"Consulter tous les articles de Hervine Mahaud\" target=\"_blank\" rel=\"noopener\">Hervine Mahaud<\/a><br \/>\n        <\/strong><\/p>\n<p>        Publi\u00e9 le<\/p>\n<p>            16 oct. 2025 \u00e0 19h20        <\/p>\n<p>Install\u00e9 au <b>15 rue de la Coll\u00e9giale dans le Vieux-Lille<\/b>, le <b>chef p\u00e2tissier Benjamin Caunois<\/b> a ouvert sa <b>boutique-salon de th\u00e9 Textures<\/b> le 18 septembre 2025. Un mois plus tard, son <b>flan \u00e0 la vanille<\/b> et ses <b>g\u00e2teaux de saison<\/b> font d\u00e9j\u00e0 chavirer les becs sucr\u00e9s.<\/p>\n<p>\u00ab\u00a0Le samedi, il y a une file d\u2019attente devant la boutique\u00a0\u00bb<\/p>\n<p class=\" wall-content\">Il a encore du sucre plein les mains quand il parle, mais un large sourire aussi. Ce jeudi apr\u00e8s-midi, dans sa p\u00e2tisserie du Vieux-Lille, <b>Benjamin Caunois<\/b> s\u2019affaire entre deux fourn\u00e9es. \u00c0 peine un mois apr\u00e8s l\u2019ouverture de <b>Textures<\/b>, il n\u2019en revient toujours pas : \u00ab\u00a0Le week-end dernier, j\u2019ai vendu 170 g\u00e2teaux le samedi. Et dimanche, je n\u2019avais plus rien \u00e0 12h30.\u00a0\u00bb<\/p>\n<p>    <img   decoding=\"async\" loading=\"lazy\" class=\"size-large\" src=\"https:\/\/www.europesays.com\/fr\/wp-content\/uploads\/2025\/10\/9fe9a9e101f86f3f9a9e101f8d7f9av-960x640.jpg\" alt=\"patisserie salon de the textures vieux lille benjamin caunois\" width=\"960\" height=\"640\"\/><br \/>\n    Le p\u00e2tissier Benjamin Caunois est \u00ab\u00a0fatigu\u00e9\u00a0\u00bb, mais \u00ab\u00a0heureux\u00a0\u00bb. \u00a9Hervine Mahaud<\/p>\n<p data-end=\"1468\" class=\" wall-content\">La file d\u2019attente devant la vitrine est devenue un rituel du samedi. Et la star du comptoir, c\u2019est son <b data-end=\"1264\">flan vanille de Madagascar<\/b>. \u00ab\u00a0J\u2019ai des clients qui viennent juste pour \u00e7a !\u00a0\u00bb, sourit-il. P\u00e2te feuillet\u00e9e pur beurre, cr\u00e8me \u00e0 flan aux gousses enti\u00e8res, cr\u00e9meux vanille onctueux : simple, net, sans chichi. Et redoutablement bon.<\/p>\n<p>Des desserts de saison et des producteurs du coin<\/p>\n<p class=\" wall-content\">Chaque mois, la carte \u00e9volue au gr\u00e9 des r\u00e9coltes. Apr\u00e8s les m\u00fbres, Benjamin est pass\u00e9 \u00e0 la <b>butternut bio<\/b>, transform\u00e9e en un g\u00e2teau fa\u00e7on \u2018pumpkin pie\u2019 : p\u00e2te sucr\u00e9e, pralin\u00e9 aux graines de courge, cr\u00e9meux vanille et graines caram\u00e9lis\u00e9es. Six euros la pi\u00e8ce, et le go\u00fbt du travail bien fait.<\/p>\n<p class=\" wall-content\"><a href=\"https:\/\/www.instagram.com\/p\/DPErOtfDKec\/embed\" title=\"Ouvrir le lien sur Instagram\" target=\"_blank\" rel=\"noopener\">Visualiser le contenu sur Instagram<\/a><\/p>\n<p class=\" wall-content\">Autre cr\u00e9ation du moment : la <b>tarte pommes tatin et sarrasin<\/b>. Les pommes bio viennent du <b>Verger d\u2019Ohain (Nord)<\/b>, confites au four, avec un crumble \u00e0 la farine de sarrasin locale et une chantilly infus\u00e9e \u00e0 la m\u00eame c\u00e9r\u00e9ale. \u00ab\u00a0Je travaille avec le mara\u00eecher Philippe Lallau, il fournit pas mal de restos du coin\u00a0\u00bb, pr\u00e9cise Benjamin. Chez lui, la provenance n\u2019est jamais un d\u00e9tail : \u0153ufs de Bailleul, beurre de Saint-Jans-Cappel, farine d\u2019Hazebrouck.<\/p>\n<p>Une vision simple : de la p\u00e2tisserie fine, mais pas luxe<\/p>\n<p class=\" wall-content\">Avant d\u2019ouvrir sa boutique le <b>18 septembre<\/b>, Benjamin Caunois a longtemps offici\u00e9 dans des maisons prestigieuses : le Clarance, la Laiterie de Lambersart, des tables \u00e9toil\u00e9es en r\u00e9gion parisienne, jusqu\u2019\u00e0 un restaurant d\u2019exception en Australie.<\/p>\n<p>Votre r\u00e9gion, votre actu !<\/p>\n<p>Recevez chaque jour les infos qui comptent pour vous.<\/p>\n<p>\t<a href=\"https:\/\/actu.fr\/newsletter\" class=\"ac-btn ac-btn--corner ac-btn--medium ac-btn--blue800\" target=\"_blank\" rel=\"noopener\">S&rsquo;incrire<\/a><\/p>\n<p class=\" wall-content\">\u00c0 32 ans, il voulait \u00ab\u00a0ramener tout \u00e7a \u00e0 Lille\u00a0\u00bb, mais \u00e0 sa mani\u00e8re. \u00ab\u00a0Je veux rester accessible, que les gens se fassent plaisir sans se ruiner.\u00a0\u00bb Comptez entre 6 et 7 euros pour un g\u00e2teau format individuel.<\/p>\n<p>    <img   decoding=\"async\" loading=\"lazy\" class=\"size-large\" src=\"https:\/\/www.europesays.com\/fr\/wp-content\/uploads\/2025\/10\/5b22f9e101f86df22f9e101f8c332fv-960x640.jpg\" alt=\"patisserie salon de the textures vieux lille benjamin caunois\" width=\"960\" height=\"640\"\/><br \/>\n    Son flan \u00e0 la vanille est d\u00e9j\u00e0 culte\u2026 \u00a9Hervine Mahaud<\/p>\n<p class=\" wall-content\">Derri\u00e8re le comptoir vitr\u00e9, quatre p\u00e2tisseries seulement, dont deux signatures : le <b>chocolat de Colombie<\/b>, tout en textures de cacao, et le fameux <b>flan vanille<\/b>. Les deux resteront \u00e0 la carte toute l\u2019ann\u00e9e. \u00ab\u00a0Peut-\u00eatre que j\u2019enl\u00e8verai le chocolat l\u2019\u00e9t\u00e9, pour mettre plus de fruits.\u00a0\u00bb<\/p>\n<p>Un salon de th\u00e9 qui prend racine<\/p>\n<p class=\" wall-content\">Textures, c\u2019est aussi un lieu de vie. Quinze places assises, bient\u00f4t une terrasse, et des boissons choisies avec soin : <b>kombuchas brass\u00e9s \u00e0 Wambrechies<\/b>, <b>sodas artisanaux<\/b>, caf\u00e9s du torr\u00e9facteur nordiste <b>Potj\u2019Caf\u00e9<\/b>, th\u00e9s <b>Kusmi<\/b>, et un <b>chocolat chaud signature<\/b> d\u00e9j\u00e0 culte. \u00ab\u00a0Une dame vient plusieurs fois par semaine juste pour \u00e7a\u00a0\u00bb, sourit le p\u00e2tissier.<\/p>\n<p class=\" wall-content\">Un mois apr\u00e8s l\u2019ouverture, il mesure \u00e0 peine ce qui se passe. \u00ab\u00a0Je suis fatigu\u00e9, mais heureux. Les gens sont bienveillants, hyper gentils.\u00a0\u00bb Le Vieux-Lille, lui, a trouv\u00e9 un nouveau repaire pour les becs sucr\u00e9s.\u00a0<\/p>\n<p class=\" wall-content\">Personnalisez votre actualit\u00e9 en ajoutant vos villes et m\u00e9dias en favori avec <a href=\"https:\/\/moncompte.actu.fr\" title=\"D\u00e9couvez Mon Actu\" rel=\"nofollow noopener\" data-trk=\"{&quot;cta&quot;:{&quot;action&quot;:&quot;https:\\\/\\\/moncompte.actu.fr&quot;,&quot;category&quot;:&quot;mon compte&quot;,&quot;from&quot;:&quot;article footer&quot;,&quot;name&quot;:&quot;Mon actu&quot;,&quot;type&quot;:&quot;cta&quot;}}\" target=\"_blank\">Mon Actu<\/a>.<\/p>\n<p>                    <script async src=\"\/\/www.instagram.com\/embed.js\"><\/script><\/p>\n","protected":false},"excerpt":{"rendered":"Par Hervine Mahaud Publi\u00e9 le 16 oct. 2025 \u00e0 19h20 Install\u00e9 au 15 rue de la Coll\u00e9giale dans&hellip;\n","protected":false},"author":2,"featured_media":468041,"comment_status":"","ping_status":"","sticky":false,"template":"","format":"standard","meta":{"footnotes":""},"categories":[2815],"tags":[1111,11,33,1777,674,1011,27,811,1307,12,3147,25],"class_list":{"0":"post-468040","1":"post","2":"type-post","3":"status-publish","4":"format-standard","5":"has-post-thumbnail","7":"category-lille","8":"tag-actu","9":"tag-actualites","10":"tag-economie","11":"tag-eu","12":"tag-europe","13":"tag-fr","14":"tag-france","15":"tag-hauts-de-france","16":"tag-lille","17":"tag-news","18":"tag-nouveaux-commerces","19":"tag-republique-francaise"},"share_on_mastodon":{"url":"https:\/\/pubeurope.com\/@fr\/115385269330610874","error":""},"_links":{"self":[{"href":"https:\/\/www.europesays.com\/fr\/wp-json\/wp\/v2\/posts\/468040","targetHints":{"allow":["GET"]}}],"collection":[{"href":"https:\/\/www.europesays.com\/fr\/wp-json\/wp\/v2\/posts"}],"about":[{"href":"https:\/\/www.europesays.com\/fr\/wp-json\/wp\/v2\/types\/post"}],"author":[{"embeddable":true,"href":"https:\/\/www.europesays.com\/fr\/wp-json\/wp\/v2\/users\/2"}],"replies":[{"embeddable":true,"href":"https:\/\/www.europesays.com\/fr\/wp-json\/wp\/v2\/comments?post=468040"}],"version-history":[{"count":0,"href":"https:\/\/www.europesays.com\/fr\/wp-json\/wp\/v2\/posts\/468040\/revisions"}],"wp:featuredmedia":[{"embeddable":true,"href":"https:\/\/www.europesays.com\/fr\/wp-json\/wp\/v2\/media\/468041"}],"wp:attachment":[{"href":"https:\/\/www.europesays.com\/fr\/wp-json\/wp\/v2\/media?parent=468040"}],"wp:term":[{"taxonomy":"category","embeddable":true,"href":"https:\/\/www.europesays.com\/fr\/wp-json\/wp\/v2\/categories?post=468040"},{"taxonomy":"post_tag","embeddable":true,"href":"https:\/\/www.europesays.com\/fr\/wp-json\/wp\/v2\/tags?post=468040"}],"curies":[{"name":"wp","href":"https:\/\/api.w.org\/{rel}","templated":true}]}}