{"id":468042,"date":"2025-10-16T18:30:42","date_gmt":"2025-10-16T18:30:42","guid":{"rendered":"https:\/\/www.europesays.com\/fr\/468042\/"},"modified":"2025-10-16T18:30:42","modified_gmt":"2025-10-16T18:30:42","slug":"idees-sorties-pour-les-vacances-de-la-toussaint-2025","status":"publish","type":"post","link":"https:\/\/www.europesays.com\/fr\/468042\/","title":{"rendered":"Id\u00e9es sorties pour les Vacances de la Toussaint 2025"},"content":{"rendered":"<p class=\"has-text-align-center\"><strong>Zoom Sur Lille<\/strong> vous propose quelques<strong> id\u00e9es sorties<\/strong> pour ces <strong>vacances scolaires !!!<\/strong><\/p>\n<p class=\"has-text-align-center\">Cirque Pinder<\/p>\n<p><img loading=\"lazy\" decoding=\"async\" width=\"697\" height=\"980\" src=\"https:\/\/www.europesays.com\/fr\/wp-content\/uploads\/2025\/09\/pinder_lille_2025_02.jpg\" alt=\"\" class=\"wp-image-87426\" style=\"aspect-ratio:0.7112244897959183;width:350px\"  \/><\/p>\n<p style=\"text-align: justify;\"><strong>Du 18 octobre au 11 novembre 2025,<\/strong> le <strong>Cirque PINDER<\/strong> <strong>posera ses valises<\/strong> sur le <strong>Champ de Mars de Lille.<\/strong><\/p>\n<p style=\"text-align: justify;\"><strong>Apr\u00e8s plusieurs ann\u00e9es d\u2019absence,<\/strong> <strong>le plus prestigieux cirque d\u2019Europe<\/strong> <strong>revient sur les routes de France<\/strong> et arrive \u00e0 <strong>Lille plus p\u00e9tillant que jamais<\/strong> avec <strong>un nouveau chapiteau au confort r\u00e9volutionnaire<\/strong> dot\u00e9 de <strong>1650 places en fauteuils individuels.<\/strong><\/p>\n<p style=\"text-align: justify;\"><strong>PINDER <\/strong>reste le <strong>g\u00e9ant du cirque en France<\/strong> avec <strong>un nom incontournable<\/strong> et <strong>une position de leader. <\/strong>Cette <strong>tourn\u00e9e<\/strong>, qui a <strong>d\u00e9but\u00e9 en f\u00e9vrier \u00e0 Toulouse,<\/strong> a d\u00e9j\u00e0 accueilli \u00e0 ce jour, plus de <strong>500 000 spectateurs<\/strong>.<\/p>\n<p><b><strong><img loading=\"lazy\" decoding=\"async\" width=\"9\" height=\"9\" class=\"size-full wp-image-45 tie-appear\" src=\"https:\/\/www.europesays.com\/fr\/wp-content\/uploads\/2025\/10\/arrow.png\" alt=\"\"\/><\/strong><\/b><strong> Pinder<\/strong><br \/>Champ de Mars<br \/><img decoding=\"async\" loading=\"lazy\" width=\"9\" height=\"9\" data-lazy-src=\"https:\/\/www.europesays.com\/fr\/wp-content\/uploads\/2025\/04\/1743937991_452_arrow.png\" class=\"tie-appear\" src=\"https:\/\/www.europesays.com\/fr\/wp-content\/uploads\/2025\/04\/1743937991_452_arrow.png\" alt=\"\"\/> <strong>Tarif : <\/strong>\u00e0 partir de 28\u20ac<\/p>\n<p><img decoding=\"async\" loading=\"lazy\" width=\"9\" height=\"9\" data-lazy-src=\"https:\/\/www.europesays.com\/fr\/wp-content\/uploads\/2025\/04\/1743937991_452_arrow.png\" class=\"tie-appear\" src=\"https:\/\/www.europesays.com\/fr\/wp-content\/uploads\/2025\/04\/1743937991_452_arrow.png\" alt=\"\"\/> <a href=\"https:\/\/www.cirque-lille.fr\/\" target=\"_blank\" rel=\"noopener\">Site internet du Cirque Pinder<\/a><\/p>\n<p class=\"has-text-align-center\">Parc d\u2019Attractions \u00ab Cita-Parc \u00bb*<\/p>\n<p><a href=\"https:\/\/www.zoomsurlille.fr\/wp-content\/uploads\/2018\/09\/cita_parc_zsl05.jpg\" target=\"_blank\" rel=\"noopener\"><img decoding=\"async\" loading=\"lazy\" width=\"1024\" height=\"678\" src=\"https:\/\/www.europesays.com\/fr\/wp-content\/uploads\/2025\/07\/cita_parc_zsl05-1024x678.jpg\" alt=\"\" class=\"wp-image-29746\" style=\"aspect-ratio:1.5103244837758112;width:500px\"  \/><\/a><\/p>\n<p style=\"text-align: justify;\">Le <strong>parc d\u2019attractions<\/strong> <strong>\u00ab Cita-Parc \u00bb<\/strong> situ\u00e9 \u00e0 c\u00f4t\u00e9 du zoo de Lille est le <strong>lieu id\u00e9al<\/strong> pour<strong> fl\u00e2ner, s\u2019amuser<\/strong> et <strong>se d\u00e9tendre,<\/strong> avec ses<strong> 8 000 m\u00b2<\/strong> d\u00e9di\u00e9s aux <strong>petits<\/strong> et <strong>grands<\/strong>. Un <strong>floril\u00e8ge d\u2019attractions <\/strong>sur le <strong>th\u00e8me de la nature et des animaux, <\/strong>attend <strong>les enfants,<\/strong> pour les <strong>convier \u00e0 d\u2019incroyables aventures.<\/strong><\/p>\n<p style=\"text-align: center;\"><strong>Du 18 octobre au 02 novembre 2025, <\/strong><strong>Cita Parc<\/strong><strong> se met \u00e0 l\u2019heure<\/strong> <strong>d\u2019Halloween\u2026<\/strong><\/p>\n<\/p>\n<p style=\"text-align: justify;\"><b><strong><img decoding=\"async\" loading=\"lazy\" class=\"size-full wp-image-45 tie-appear\" src=\"https:\/\/www.europesays.com\/fr\/wp-content\/uploads\/2025\/10\/arrow.png\" alt=\"\" width=\"9\" height=\"9\"\/><\/strong><\/b><strong> Cita-Parc<\/strong><br \/>Avenue Mathias Delobel<br \/><strong><img decoding=\"async\" loading=\"lazy\" class=\"size-full wp-image-45 tie-appear\" src=\"https:\/\/www.europesays.com\/fr\/wp-content\/uploads\/2025\/10\/arrow.png\" alt=\"\" width=\"9\" height=\"9\"\/> <\/strong><b>Horaires d\u2019ouverture : <\/b>11h \u00e0 18h (18 octobre au 02 novembre 2025)<br \/><img decoding=\"async\" loading=\"lazy\" class=\"tie-appear\" src=\"https:\/\/www.europesays.com\/fr\/wp-content\/uploads\/2025\/04\/1743937991_452_arrow.png\" alt=\"\" width=\"9\" height=\"9\" data-lazy-src=\"https:\/\/www.europesays.com\/fr\/wp-content\/uploads\/2025\/04\/1743937991_452_arrow.png\"\/> <strong>Tarifs :<\/strong><br \/>1 ticket = 3\u20ac<br \/>Pack D\u00e9couverte \u2013 10 tickets + 1 offert = 25 \u20ac (soit 2,50\u20ac le ticket)<br \/>Pack Aventurier \u2013 20 tickets + 2 offerts = 40 \u20ac (soit 2\u20ac le ticket)<br \/>Pack Lila \u2013 30 tickets + 3 offerts = 50\u20ac (soit 1,66\u20ac le ticket)<br \/>Pass Illimit\u00e9 \u00e0 la journ\u00e9e = 17\u20ac (il est valable pour une personne durant toute une journ\u00e9e d\u2019ouverture du parc. Le Pass comporte un ticket pour la journ\u00e9e ainsi qu\u2019un bracelet avec port obligatoire de ce dernier).<br \/>Carte de Fid\u00e9lit\u00e9 offerte d\u00e8s l\u2019achat d\u2019un pack (uniquement valable \u00e0 la caisse centrale du parc). La carte de fid\u00e9lit\u00e9 remplie = 10 tickets offerts.<br \/>1 ticket = 1 tour de man\u00e8ge. Les billets donnent acc\u00e8s \u00e0 toutes les attractions, quelle que soit la date de visite (selon le calendrier d\u2019ouverture du parc). Le parc dispose \u00e9galement d\u2019offres CE et pour les groupes d\u2019enfants.<\/p>\n<p><img decoding=\"async\" loading=\"lazy\" class=\"tie-appear\" src=\"https:\/\/www.europesays.com\/fr\/wp-content\/uploads\/2025\/04\/1743937991_452_arrow.png\" alt=\"\" width=\"9\" height=\"9\" data-lazy-src=\"https:\/\/www.europesays.com\/fr\/wp-content\/uploads\/2025\/04\/1743937991_452_arrow.png\"\/> <a href=\"https:\/\/www.facebook.com\/citaparc\" target=\"_blank\" rel=\"noopener noreferrer\">Facebook de Cita-Parc<\/a><br \/><img decoding=\"async\" loading=\"lazy\" class=\"tie-appear\" src=\"https:\/\/www.europesays.com\/fr\/wp-content\/uploads\/2025\/04\/1743937991_452_arrow.png\" alt=\"\" width=\"9\" height=\"9\" data-lazy-src=\"https:\/\/www.europesays.com\/fr\/wp-content\/uploads\/2025\/04\/1743937991_452_arrow.png\"\/> <a href=\"https:\/\/www.cita-parc.fr\/\" target=\"_blank\" rel=\"noopener noreferrer\">Site internet de Cita-Parc<\/a><\/p>\n<p>* en fonction des conditions climatiques.<\/p>\n<p style=\"text-align: justify;\"><strong>Le parc d\u2019attractions Cita-Parc<\/strong> dispose <strong>d\u2019un restaurant-brasserie.<\/strong> <strong>En famille<\/strong> ou <strong>entre-amis,<\/strong> <strong>\u00ab L\u2019Oasis \u2013 Lille \u00bb <\/strong>vous accueillera dans<strong> une ambiance \u00ab jungle chic \u00bb<\/strong> autour de <strong>mets familiaux<\/strong> et <strong>abordables.<\/strong> A noter que la <strong>Cuisine est 100% Maison !<\/strong><\/p>\n<p class=\"has-text-align-center\">Th\u00e9\u00e2tre de Marionnettes <strong>\u00ab<\/strong> Le P\u2019tit Jacques <strong>\u00bb<\/strong><\/p>\n<p><a href=\"https:\/\/www.zoomsurlille.fr\/wp-content\/uploads\/2020\/04\/petit_jacques_2019.jpg\" target=\"_blank\" rel=\"noopener\"><img decoding=\"async\" loading=\"lazy\" width=\"1024\" height=\"683\" src=\"https:\/\/www.europesays.com\/fr\/wp-content\/uploads\/2025\/07\/petit_jacques_2019-1024x683.jpg\" alt=\"\" class=\"wp-image-44872\" style=\"aspect-ratio:1.499267935578331;width:500px\"  \/><\/a><\/p>\n<p style=\"text-align: justify;\"><strong>Venez suivre les aventures du h\u00e9ros \u00ab P\u2019tit Jacques \u00bb  et de ses amis<\/strong> dans un <strong>environnement verdoyant et paisible.<\/strong> Ce <strong>dernier Th\u00e9\u00e2tre de square de la r\u00e9gion<\/strong> est install\u00e9 au <strong>\u00ab Chalet des Ch\u00e8vres \u00bb \u2013 Jardin Vauban.<\/strong> Les<strong> s\u00e9ances sont assur\u00e9es,<\/strong> <strong>m\u00eame en cas de pluie.<\/strong><\/p>\n<p><strong><img decoding=\"async\" loading=\"lazy\" width=\"9\" height=\"9\" class=\"wp-image-45 tie-appear\" src=\"https:\/\/www.europesays.com\/fr\/wp-content\/uploads\/2025\/04\/arrow.png\" alt=\"\"\/> Au programme<\/strong><br \/><strong>\u2013 dimanche 19 octobre 2025 \u00e0 16h <\/strong><strong>&gt;&gt;&gt;<\/strong> Bienvenue au Cirque (de 3 \u00e0 10 ans)<br \/><strong>\u2013 mardi 21 octobre 2025 \u00e0 15h30 &gt;&gt;&gt;<\/strong> Jacques et les Haricots Magiques (de 3 \u00e0 10 ans)<br \/><strong>\u2013 mercredi 22 octobre 2025 \u00e0 15h30 &gt;&gt;&gt; <\/strong>Escape-Game au Mus\u00e9e (de 3 \u00e0 10 ans)<br \/><strong>\u2013 jeudi 23 octobre 2025 \u00e0 15h30 &gt;&gt;&gt;<\/strong> Violette la Petite Sorci\u00e8re (de 3 \u00e0 10 ans)<br \/><strong>\u2013 vendredi 24 octobre 2025 \u00e0 15h30 &gt;&gt;&gt;<\/strong> Myst\u00e8re et Boules de Neige (de 3 \u00e0 10 ans) <\/p>\n<p><strong><img decoding=\"async\" loading=\"lazy\" width=\"9\" height=\"9\" class=\"size-full wp-image-45 tie-appear\" src=\"https:\/\/www.europesays.com\/fr\/wp-content\/uploads\/2025\/04\/arrow.png\" alt=\"\"\/> Tarif :<\/strong> 6\u20ac<\/p>\n<p><strong>Dimanche 26 octobre 2025 \u00e0 16h &gt;&gt;&gt; Intrigue au Ch\u00e2teau \u2013 Spectacle de Cl\u00f4ture<\/strong><br \/><strong>Journ\u00e9e sp\u00e9ciale<\/strong> pour<strong> marquer la fin de saison<\/strong> du <strong>Th\u00e9\u00e2tre Le P\u2019tit Jacques.<\/strong><\/p>\n<p>Les <strong>spectateurs<\/strong> sont encourag\u00e9s \u00e0 <strong>venir d\u00e9guis\u00e9s<\/strong> sur le<strong> th\u00e8me d\u2019Halloween.<\/strong><br \/>Il y aura <strong>un concours<\/strong> et des <strong>places \u00e0 gagner pour la saison 2026 !<\/strong><\/p>\n<p>\u2013 Accueil avec la <strong>mascotte<\/strong> du th\u00e9\u00e2tre<br \/>\u2013 Spectacle \u00ab\u00a0<strong>Intrigue au Ch\u00e2teau<\/strong>\u00a0\u00bb <br \/>\u2013<strong> Une boisson offerte<\/strong><br \/>\u2013 Animation sp\u00e9ciale pour le \u00ab\u00a0<strong>Coucher du P\u2019tit Jacques<\/strong>\u00a0\u00bb<\/p>\n<p><strong><img decoding=\"async\" loading=\"lazy\" width=\"9\" height=\"9\" class=\"size-full wp-image-45 tie-appear\" src=\"https:\/\/www.europesays.com\/fr\/wp-content\/uploads\/2025\/04\/arrow.png\" alt=\"\"\/> Tarif :<\/strong> 6\u20ac<\/p>\n<p><strong><img decoding=\"async\" loading=\"lazy\" width=\"9\" height=\"9\" class=\"tie-appear\" src=\"https:\/\/www.europesays.com\/fr\/wp-content\/uploads\/2025\/04\/arrow.png\" alt=\"\"\/><\/strong> <strong>R\u00e9servez vos places <\/strong>(places limit\u00e9es)<strong> &gt;&gt;&gt;<\/strong> <a href=\"https:\/\/lepetitjacques.fr\/saison-2025\/\" target=\"_blank\" rel=\"noreferrer noopener\">cliquez ici !!!<\/a><\/p>\n<p class=\"has-text-align-center\">Accrobranches*<\/p>\n<p><img decoding=\"async\" loading=\"lazy\" width=\"1024\" height=\"683\" src=\"https:\/\/www.europesays.com\/fr\/wp-content\/uploads\/2025\/07\/accrobranches_2022_01-1024x683.jpg\" alt=\"\" class=\"wp-image-61260\" style=\"aspect-ratio:1.499267935578331;object-fit:cover;width:500px\" title=\"Copyright : DR - Accro Lille\"  \/><\/p>\n<p style=\"text-align: justify;\"><strong>Sensations garanties<\/strong> avec les <strong>2 parcours enfants<\/strong> accessibles <strong>\u00e0 partir d\u20191m20.<\/strong> Et les <strong>5 parcours ados\/adultes, d\u00e8s 1m40.<\/strong> Que ce soit <strong>en famille, entre amis, coll\u00e8gues,<\/strong> venez <strong>tester les parcours en hauteur<\/strong> d\u2019<strong>Accro Lille !<\/strong><\/p>\n<p style=\"text-align: justify;\">Pour les <strong>plus t\u00e9m\u00e9raires,<\/strong> <strong>Accro Lille<\/strong> propose <strong>un parcours \u00ab\u00a0Altitude\u00a0\u00bb<\/strong> perch\u00e9 \u00e0 <strong>plus de 15 m\u00e8tres,<\/strong> avec <strong>une tyrolienne de 150 m\u00e8tres au dessus de l\u2019eau !<\/strong><\/p>\n<p style=\"text-align: justify;\"><strong>Vendredi 31 octobre 2025 \u00e0 partir de 18h, \u00e0 l\u2019occasion d\u2019Halloween,<\/strong> <strong>Accro Lille<\/strong> propose de <strong>l\u2019accrobranche nocturne <\/strong>au c\u0153ur du <strong>Parc de la Citadelle de Lille ! <\/strong><\/p>\n<p><strong><img decoding=\"async\" loading=\"lazy\" width=\"9\" height=\"9\" data-lazy-src=\"https:\/\/www.europesays.com\/fr\/wp-content\/uploads\/2025\/04\/1743937991_452_arrow.png\" class=\"size-full wp-image-45 lazyloaded tie-appear\" src=\"https:\/\/www.europesays.com\/fr\/wp-content\/uploads\/2025\/04\/1743937991_452_arrow.png\" alt=\"\"\/> Accro Lille<br \/>Parc de la Citadelle<\/strong> (au croisement de l\u2019all\u00e9e du Train de Loos et de l\u2019all\u00e9e Paul Vallon) <strong><br \/><img decoding=\"async\" loading=\"lazy\" width=\"9\" height=\"9\" data-lazy-src=\"https:\/\/www.europesays.com\/fr\/wp-content\/uploads\/2025\/04\/1743937991_452_arrow.png\" class=\"size-full wp-image-45 lazyloaded tie-appear\" src=\"https:\/\/www.europesays.com\/fr\/wp-content\/uploads\/2025\/04\/1743937991_452_arrow.png\" alt=\"\"\/> Tarifs : <\/strong>enfants \u00e0 partir de 11\u20ac \/ ados (-15 ans) \u00e0 partir de 17\u20ac \/ \u00e9tudiants \u00e0 partir de 22\u20ac \/ adultes \u00e0 partir de 23\u20ac \/ nocturnes \u00e0 25\u20ac <strong><br \/><img decoding=\"async\" loading=\"lazy\" width=\"9\" height=\"9\" data-lazy-src=\"https:\/\/www.europesays.com\/fr\/wp-content\/uploads\/2025\/04\/1743937991_452_arrow.png\" class=\"size-full wp-image-45 lazyloaded tie-appear\" src=\"https:\/\/www.europesays.com\/fr\/wp-content\/uploads\/2025\/04\/1743937991_452_arrow.png\" alt=\"\"\/> <\/strong><a href=\"https:\/\/www.accro-lille.fr\/accueil\/\" target=\"_blank\" rel=\"noopener noreferrer\">Site internet Accro Lille<\/a><strong><br \/><img decoding=\"async\" loading=\"lazy\" width=\"9\" height=\"9\" data-lazy-src=\"https:\/\/www.europesays.com\/fr\/wp-content\/uploads\/2025\/04\/1743937991_452_arrow.png\" class=\"size-full wp-image-45 lazyloaded tie-appear\" src=\"https:\/\/www.europesays.com\/fr\/wp-content\/uploads\/2025\/04\/1743937991_452_arrow.png\" alt=\"\"\/> Mail : <\/strong><a href=\"https:\/\/www.zoomsurlille.fr\/actualites\/mailto:contact@accro-lille.fr\" target=\"_blank\" rel=\"noopener noreferrer\">contact@accro-lille.fr<\/a><strong><br \/><img decoding=\"async\" loading=\"lazy\" width=\"9\" height=\"9\" data-lazy-src=\"https:\/\/www.europesays.com\/fr\/wp-content\/uploads\/2025\/04\/1743937991_452_arrow.png\" class=\"size-full wp-image-45 lazyloaded tie-appear\" src=\"https:\/\/www.europesays.com\/fr\/wp-content\/uploads\/2025\/04\/1743937991_452_arrow.png\" alt=\"\"\/> T\u00e9l\u00e9phone : <\/strong>09 72 33 00 16<\/p>\n<p>* en fonction des conditions climatiques.<\/p>\n<p class=\"has-text-align-center\">Spectacle pour Enfants \u00e0 la Com\u00e9die de Lille<\/p>\n<p class=\"has-text-align-center\"><strong>\u00ab Mission sp\u00e9ciales vers les \u00e9toiles \u00bb \u2013 A partir de 5 ans<\/strong> <\/p>\n<p><img decoding=\"async\" loading=\"lazy\" width=\"724\" height=\"1024\" src=\"https:\/\/www.europesays.com\/fr\/wp-content\/uploads\/2025\/10\/la_comedie_lille_mission_etoiles-724x1024.jpg\" alt=\"\" class=\"wp-image-87605\" style=\"aspect-ratio:0.70703125;width:350px\"  \/><\/p>\n<p>Attention attention, embarquement imm\u00e9diat !<\/p>\n<p style=\"text-align: justify;\">Rangez princes et princesses et plongez dans une \u00e9pop\u00e9e qui vous fera parcourir des terres et des mers inexplor\u00e9es et voyager dans les \u00e9toiles.<\/p>\n<p style=\"text-align: justify;\">Tour \u00e0 tour pirate, cosmonaute ou pilote, sur une \u00eele myst\u00e9rieuse, sous les mers ou de la terre \u00e0 la lune, notre h\u00e9ro\u00efne capitaine nous entra\u00eene avec elle \u00e0 la conqu\u00eate de ses r\u00eaves. Saupoudrez le tout d\u2019humour de po\u00e9sie, et de personnages farfelus, et voil\u00e0 notre histoire sur le point de d\u00e9marrer.<\/p>\n<p>Actionnez les moteurs, on met les gaz !<\/p>\n<p>Alors, pr\u00eats pour l\u2019aventure ?<\/p>\n<p><strong><img decoding=\"async\" loading=\"lazy\" class=\"size-full wp-image-45 tie-appear\" src=\"https:\/\/www.europesays.com\/fr\/wp-content\/uploads\/2025\/10\/arrow.png\" alt=\"\" width=\"9\" height=\"9\"\/> Dates :<\/strong> 18 &amp; 25 octobre &amp; 01 novembre 2025 \u00e0 14h30 \/ 27 octobre 2025 \u00e0 15h<strong><br \/><img decoding=\"async\" loading=\"lazy\" class=\"size-full wp-image-45 tie-appear\" src=\"https:\/\/www.europesays.com\/fr\/wp-content\/uploads\/2025\/10\/arrow.png\" alt=\"\" width=\"9\" height=\"9\"\/> Tarifs :<\/strong> \u00e0 partir de 11\u20ac<\/p>\n<p class=\"has-text-align-center\"><strong>\u00ab Et\u2026Pan \u00bb<\/strong><\/p>\n<p><img decoding=\"async\" loading=\"lazy\" width=\"574\" height=\"1024\" src=\"https:\/\/www.europesays.com\/fr\/wp-content\/uploads\/2025\/10\/la_comedie_lille_et_pan-574x1024.jpg\" alt=\"\" class=\"wp-image-87604\" style=\"aspect-ratio:0.560546875;width:350px\"  \/><\/p>\n<p>Un voyage f\u00e9erique au c\u0153ur de Neverland vous attend. Une adaptation vive et po\u00e9tique de l\u2019univers de Peter Pan pour petits et grands r\u00eaveurs.<\/p>\n<p style=\"text-align: justify;\">Plongez dans une version captivante du roman de Matthew Barry, port\u00e9e par trois com\u00e9diens qui incarnent quatre personnages embl\u00e9matiques : le capitaine Crochet, Wendy, Clochette et le fameux Crocodile Tic-Tac.<\/p>\n<p style=\"text-align: justify;\">Le d\u00e9cor enchanteur de la for\u00eat de Neverland devient le th\u00e9\u00e2tre d\u2019une aventure dr\u00f4le et touchante, o\u00f9 Peter Pan, en qu\u00eate de sa magie perdue, doit r\u00e9apprendre \u00e0 croire en ses r\u00eaves. Le public est invit\u00e9 \u00e0 participer \u00e0 cette \u00e9pop\u00e9e rythm\u00e9e par des chansons entra\u00eenantes, des combats spectaculaires et des sc\u00e8nes burlesques pleines d\u2019\u00e9motion. Une ode \u00e0 l\u2019enfance et \u00e0 l\u2019imaginaire, qui rappelle \u00e0 chacun qu\u2019il suffit d\u2019y croire pour s\u2019envoler. Les enfants participent, rient, chantent et r\u00eavent.<\/p>\n<p>Un spectacle interactif et po\u00e9tique, pour faire briller les yeux et les c\u0153urs !<\/p>\n<p><strong><img decoding=\"async\" loading=\"lazy\" class=\"size-full wp-image-45 tie-appear\" src=\"https:\/\/www.europesays.com\/fr\/wp-content\/uploads\/2025\/10\/arrow.png\" alt=\"\" width=\"9\" height=\"9\"\/> Dates :<\/strong> 20, 21, 22, 23, 24 &amp; 26 octobre 2025 \u00e0 15h \/ 25 octobre 2025 \u00e0 14h30<strong><br \/><img decoding=\"async\" loading=\"lazy\" class=\"size-full wp-image-45 tie-appear\" src=\"https:\/\/www.europesays.com\/fr\/wp-content\/uploads\/2025\/10\/arrow.png\" alt=\"\" width=\"9\" height=\"9\"\/> Tarifs :<\/strong> \u00e0 partir de 11\u20ac<\/p>\n<p class=\"has-text-align-center\"><strong>\u00ab Aladin \u00bb<\/strong><\/p>\n<p><img decoding=\"async\" loading=\"lazy\" width=\"595\" height=\"842\" src=\"https:\/\/www.europesays.com\/fr\/wp-content\/uploads\/2025\/10\/la_comedie_lille_aladin.jpg\" alt=\"\" class=\"wp-image-87603\" style=\"aspect-ratio:0.7066508313539193;width:350px\"  \/><\/p>\n<p>Un spectacle f\u00e9erique plein de rires, de magie et de chansons !<\/p>\n<p>Aladin d\u00e9couvre une lampe\u2026 et un G\u00e9nie qui va changer son destin.<\/p>\n<p>Une aventure merveilleuse pour r\u00eaver, s\u2019\u00e9mouvoir\u2026 et croire en la magie de la vie.<\/p>\n<p>Dans un souk color\u00e9, le jeune Aladin, curieux et malicieux, tente de se d\u00e9brouiller seul.<\/p>\n<p>Un jour, il croise le chemin de Jafar, un faux oncle rus\u00e9 qui l\u2019envoie dans une grotte myst\u00e9rieuse.<\/p>\n<p>L\u00e0, Aladin d\u00e9couvre une lampe magique\u2026 et lib\u00e8re un G\u00e9nie dr\u00f4le et malicieux, qui va tout bouleverser.<\/p>\n<p style=\"text-align: justify;\">Avec son aide, il tente de conqu\u00e9rir le coeur de la belle Jasmine, fille du calife, et de d\u00e9jouer les plans de Jafar.<\/p>\n<p>Chants, danses, tours de magie et sc\u00e8nes pleines d\u2019humour rythment cette grande aventure.<\/p>\n<p>Le d\u00e9cor phosphorescent, enti\u00e8rement peint \u00e0 la main, plonge les enfants dans un Orient merveilleux.<\/p>\n<p>Un spectacle joyeux et interactif, qui c\u00e9l\u00e8bre les r\u00eaves, l\u2019amour, le courage\u2026 et la tol\u00e9rance.<\/p>\n<p>Car la vraie magie, c\u2019est d\u2019oser croire en soi et de respecter les autres.<\/p>\n<p><strong><img loading=\"lazy\" decoding=\"async\" width=\"9\" height=\"9\" class=\"size-full wp-image-45 tie-appear\" src=\"https:\/\/www.europesays.com\/fr\/wp-content\/uploads\/2025\/10\/arrow.png\" alt=\"\"\/> Dates :<\/strong> 28, 29, 30, 31 octobre 2025 &amp; 02 novembre 2025 \u00e0 15h \/ 01 novembre 2025 \u00e0 14h30<strong><br \/><img loading=\"lazy\" decoding=\"async\" width=\"9\" height=\"9\" class=\"size-full wp-image-45 tie-appear\" src=\"https:\/\/www.europesays.com\/fr\/wp-content\/uploads\/2025\/10\/arrow.png\" alt=\"\"\/> Tarifs :<\/strong> \u00e0 partir de 11\u20ac<\/p>\n<p><strong><img loading=\"lazy\" decoding=\"async\" width=\"9\" height=\"9\" class=\"size-full wp-image-45 tie-appear\" src=\"https:\/\/www.europesays.com\/fr\/wp-content\/uploads\/2025\/10\/arrow.png\" alt=\"\"\/> La Com\u00e9die de Lille<\/strong><br \/>204, rue Solf\u00e9rino<b> <\/b><br \/><strong><img loading=\"lazy\" decoding=\"async\" width=\"9\" height=\"9\" class=\"size-full wp-image-45 tie-appear\" src=\"https:\/\/www.europesays.com\/fr\/wp-content\/uploads\/2025\/10\/arrow.png\" alt=\"\"\/> R\u00e9servation : 03 20 53 54 94 ou <\/strong><a href=\"https:\/\/www.comediedelille.fr\/\" target=\"_blank\" rel=\"noopener\">www.comediedelille.fr<\/a><\/p>\n<p class=\"has-text-align-center\">Le Grand Sud<\/p>\n<p class=\"has-text-align-center\"><strong>Freaks and Hell \u2013 Tout public<\/strong><\/p>\n<p><img decoding=\"async\" loading=\"lazy\" width=\"512\" height=\"640\" src=\"https:\/\/www.europesays.com\/fr\/wp-content\/uploads\/2025\/10\/toussaint_le_grand_sud_01.jpg\" alt=\"\" class=\"wp-image-87823\" style=\"aspect-ratio:0.8;width:350px;height:auto\"  \/><\/p>\n<p>[Spectacle] <br \/>Oh Yeah ! Oh Yeah ! <br \/>Avec Black Bones<\/p>\n<p style=\"text-align: justify;\">Dans le cadre de l\u2019\u00e9v\u00e9nement, laissez-vous surprendre par le spectacle explosif Oh Yeah ! Oh Yeah ! de Black Bones ! C\u2019est l\u2019histoire d\u2019une qu\u00eate d\u00e9lirante : un roi cherche la solution \u00e0 son ennui. Il se lance \u00e0 la recherche d\u2019une salle myst\u00e9rieuse dans son propre ch\u00e2teau, un lieu enchanteur o\u00f9 l\u2019amusement serait \u00e9ternel. Suivez-le dans cette partie de cache-cache ! <\/p>\n<p style=\"text-align: justify;\">Un spectacle musical pop, une \u00e9pop\u00e9e multicolore aux allures de train fant\u00f4me port\u00e9e par une collection de hits joyeux et communicatifs !<\/p>\n<p><strong><img loading=\"lazy\" decoding=\"async\" width=\"9\" height=\"9\" class=\"size-full wp-image-45 tie-appear\" src=\"https:\/\/www.europesays.com\/fr\/wp-content\/uploads\/2025\/10\/arrow.png\" alt=\"\"\/> Date :<\/strong> 18 octobre 2025 \u00e0 16h30<strong><br \/><img loading=\"lazy\" decoding=\"async\" width=\"9\" height=\"9\" class=\"size-full wp-image-45 tie-appear\" src=\"https:\/\/www.europesays.com\/fr\/wp-content\/uploads\/2025\/10\/arrow.png\" alt=\"\"\/> Tarif :<\/strong> gratuit<strong><br \/><img loading=\"lazy\" decoding=\"async\" width=\"9\" height=\"9\" class=\"size-full wp-image-45 tie-appear\" src=\"https:\/\/www.europesays.com\/fr\/wp-content\/uploads\/2025\/10\/arrow.png\" alt=\"\"\/> Dur\u00e9e :<\/strong> 50 minutes<strong><br \/><img loading=\"lazy\" decoding=\"async\" width=\"9\" height=\"9\" class=\"size-full wp-image-45 tie-appear\" src=\"https:\/\/www.europesays.com\/fr\/wp-content\/uploads\/2025\/10\/arrow.png\" alt=\"\"\/> Inscription &gt;&gt;&gt; <\/strong><a href=\"https:\/\/my.weezevent.com\/concert-spectacle-fantaisy-black-bones\" target=\"_blank\" rel=\"noreferrer noopener\">cliquez ici !!!<\/a><\/p>\n<p class=\"has-text-align-center\"><strong>Wallace &amp; Gromit : Le Myst\u00e8re du Lapin-Garou (film) \u2013 A partir de 6 ans<\/strong><\/p>\n<p><img decoding=\"async\" loading=\"lazy\" width=\"800\" height=\"1000\" src=\"https:\/\/www.europesays.com\/fr\/wp-content\/uploads\/2025\/10\/toussaint_le_grand_sud_03.jpg\" alt=\"\" class=\"wp-image-87911\" style=\"aspect-ratio:0.8;width:350px\"  \/><\/p>\n<p style=\"text-align: justify;\">\u00c0 quelques jours du Grand concours annuel de l\u00e9gumes, les affaires de Wallace et Gromit n\u2019ont jamais \u00e9t\u00e9 aussi florissantes, et tout irait pour le mieux dans le meilleur des mondes si un lapin-garou g\u00e9ant ne venait soudain s\u2019attaquer aux potagers de la ville. Pour faire face \u00e0 ce p\u00e9ril in\u00e9dit, l\u2019organisatrice du concours, Lady Tottington, se tourne vers Wallace et Gromit et leur demande d\u2019appr\u00e9hender le monstre.<\/p>\n<p><strong><img loading=\"lazy\" decoding=\"async\" width=\"9\" height=\"9\" class=\"size-full wp-image-45 tie-appear\" src=\"https:\/\/www.europesays.com\/fr\/wp-content\/uploads\/2025\/10\/arrow.png\" alt=\"\"\/> Date :<\/strong> 22 octobre 2025 \u00e0 14h30<strong><br \/><img loading=\"lazy\" decoding=\"async\" width=\"9\" height=\"9\" class=\"size-full wp-image-45 tie-appear\" src=\"https:\/\/www.europesays.com\/fr\/wp-content\/uploads\/2025\/10\/arrow.png\" alt=\"\"\/> Tarif :<\/strong> gratuit (dans la limite des places disponibles)<strong><br \/><img loading=\"lazy\" decoding=\"async\" width=\"9\" height=\"9\" class=\"size-full wp-image-45 tie-appear\" src=\"https:\/\/www.europesays.com\/fr\/wp-content\/uploads\/2025\/10\/arrow.png\" alt=\"\"\/> Dur\u00e9e :<\/strong> 1h30<strong><br \/><img loading=\"lazy\" decoding=\"async\" width=\"9\" height=\"9\" class=\"size-full wp-image-45 tie-appear\" src=\"https:\/\/www.europesays.com\/fr\/wp-content\/uploads\/2025\/10\/arrow.png\" alt=\"\"\/> Inscription &gt;&gt;&gt; <\/strong><a href=\"https:\/\/my.weezevent.com\/cine-lille-sud-wallace-et-gromit-le-mystere-du-lapin-garou\" target=\"_blank\" rel=\"noreferrer noopener\">cliquez ici !!!<\/a><\/p>\n<p><strong><img loading=\"lazy\" decoding=\"async\" width=\"9\" height=\"9\" class=\"size-full wp-image-45 tie-appear\" src=\"https:\/\/www.europesays.com\/fr\/wp-content\/uploads\/2025\/10\/arrow.png\" alt=\"\"\/> Le Grand Sud<\/strong><br \/>50, rue de l\u2019Europe<\/p>\n<p class=\"has-text-align-center\">Zoo de Lille<\/p>\n<p><a href=\"https:\/\/www.zoomsurlille.fr\/wp-content\/uploads\/2018\/10\/zoo2018_panda_roux.jpg\" target=\"_blank\" rel=\"noopener\"><img decoding=\"async\" loading=\"lazy\" width=\"1024\" height=\"678\" src=\"https:\/\/www.europesays.com\/fr\/wp-content\/uploads\/2025\/10\/zoo2018_panda_roux-1024x678.jpg\" alt=\"\" class=\"wp-image-30291\" style=\"aspect-ratio:1.5103244837758112;object-fit:cover;width:500px\"  \/><\/a><\/p>\n<p style=\"text-align: justify;\">A 10 minutes \u00e0 pied du c\u0153ur de la ville de Lille, le <strong>Zoo de Lille<\/strong> pr\u00e9sente <strong>une centaine d\u2019<\/strong><b>esp\u00e8ces animales<\/b> des <b>cinq continents. <\/b>Du petit<b> chevrotain malais<\/b> au <strong>z<\/strong><b>\u00e8bres<\/b> et des petits <b>singes tamarins<\/b> aux grands <b>gibbons<\/b>, les visiteurs d\u00e9couvrent des esp\u00e8ces tr\u00e8s vari\u00e9es. Ils s\u2019\u00e9merveillent devant la fourrure des <b>pandas roux,<\/b> les couleurs vives des <b>aras <\/b>et s\u2019amusent des fac\u00e9ties des <b>singes capucins<\/b>. C\u2019est un<strong> lieu privil\u00e9gi\u00e9 <\/strong>pour <strong>d\u00e9couvrir, <\/strong>\u00e0 travers des <strong>activit\u00e9s p\u00e9dagogiques, <\/strong>les <strong>esp\u00e8ces animales<\/strong> et <strong>communiquer sur la conservation de la Nature.<\/strong><\/p>\n<p style=\"text-align: justify;\"><strong>Atelier \u00ab\u00a0Cultive tes champis\u00a0\u00bb \u2013 A partir de 7 ans <\/strong> <br \/>R\u00e9alisez un kit pour produire vos propres champignons et d\u00e9couvrez leur r\u00f4le en pleine nature et les diff\u00e9rentes familles qui existent. Cet atelier est\u00a0anim\u00e9 par l\u2019association Lilotopia.<\/p>\n<p><strong><img loading=\"lazy\" decoding=\"async\" width=\"9\" height=\"9\" class=\"size-full wp-image-45 tie-appear\" src=\"https:\/\/www.europesays.com\/fr\/wp-content\/uploads\/2025\/10\/arrow.png\" alt=\"\"\/> Date :<\/strong> 24 octobre 2025 \u00e0 15h<strong><br \/><img loading=\"lazy\" decoding=\"async\" width=\"9\" height=\"9\" class=\"size-full wp-image-45 tie-appear\" src=\"https:\/\/www.europesays.com\/fr\/wp-content\/uploads\/2025\/10\/arrow.png\" alt=\"\"\/> Tarifs :<\/strong> 10\u20ac \/ 5\u20ac<strong><br \/><img loading=\"lazy\" decoding=\"async\" width=\"9\" height=\"9\" class=\"size-full wp-image-45 tie-appear\" src=\"https:\/\/www.europesays.com\/fr\/wp-content\/uploads\/2025\/10\/arrow.png\" alt=\"\"\/> Dur\u00e9e :<\/strong> 1h30<strong><br \/><img loading=\"lazy\" decoding=\"async\" width=\"9\" height=\"9\" class=\"size-full wp-image-45 tie-appear\" src=\"https:\/\/www.europesays.com\/fr\/wp-content\/uploads\/2025\/10\/arrow.png\" alt=\"\"\/> Inscription &gt;&gt;&gt; <\/strong><a href=\"https:\/\/billetterie.lille.fr\/event\/nature2025?motCle=cultive%20tes%20champis&amp;dateDebut=24\/09\/2025\" target=\"_blank\" rel=\"noreferrer noopener\">cliquez ici !!!<\/a> (pr\u00e9sence obligatoire d\u2019un adulte pour 2 enfants maximum)<\/p>\n<p style=\"text-align: justify;\"><strong>Balade matinale \u00ab\u00a0A la d\u00e9couverte de la biodiversit\u00e9 du zoo\u00a0\u00bb \u2013 A partir de 5 ans\u00a0<br \/><\/strong>Au zoo de Lille, les esp\u00e8ces exotiques avoisinent la biodiversit\u00e9 locale. Au cours d\u2019une balade matinale anim\u00e9e par Nord Nature Environnement, partez \u00e0 la d\u00e9couverte de la faune et la flore locales qui se cachent (ou pas) dans les all\u00e9es du zoo.<\/p>\n<p><strong><img decoding=\"async\" loading=\"lazy\" class=\"size-full wp-image-45 tie-appear\" src=\"https:\/\/www.europesays.com\/fr\/wp-content\/uploads\/2025\/10\/arrow.png\" alt=\"\" width=\"9\" height=\"9\"\/> Date :<\/strong> 26 octobre 2025 \u00e0 10h15<strong><br \/><img decoding=\"async\" loading=\"lazy\" class=\"size-full wp-image-45 tie-appear\" src=\"https:\/\/www.europesays.com\/fr\/wp-content\/uploads\/2025\/10\/arrow.png\" alt=\"\" width=\"9\" height=\"9\"\/> Tarif :<\/strong> visite gratuite \u2013 Droits d\u2019entr\u00e9e non inclus<strong><br \/><img decoding=\"async\" loading=\"lazy\" class=\"size-full wp-image-45 tie-appear\" src=\"https:\/\/www.europesays.com\/fr\/wp-content\/uploads\/2025\/10\/arrow.png\" alt=\"\" width=\"9\" height=\"9\"\/> Dur\u00e9e :<\/strong> 1h15<strong><br \/><img decoding=\"async\" loading=\"lazy\" class=\"size-full wp-image-45 tie-appear\" src=\"https:\/\/www.europesays.com\/fr\/wp-content\/uploads\/2025\/10\/arrow.png\" alt=\"\" width=\"9\" height=\"9\"\/> Inscription &gt;&gt;&gt; <\/strong><a href=\"https:\/\/billetterie.lille.fr\/event\/nature2025?motCle=BALADE%20MATINALE%20%22%20A%20LA%20D%C3%89COUVERTE%20DE%20LA%20BIODIVERSIT%C3%89%22&amp;dateDebut=24\/09\/2025\" target=\"_blank\" rel=\"noopener\">cliquez ici !!!<\/a><\/p>\n<p style=\"text-align: justify;\"><strong>Atelier \u00ab\u00a0Mon attrape-r\u00eaves \u00e0 partir des tr\u00e9sors de la for\u00eat\u00a0\u00bb \u2013 A partir de 6 ans\u00a0<br \/><\/strong>A partir de mat\u00e9riaux naturels, confectionnez un attrape-r\u00eave !<\/p>\n<p style=\"text-align: justify;\">Au programme : tordre de l\u2019osier en cercle, le garnir de lierre, y tisser une \u00e9toile en laine et le d\u00e9corer de mousses, de faines et de pommes de pin. Un moment de cr\u00e9ativit\u00e9 et de d\u00e9tente afin de d\u00e9couvrir l\u2019origine de ces \u00e9l\u00e9ments de la nature !<\/p>\n<p style=\"text-align: justify;\">Cet atelier est anim\u00e9 par l\u2019association Lilotopia.<\/p>\n<p><strong><img decoding=\"async\" loading=\"lazy\" class=\"size-full wp-image-45 tie-appear\" src=\"https:\/\/www.europesays.com\/fr\/wp-content\/uploads\/2025\/10\/arrow.png\" alt=\"\" width=\"9\" height=\"9\"\/> Date :<\/strong> 31 octobre 2025 \u00e0 16h<strong><br \/><img decoding=\"async\" loading=\"lazy\" class=\"size-full wp-image-45 tie-appear\" src=\"https:\/\/www.europesays.com\/fr\/wp-content\/uploads\/2025\/10\/arrow.png\" alt=\"\" width=\"9\" height=\"9\"\/> Tarifs :<\/strong> 10\u20ac \/ 5\u20ac<strong><br \/><\/strong><strong><img decoding=\"async\" loading=\"lazy\" class=\"size-full wp-image-45 tie-appear\" src=\"https:\/\/www.europesays.com\/fr\/wp-content\/uploads\/2025\/10\/arrow.png\" alt=\"\" width=\"9\" height=\"9\"\/> Dur\u00e9e :<\/strong> 1h<strong><br \/><img decoding=\"async\" loading=\"lazy\" class=\"size-full wp-image-45 tie-appear\" src=\"https:\/\/www.europesays.com\/fr\/wp-content\/uploads\/2025\/10\/arrow.png\" alt=\"\" width=\"9\" height=\"9\"\/> Inscription &gt;&gt;&gt; <\/strong><a href=\"https:\/\/billetterie.lille.fr\/event\/nature2025?motCle=Atelier%20%22Mon%20attrape-r%C3%AAves%20%C3%A0%20partir%20des%20tr%C3%A9sors%20de%20la%20for%C3%AAt%22&amp;dateDebut=24\/09\/2025\" target=\"_blank\" rel=\"noopener\">cliquez ici !!!<\/a> (pr\u00e9sence obligatoire d\u2019un adulte pour 2 enfants maximum<\/p>\n<p style=\"text-align: justify;\"><strong>Stand \u00ab\u00a0A l\u2019assaut des id\u00e9es re\u00e7ues !\u00a0\u00bb<br \/><\/strong>Au zoo de Lille, les esp\u00e8ces exotiques avoisinent la biodiversit\u00e9 locale. Au cours d\u2019une balade matinale anim\u00e9e par Nord Nature Environnement, partez \u00e0 la d\u00e9couverte de la faune et la flore locales qui se cachent (ou pas) dans les all\u00e9es du zoo.<\/p>\n<p><strong><img decoding=\"async\" loading=\"lazy\" class=\"size-full wp-image-45 tie-appear\" src=\"https:\/\/www.europesays.com\/fr\/wp-content\/uploads\/2025\/10\/arrow.png\" alt=\"\" width=\"9\" height=\"9\"\/> Date :<\/strong> 18, 25 octobre et 01 novembre 2025 de 14h30 \u00e0 16h30<strong><br \/><img decoding=\"async\" loading=\"lazy\" class=\"size-full wp-image-45 tie-appear\" src=\"https:\/\/www.europesays.com\/fr\/wp-content\/uploads\/2025\/10\/arrow.png\" alt=\"\" width=\"9\" height=\"9\"\/> Tarif :<\/strong> gratuit pour les visiteurs du zoo \u2013 Sans r\u00e9servation<strong><br \/><\/strong><\/p>\n<p style=\"text-align: justify;\"><strong>Stand \u00ab\u00a0Cr\u00e9ons des animaux-chim\u00e8res\u00a0\u00bb<br \/><\/strong>Autour du th\u00e8me de la chim\u00e8re, Les Z\u2019Art Recycleurs vous proposent de participer \u00e0 la cr\u00e9ation d\u2019un animal hybride compos\u00e9 de diff\u00e9rents animaux. Donnez naissance \u00e0 un \u00ab\u00a0lipent\u00a0\u00bb, le m\u00e9lange du lion et du serpent, ou \u00e0 un \u00ab\u00a0Sintue\u00a0\u00bb celui du singe et de la tortue ! La technique utilis\u00e9e pour la mise en image sera celle de la gravure sur polystyr\u00e8ne avec impression sur papier recycl\u00e9. <\/p>\n<p><strong><img decoding=\"async\" loading=\"lazy\" class=\"size-full wp-image-45 tie-appear\" src=\"https:\/\/www.europesays.com\/fr\/wp-content\/uploads\/2025\/10\/arrow.png\" alt=\"\" width=\"9\" height=\"9\"\/> Date :<\/strong> 26 octobre 2025 de 13h30 \u00e0 16h30<strong><br \/><img decoding=\"async\" loading=\"lazy\" class=\"size-full wp-image-45 tie-appear\" src=\"https:\/\/www.europesays.com\/fr\/wp-content\/uploads\/2025\/10\/arrow.png\" alt=\"\" width=\"9\" height=\"9\"\/> Tarif :<\/strong>\u00a0gratuit pour les visiteurs du zoo \u2013 Sans r\u00e9servation<\/p>\n<p style=\"text-align: justify;\"><strong><img decoding=\"async\" loading=\"lazy\" class=\"size-full wp-image-45 tie-appear\" src=\"https:\/\/www.europesays.com\/fr\/wp-content\/uploads\/2025\/10\/arrow.png\" alt=\"\" width=\"9\" height=\"9\"\/> Zoo de Lille<\/strong><br \/>Avenue Mathias Delobel<br \/><strong><img decoding=\"async\" loading=\"lazy\" class=\"tie-appear\" src=\"https:\/\/www.europesays.com\/fr\/wp-content\/uploads\/2025\/04\/1743937991_452_arrow.png\" alt=\"\" width=\"9\" height=\"9\"\/> Tarifs :<\/strong><br \/>\u2013 gratuit pour les Lillois, Hellemmois et Lommois poss\u00e9dant un Pass Zoo \/ Pass Lille &amp; Moi<br \/>\u2013 billet 1 jour : gratuit pour les moins de 5 ans \/ 3\u20ac pour les enfants de 5 \u00e0 17 ans \/ 6\u20ac pour les adultes (18 ans et plus) \/ billet 2 + 2 (2 adultes + 2 enfants) = 15\u20ac +2\u20ac par enfant suppl\u00e9mentaire<br \/>\u2013 abonnement valable 1 an : enfant de 0 \u00e0 4 ans inclus = gratuit \/ enfant de 5 \u00e0 17 ans = 8,50\u20ac \/ adulte = 15\u20ac \/ famille (2 adultes + 3 enfants) = 38\u20ac<br \/><strong><img decoding=\"async\" loading=\"lazy\" class=\"tie-appear\" src=\"https:\/\/www.europesays.com\/fr\/wp-content\/uploads\/2025\/04\/1743937991_452_arrow.png\" alt=\"\" width=\"9\" height=\"9\"\/> Horaires jusqu\u2019au 24 octobre 2025 :<\/strong><br \/>\u2013 en semaine : 10h \u00e0 17h<br \/>\u2013 week-end et jours f\u00e9ri\u00e9s : 10h \u00e0 18h<br \/>\u2013 ferm\u00e9 le mardi <br \/><strong><img decoding=\"async\" loading=\"lazy\" class=\"tie-appear\" src=\"https:\/\/www.europesays.com\/fr\/wp-content\/uploads\/2025\/04\/1743937991_452_arrow.png\" alt=\"\" width=\"9\" height=\"9\"\/> Horaires \u00e0 partir du 25 octobre 2025 :<\/strong><br \/>\u2013 semaine &amp; week-end et jours f\u00e9ri\u00e9s : 10h \u00e0 17h<br \/>\u2013 ferm\u00e9 le mardi<br \/><strong>Fermeture des caisses 1h avant la fermeture. Dernier acc\u00e8s au Zoo 30 minutes avant la fermeture des portes pour les visiteurs d\u00e9j\u00e0 munis d\u2019un billet, abonnement ou Pass zoo.<\/strong><\/p>\n<p class=\"has-text-align-center\">Ferme P\u00e9dagogique Marcel Dh\u00e9nin<\/p>\n<p><a href=\"https:\/\/www.zoomsurlille.fr\/wp-content\/uploads\/2018\/10\/ferme2018_chevre.jpg\" target=\"_blank\" rel=\"noopener\"><img decoding=\"async\" loading=\"lazy\" width=\"1024\" height=\"678\" src=\"https:\/\/www.europesays.com\/fr\/wp-content\/uploads\/2025\/07\/ferme2018_chevre-1024x678.jpg\" alt=\"\" class=\"wp-image-30290\" style=\"aspect-ratio:1.5103244837758112;width:500px\"  \/><\/a><\/p>\n<p style=\"text-align: justify;\">Juste <strong>derri\u00e8re le casino Barri\u00e8re de Lille<\/strong> se trouve la<strong> Ferme P\u00e9dagogique Marcel Dh\u00e9nin. <\/strong>La ferme permet \u00e0 tous la <strong>d\u00e9couverte des animaux<\/strong> et <strong>plantes de la ferme,<\/strong> en particulier des <strong>races et vari\u00e9t\u00e9s r\u00e9gionales.<\/strong> Elle propose de <strong>nombreuses animations<\/strong> destin\u00e9es \u00e0 un <strong>large public,<\/strong> dans un<strong> souci de sensibilisation<\/strong> et de <strong>(re)d\u00e9couverte du patrimoine r\u00e9gional.<\/strong> Les animaux pr\u00e9sents \u00e0 la ferme : <strong>\u00e2nes, cochons, vaches, ch\u00e8vres, lapins, poules\u2026<\/strong><\/p>\n<p><strong><img decoding=\"async\" loading=\"lazy\" width=\"9\" height=\"9\" class=\"wp-image-45 tie-appear\" src=\"https:\/\/www.europesays.com\/fr\/wp-content\/uploads\/2025\/04\/arrow.png\" alt=\"\"\/> Au programme<\/strong><br \/><strong>\u2013 samedi 18 octobre 2025 \u00e0 10h30 <\/strong><strong>&gt;&gt;&gt;<\/strong> Visite d\u00e9couverte et sensorielle (\u00e0 partir de 2 ans)<br \/><strong>\u2013 samedi 18 octobre 2025 \u00e0 14h30 &gt;&gt;&gt;<\/strong> Herbier d\u2019automne (\u00e0 partir de 7 ans)<br \/><strong>\u2013 dimanche 19 octobre 2025 de 14h \u00e0 18h &gt;&gt;&gt; <\/strong>F\u00eate de l\u2019automne<br \/><strong>\u2013 mercredi 22 octobre 2025 \u00e0 10h30 &gt;&gt;&gt;<\/strong> Visite d\u00e9couverte et sensorielle (\u00e0 partir de 2 ans)<br \/><strong>\u2013 jeudi 23 octobre 2025 \u00e0 14h30 &gt;&gt;&gt;<\/strong> Du bl\u00e9 au pain (\u00e0 partir de 5 ans)<br \/><strong>\u2013 mardi 28 octobre 2025 \u00e0 14h30 <\/strong><strong>&gt;&gt;&gt;<\/strong> D\u00e9coration d\u2019automne (\u00e0 partir de 5 ans)<br \/><strong>\u2013 mercredi 29 octobre 2025 \u00e0 10h30 &gt;&gt;&gt;<\/strong> Visite d\u00e9couverte et sensorielle (\u00e0 partir de 2 ans)<br \/><strong>\u2013 mercredi 29 octobre 2025 \u00e0 14h30 &gt;&gt;&gt;<\/strong> Courges d\u2019automne (\u00e0 partir de 7 ans)<br \/><strong>\u2013 jeudi 30 octobre 2025 \u00e0 14h30 &gt;&gt;&gt;<\/strong> Potage d\u2019automne (\u00e0 partir de 7 ans)<br \/><strong>\u2013 vendredi 31 octobre 2025 \u00e0 14h30 <\/strong><strong>&gt;&gt;&gt;<\/strong> Courges d\u2019automne (\u00e0 partir de 7 ans)<br \/><strong>\u2013 samedi 01 novembre 2025 \u00e0 14h30 &gt;&gt;&gt;<\/strong> Potage d\u2019automne (\u00e0 partir de 7 ans)<br \/><strong>\u2013 dimanche 02 novembre 2025 \u00e0 10h30 &gt;&gt;&gt;<\/strong> Visite d\u00e9couverte et sensorielle (\u00e0 partir de 2 ans)<br \/><strong>\u2013 dimanche 02 novembre 2025 \u00e0 14h30 &gt;&gt;&gt;<\/strong> Biscuits d\u2019automne (\u00e0 partir de 5 ans)<\/p>\n<p><strong><img decoding=\"async\" loading=\"lazy\" width=\"9\" height=\"9\" class=\"size-full wp-image-45 tie-appear\" src=\"https:\/\/www.europesays.com\/fr\/wp-content\/uploads\/2025\/04\/1744100656_185_arrow.png\" alt=\"\"\/> Ferme P\u00e9dagogique Marcel D\u2019H\u00e9nin<\/strong><br \/>14, rue Eug\u00e8ne Jacquet<br \/><strong><img decoding=\"async\" loading=\"lazy\" width=\"9\" height=\"9\" class=\"size-full wp-image-45 tie-appear\" src=\"https:\/\/www.europesays.com\/fr\/wp-content\/uploads\/2025\/04\/1744100656_185_arrow.png\" alt=\"\"\/><\/strong> <strong>Tarif :<\/strong> gratuit (inscription au atelier par mail : fermelille@mairie-lille.fr ou 03 20 55 16 12)<br \/><strong><img decoding=\"async\" loading=\"lazy\" width=\"9\" height=\"9\" class=\"size-full wp-image-45 tie-appear\" src=\"https:\/\/www.europesays.com\/fr\/wp-content\/uploads\/2025\/04\/1744100656_185_arrow.png\" alt=\"\"\/><\/strong> <strong>Horaires :<\/strong><br \/> Horaire d\u2019\u00e9t\u00e9 jusqu\u2019au 25 octobre 2025<br \/>\u2013 mardi au vendredi : 9h30 \u00e0 18h<br \/>\u2013 week-end : 10h \u00e0 12h30 et de 14h \u00e0 18h30<br \/> Horaire d\u2019hiver \u00e0 partir du 26 octobre 2025<br \/>\u2013 mardi au vendredi : 9h30 \u00e0 17h<br \/>\u2013 week-end : 10h \u00e0 12h30 et de 14h \u00e0 17h<\/p>\n<p class=\"has-text-align-center\">Gare Saint Sauveur<\/p>\n<p><a href=\"https:\/\/www.zoomsurlille.fr\/wp-content\/uploads\/2021\/05\/gare_st_sauveur_neon_02.jpg\" target=\"_blank\" rel=\"noopener\"><img decoding=\"async\" loading=\"lazy\" width=\"400\" height=\"300\" src=\"https:\/\/www.europesays.com\/fr\/wp-content\/uploads\/2025\/10\/gare_st_sauveur_neon_02-400x300.jpg\" alt=\"\" class=\"wp-image-51778\" title=\"Copyright : Zoom Sur Lille \/ Automne 2021 \u00e0 la Gare Saint Sauveur\"  \/><\/a><\/p>\n<p><strong>C\u2019est l\u2019Automne 2025 \u00e0 Saint Sauveur<\/strong> avec <strong>lille3000.<\/strong> Au programme : une <strong>s\u00e9rie de week-ends gratuits<\/strong> pour <strong>toute la famille <\/strong>imagin\u00e9s <strong>en partenariat avec la Ville de Lille<\/strong> et de <strong>nombreuses associations de la M\u00e9tropole lilloise\u2026<\/strong> Sans oublier <strong>la Ferme urbaine<\/strong> pour<strong> petits<\/strong> et <strong>grands<\/strong> et le<strong> Cours St-So.<\/strong><\/p>\n<p><strong><img decoding=\"async\" loading=\"lazy\" width=\"9\" height=\"9\" class=\"wp-image-45 tie-appear\" src=\"https:\/\/www.europesays.com\/fr\/wp-content\/uploads\/2025\/10\/1760639439_653_arrow.png\" alt=\"\"\/> Vendredi 17 au dimanche 19 octobre 2025 :<\/strong> <strong>Le Prato St So \u2013 La Gare en f\u00eate avec le Prato<\/strong><br \/><strong><img decoding=\"async\" loading=\"lazy\" width=\"9\" height=\"9\" class=\"wp-image-45 tie-appear\" src=\"https:\/\/www.europesays.com\/fr\/wp-content\/uploads\/2025\/10\/1760639439_653_arrow.png\" alt=\"\"\/> Dimanche 19 octobre 2025 :<\/strong> <strong>A l\u2019Aventure !<\/strong>\u00a0(cin\u00e9-concert jeune public).<br \/><strong><img decoding=\"async\" loading=\"lazy\" width=\"9\" height=\"9\" class=\"wp-image-45 tie-appear\" src=\"https:\/\/www.europesays.com\/fr\/wp-content\/uploads\/2025\/10\/1760639439_653_arrow.png\" alt=\"\"\/> Dimanche 19 octobre 2025 :<\/strong> <strong>Musique en f\u00eate <\/strong>(cin\u00e9ma)<br \/><strong><img decoding=\"async\" loading=\"lazy\" width=\"9\" height=\"9\" class=\"wp-image-45 tie-appear\" src=\"https:\/\/www.europesays.com\/fr\/wp-content\/uploads\/2025\/10\/1760639439_653_arrow.png\" alt=\"\"\/> Mardi 28 octobre 2025 :<\/strong> <strong>Projection du film de Marine Place \u00ab\u00a0J\u2019en suis, J\u2019y reste\u00a0\u00bb <\/strong>(cin\u00e9ma)<br \/><strong><img decoding=\"async\" loading=\"lazy\" width=\"9\" height=\"9\" class=\"wp-image-45 tie-appear\" src=\"https:\/\/www.europesays.com\/fr\/wp-content\/uploads\/2025\/10\/1760639439_653_arrow.png\" alt=\"\"\/> Mercredi 22 octobre 2025 :<\/strong> <strong>Cin\u00e9ma Jeune Public \u00ab\u00a0Le Royaume de Kensuk\u00e9\u00a0\u00bb<\/strong> (cin\u00e9ma).<br \/><strong><img decoding=\"async\" loading=\"lazy\" width=\"9\" height=\"9\" class=\"wp-image-45 tie-appear\" src=\"https:\/\/www.europesays.com\/fr\/wp-content\/uploads\/2025\/10\/1760639439_653_arrow.png\" alt=\"\"\/> Vendredi 24 &amp; samedi 25 octobre 2025 :<\/strong> <strong>La Gare en f\u00eate avec Montparnasse Musique <\/strong>(dj set)<br \/><strong><img decoding=\"async\" loading=\"lazy\" width=\"9\" height=\"9\" class=\"wp-image-45 tie-appear\" src=\"https:\/\/www.europesays.com\/fr\/wp-content\/uploads\/2025\/10\/1760639439_653_arrow.png\" alt=\"\"\/> <\/strong><strong>Dimanche 26 octobre 2025 :<\/strong> <strong>Femmes, regards singuliers, voix plurielles <\/strong>(cin\u00e9ma)<br \/><strong><img decoding=\"async\" loading=\"lazy\" width=\"9\" height=\"9\" class=\"wp-image-45 tie-appear\" src=\"https:\/\/www.europesays.com\/fr\/wp-content\/uploads\/2025\/10\/1760639439_653_arrow.png\" alt=\"\"\/> Mercredi 29 octobre 2025 :<\/strong> <strong>Cin\u00e9ma Jeune Public \u00ab\u00a0Grandir, c\u2019est chouette ! <\/strong>(cin\u00e9ma)<br \/><strong><img decoding=\"async\" loading=\"lazy\" width=\"9\" height=\"9\" class=\"wp-image-45 tie-appear\" src=\"https:\/\/www.europesays.com\/fr\/wp-content\/uploads\/2025\/10\/1760639439_653_arrow.png\" alt=\"\"\/> <\/strong><strong>Dimanche 02 novembre 2025 :<\/strong> <strong>F\u00eate des Morts <\/strong>(cin\u00e9ma)<\/p>\n<p><img decoding=\"async\" loading=\"lazy\" width=\"9\" height=\"9\" class=\"wp-image-45 tie-appear\" src=\"https:\/\/www.europesays.com\/fr\/wp-content\/uploads\/2025\/10\/1760639439_653_arrow.png\" alt=\"\"\/> <strong>Gare Saint Sauveur<\/strong><br \/>Boulevard Jean-Baptiste Lebas, Lille<br \/><img decoding=\"async\" loading=\"lazy\" width=\"9\" height=\"9\" class=\"wp-image-45 tie-appear\" src=\"https:\/\/www.europesays.com\/fr\/wp-content\/uploads\/2025\/10\/1760639439_653_arrow.png\" alt=\"\"\/> <strong>Animations, Ferme Urbaine\u2026 :<\/strong> gratuites<br \/><img decoding=\"async\" loading=\"lazy\" width=\"9\" height=\"9\" class=\"wp-image-45 tie-appear\" src=\"https:\/\/www.europesays.com\/fr\/wp-content\/uploads\/2025\/10\/1760639439_653_arrow.png\" alt=\"\"\/> <strong>Horaires d\u2019ouverture :<\/strong><br \/>\u2013 du mercredi au dimanche, d\u00e8s 12h<\/p>\n<p class=\"has-text-align-center\">Palais des Beaux Arts de Lille<\/p>\n<p><img decoding=\"async\" loading=\"lazy\" width=\"1024\" height=\"683\" src=\"https:\/\/www.europesays.com\/fr\/wp-content\/uploads\/2025\/10\/monument_2020_pba_01-1024x683.jpg\" alt=\"\" class=\"wp-image-48814\" style=\"aspect-ratio:1.499267935578331;width:500px\"  \/><\/p>\n<p class=\"has-text-align-left\" style=\"text-align: center;\">Le <strong>Palais des Beaux-Arts de Lille<\/strong> propose des <strong>activit\u00e9s <\/strong>durant les<strong> vacances.<\/strong><\/p>\n<p style=\"text-align: justify;\"><strong>Visite guid\u00e9e en langue des signes fran\u00e7aise<\/strong><br \/>\u00c0 destination des publics sourds et malentendants. Partez en visite guid\u00e9e \u00e0 la d\u00e9couverte de la petite exposition des g\u00e9ants. Guid\u00e9s et interpr\u00e9t\u00e9s en langue des signes fran\u00e7aise.\u00a0<\/p>\n<p><strong><img decoding=\"async\" loading=\"lazy\" width=\"9\" height=\"9\" class=\"size-full wp-image-45 tie-appear\" src=\"https:\/\/www.europesays.com\/fr\/wp-content\/uploads\/2025\/04\/1744100656_185_arrow.png\" alt=\"\"\/><\/strong> <strong>Jours :<\/strong> 18 octobre 2025 \u00e0 11h<br \/><strong><img decoding=\"async\" loading=\"lazy\" width=\"9\" height=\"9\" class=\"size-full wp-image-45 tie-appear\" src=\"https:\/\/www.europesays.com\/fr\/wp-content\/uploads\/2025\/04\/1744100656_185_arrow.png\" alt=\"\"\/><\/strong> <strong>Tarif : <\/strong>4\u20ac<br \/><strong><img decoding=\"async\" loading=\"lazy\" width=\"9\" height=\"9\" class=\"size-full wp-image-45 tie-appear\" src=\"https:\/\/www.europesays.com\/fr\/wp-content\/uploads\/2025\/04\/1744100656_185_arrow.png\" alt=\"\"\/> R\u00e9servation &gt;&gt;&gt; <\/strong><a href=\"https:\/\/my.weezevent.com\/visite-guid%C3%A9e-en-langue-des-signes-francaise\" target=\"_blank\" rel=\"noopener\">cliquez ici !!!<\/a><\/p>\n<p style=\"text-align: justify;\"><strong>Visite guid\u00e9e \u00ab\u00a0Petite histoire de g\u00e9ants\u00a0\u00bb<\/strong><br \/>Dans le cadre de la saison FIESTA, 7e\u00a0\u00e9dition de lille3000, le Palais des Beaux-Arts f\u00eate le 20e anniversaire de la reconnaissance des G\u00e9ants de France et de Belgique comme patrimoine de l\u2019humanit\u00e9 par l\u2019UNESCO. Suivez le guide pour d\u00e9couvrir l\u2019exposition \u00ab\u00a0Petite histoire de g\u00e9ants\u00a0\u00bb imagin\u00e9e \u00e0 partir des collections du Palais des Beaux-Arts et du mus\u00e9e de l\u2019Hospice Comtesse. Des photographies, cartes postales et film d\u2019archives y c\u00f4toient les dessins, aquarelles et un film d\u2019animation de l\u2019artiste Fran\u00e7ois Boucq. L\u2019exposition b\u00e9n\u00e9ficie aussi de pr\u00eats exceptionnels de l\u2019Atelier des G\u00e9ants de Ronchin et de la Maison des G\u00e9ants d\u2019Ath (Belgique).<\/p>\n<p><strong><img decoding=\"async\" loading=\"lazy\" width=\"9\" height=\"9\" class=\"size-full wp-image-45 tie-appear\" src=\"https:\/\/www.europesays.com\/fr\/wp-content\/uploads\/2025\/04\/1744100656_185_arrow.png\" alt=\"\"\/><\/strong> <strong>Jours :<\/strong> 18, 19, 25 &amp; 26 octobre 2025 \u00e0 11h15 \/ 02 novembre 2025 \u00e0 11h15<br \/><strong><img decoding=\"async\" loading=\"lazy\" width=\"9\" height=\"9\" class=\"size-full wp-image-45 tie-appear\" src=\"https:\/\/www.europesays.com\/fr\/wp-content\/uploads\/2025\/04\/1744100656_185_arrow.png\" alt=\"\"\/><\/strong> <strong>Tarifs :<\/strong> 8\u20ac \/ 4\u20ac<br \/><strong><img decoding=\"async\" loading=\"lazy\" width=\"9\" height=\"9\" class=\"size-full wp-image-45 tie-appear\" src=\"https:\/\/www.europesays.com\/fr\/wp-content\/uploads\/2025\/04\/1744100656_185_arrow.png\" alt=\"\"\/> R\u00e9servation &gt;&gt;&gt; <\/strong><a href=\"https:\/\/my.weezevent.com\/visite-guidee-geants\" target=\"_blank\" rel=\"noopener\">cliquez ici !!!<\/a><\/p>\n<p><strong>Les secrets du palais \u2013 A partir de 6 ans<\/strong><br \/>30 min pour d\u00e9couvrir l\u2019histoire du mus\u00e9e et son \u00e9volution.<\/p>\n<p><strong><img decoding=\"async\" loading=\"lazy\" width=\"9\" height=\"9\" class=\"size-full wp-image-45 tie-appear\" src=\"https:\/\/www.europesays.com\/fr\/wp-content\/uploads\/2025\/04\/1744100656_185_arrow.png\" alt=\"\"\/><\/strong> <strong>Jour :<\/strong> 18 octobre 2025 \u00e0 15h<br \/><strong><img decoding=\"async\" loading=\"lazy\" width=\"9\" height=\"9\" class=\"size-full wp-image-45 tie-appear\" src=\"https:\/\/www.europesays.com\/fr\/wp-content\/uploads\/2025\/04\/1744100656_185_arrow.png\" alt=\"\"\/><\/strong> <strong>Tarifs :<\/strong> 7\u20ac \/ 4\u20ac <br \/><strong><img decoding=\"async\" loading=\"lazy\" width=\"9\" height=\"9\" class=\"size-full wp-image-45 tie-appear\" src=\"https:\/\/www.europesays.com\/fr\/wp-content\/uploads\/2025\/04\/1744100656_185_arrow.png\" alt=\"\"\/> R\u00e9servation &gt;&gt;&gt; <\/strong><a href=\"https:\/\/my.weezevent.com\/les-secrets-du-palais\" target=\"_blank\" rel=\"noopener\">cliquez ici !!!<\/a><\/p>\n<p style=\"text-align: justify;\"><strong>Visite d\u00e9couverte \u2013 Les Chefs-d\u2019\u0153uvres du Palais<\/strong><br \/>Un parcours chefs-d\u2019\u0153uvre pour d\u00e9couvrir en 1h les incontournables de la collection du Palais des Beaux-Arts.<\/p>\n<p><strong><img decoding=\"async\" loading=\"lazy\" width=\"9\" height=\"9\" class=\"size-full wp-image-45 tie-appear\" src=\"https:\/\/www.europesays.com\/fr\/wp-content\/uploads\/2025\/04\/1744100656_185_arrow.png\" alt=\"\"\/><\/strong> <strong>Jour :<\/strong> 18 octobre 2025 \u00e0 15h30<br \/><strong><img decoding=\"async\" loading=\"lazy\" width=\"9\" height=\"9\" class=\"size-full wp-image-45 tie-appear\" src=\"https:\/\/www.europesays.com\/fr\/wp-content\/uploads\/2025\/04\/1744100656_185_arrow.png\" alt=\"\"\/><\/strong> <strong>Tarifs :<\/strong> compris dans le billet d\u2019entr\u00e9e aux collections permanentes (7\u20ac \/ 4 \u20ac \/ Gratuit pour les moins de 12 ans)<br \/><strong><img decoding=\"async\" loading=\"lazy\" width=\"9\" height=\"9\" class=\"size-full wp-image-45 tie-appear\" src=\"https:\/\/www.europesays.com\/fr\/wp-content\/uploads\/2025\/04\/1744100656_185_arrow.png\" alt=\"\"\/> R\u00e9servation &gt;&gt;&gt; <\/strong><a href=\"https:\/\/my.weezevent.com\/visite-decouverte-les-chefs-duvre-du-palais\" target=\"_blank\" rel=\"noreferrer noopener\">cliquez ici !!!<\/a><\/p>\n<p style=\"text-align: justify;\"><strong>Les exp\u00e9riences du lundi<\/strong><br \/>Une invitation \u00e0 d\u00e9couvrir les collections autrement en \u00e9tant tour \u00e0 tour acteur ou explorateur de sa d\u00e9couverte.<\/p>\n<p><strong><img decoding=\"async\" loading=\"lazy\" width=\"9\" height=\"9\" class=\"size-full wp-image-45 tie-appear\" src=\"https:\/\/www.europesays.com\/fr\/wp-content\/uploads\/2025\/04\/1744100656_185_arrow.png\" alt=\"\"\/><\/strong> <strong>Jours :<\/strong> 20 &amp; 27 octobre 2025 \u00e0 15h<br \/><strong><img decoding=\"async\" loading=\"lazy\" width=\"9\" height=\"9\" class=\"size-full wp-image-45 tie-appear\" src=\"https:\/\/www.europesays.com\/fr\/wp-content\/uploads\/2025\/04\/1744100656_185_arrow.png\" alt=\"\"\/><\/strong> <strong>Tarifs :<\/strong> 8\u20ac \/ 4\u20ac<br \/><strong><img decoding=\"async\" loading=\"lazy\" width=\"9\" height=\"9\" class=\"size-full wp-image-45 tie-appear\" src=\"https:\/\/www.europesays.com\/fr\/wp-content\/uploads\/2025\/04\/1744100656_185_arrow.png\" alt=\"\"\/> R\u00e9servation &gt;&gt;&gt; <\/strong><a href=\"https:\/\/my.weezevent.com\/les-experiences-du-lundi\" target=\"_blank\" rel=\"noreferrer noopener\">cliquez ici !!!<\/a><\/p>\n<p style=\"text-align: justify;\"><strong>Visite Mat\u00e9riauth\u00e8que<\/strong><br \/>Plongez dans l\u2019univers des b\u00e2tisseurs de g\u00e9ants : d\u00e9couvrez comment l\u2019osier, le bois, le tissu ou encore le papier m\u00e2ch\u00e9 donnent vie \u00e0 ces colosses pouvant atteindre 7 m\u00e8tres de haut. Une heure de visite guid\u00e9e pour percer leurs myst\u00e8res : dur\u00e9e de vie, \u00e2ge, poids, portage et techniques de fabrication. De la t\u00eate sculpt\u00e9e au costume brod\u00e9, apprenez-en plus sur un savoir-faire transmis depuis des si\u00e8cles.<\/p>\n<p><strong><img decoding=\"async\" loading=\"lazy\" width=\"9\" height=\"9\" class=\"size-full wp-image-45 tie-appear\" src=\"https:\/\/www.europesays.com\/fr\/wp-content\/uploads\/2025\/04\/1744100656_185_arrow.png\" alt=\"\"\/><\/strong> <strong>Jour :<\/strong> 22 octobre 2025 \u00e0 11h15<br \/><strong><img decoding=\"async\" loading=\"lazy\" width=\"9\" height=\"9\" class=\"size-full wp-image-45 tie-appear\" src=\"https:\/\/www.europesays.com\/fr\/wp-content\/uploads\/2025\/04\/1744100656_185_arrow.png\" alt=\"\"\/><\/strong> <strong>Tarifs :<\/strong> 8\u20ac \/ 4\u20ac<br \/><strong><img decoding=\"async\" loading=\"lazy\" width=\"9\" height=\"9\" class=\"size-full wp-image-45 tie-appear\" src=\"https:\/\/www.europesays.com\/fr\/wp-content\/uploads\/2025\/04\/1744100656_185_arrow.png\" alt=\"\"\/> R\u00e9servation &gt;&gt;&gt; <\/strong><a href=\"https:\/\/my.weezevent.com\/visite-materiautheque\" target=\"_blank\" rel=\"noreferrer noopener\">cliquez ici !!!<\/a><\/p>\n<p><strong>Visite Presto<\/strong><br \/>Un t\u00eate \u00e0 t\u00eate avec une \u0153uvre diff\u00e9rente chaque semaine.<\/p>\n<p><strong><img decoding=\"async\" loading=\"lazy\" width=\"9\" height=\"9\" class=\"size-full wp-image-45 tie-appear\" src=\"https:\/\/www.europesays.com\/fr\/wp-content\/uploads\/2025\/04\/1744100656_185_arrow.png\" alt=\"\"\/><\/strong> <strong>Jours :<\/strong> 22 &amp; 29 octobre 2025 \u00e0 12h30<br \/><strong><img decoding=\"async\" loading=\"lazy\" width=\"9\" height=\"9\" class=\"size-full wp-image-45 tie-appear\" src=\"https:\/\/www.europesays.com\/fr\/wp-content\/uploads\/2025\/04\/1744100656_185_arrow.png\" alt=\"\"\/><\/strong> <strong>Tarifs :<\/strong> 5\u20ac \/ 1\u20ac<br \/><strong><img decoding=\"async\" loading=\"lazy\" width=\"9\" height=\"9\" class=\"size-full wp-image-45 tie-appear\" src=\"https:\/\/www.europesays.com\/fr\/wp-content\/uploads\/2025\/04\/1744100656_185_arrow.png\" alt=\"\"\/> R\u00e9servation &gt;&gt;&gt; <\/strong><a href=\"https:\/\/my.weezevent.com\/visite-presto\" target=\"_blank\" rel=\"noopener\">cliquez ici !!!<\/a><\/p>\n<p><strong>Le\u00e7on d\u2019Art<\/strong><br \/>Pour tous ceux qui veulent s\u2019initier \u00e0 l\u2019histoire de l\u2019art.<\/p>\n<p><strong><img decoding=\"async\" loading=\"lazy\" class=\"size-full wp-image-45 tie-appear\" src=\"https:\/\/www.europesays.com\/fr\/wp-content\/uploads\/2025\/04\/1744100656_185_arrow.png\" alt=\"\" width=\"9\" height=\"9\"\/><\/strong> <strong>Jour :<\/strong> 30 octobre 2025 \u00e0 16h<br \/><strong><img decoding=\"async\" loading=\"lazy\" class=\"size-full wp-image-45 tie-appear\" src=\"https:\/\/www.europesays.com\/fr\/wp-content\/uploads\/2025\/04\/1744100656_185_arrow.png\" alt=\"\" width=\"9\" height=\"9\"\/><\/strong> <strong>Tarifs :<\/strong> 8\u20ac \/ 4\u20ac<br \/><strong><img decoding=\"async\" loading=\"lazy\" class=\"size-full wp-image-45 tie-appear\" src=\"https:\/\/www.europesays.com\/fr\/wp-content\/uploads\/2025\/04\/1744100656_185_arrow.png\" alt=\"\" width=\"9\" height=\"9\"\/> R\u00e9servation &gt;&gt;&gt; <\/strong><a href=\"https:\/\/my.weezevent.com\/lecon-dart\" target=\"_blank\" rel=\"noopener\">cliquez ici !!!<\/a><\/p>\n<p style=\"text-align: justify;\"><strong>Nuit Terrible d\u2019Halloween<\/strong><br \/>Vendredi 31 octobre 2025, le mus\u00e9e vous ouvre ses portes pour une soir\u00e9e d\u2019Halloween in\u00e9dite ! Sorci\u00e8res en cavale, banquet \u00e9trange, musique envo\u00fbtante et parcours inattendu vous entra\u00eenent dans une d\u00e9ambulation pleine de myst\u00e8res \u00e0 travers les collections du mus\u00e9e et son exposition \u201cUne petite histoire de g\u00e9ants : la l\u00e9gende Lyd\u00e9ric et Phinaert\u201d. Petits et grands, un seul mot d\u2019ordre : venez curieux\u2026 et d\u00e9guis\u00e9 si le c\u0153ur vous en dit !<\/p>\n<p><strong><img decoding=\"async\" loading=\"lazy\" class=\"size-full wp-image-45 tie-appear\" src=\"https:\/\/www.europesays.com\/fr\/wp-content\/uploads\/2025\/04\/1744100656_185_arrow.png\" alt=\"\" width=\"9\" height=\"9\"\/><\/strong> <strong>Jour :<\/strong> 31 octobre 2025 de 19h \u00e0 22h<br \/><strong><img decoding=\"async\" loading=\"lazy\" class=\"size-full wp-image-45 tie-appear\" src=\"https:\/\/www.europesays.com\/fr\/wp-content\/uploads\/2025\/04\/1744100656_185_arrow.png\" alt=\"\" width=\"9\" height=\"9\"\/><\/strong> <strong>Tarifs :<\/strong> 7\u20ac \/ 4\u20ac (droit d\u2019entr\u00e9e)<\/p>\n<p style=\"text-align: justify;\"><strong>Atelier en famille \u2013 A partir de 6 ans<\/strong><br \/>Apr\u00e8s 30 minutes de visite dans l\u2019exposition \u00ab Petite histoire de g\u00e9ants \u00bb ou dans le parcours permanent, place \u00e0 1 heure d\u2019initiation \u00e0 diff\u00e9rentes techniques artistiques (acrylique, gouache, craie, encre, aquarelle, collage\u2026). Une mani\u00e8re ludique et active de d\u00e9couvrir les collections.<\/p>\n<p><strong><img decoding=\"async\" loading=\"lazy\" width=\"9\" height=\"9\" class=\"size-full wp-image-45 tie-appear\" src=\"https:\/\/www.europesays.com\/fr\/wp-content\/uploads\/2025\/04\/1744100656_185_arrow.png\" alt=\"\"\/><\/strong> <strong>Jour :<\/strong> 02 novembre 2025 \u00e0 14h30<br \/><strong><img decoding=\"async\" loading=\"lazy\" width=\"9\" height=\"9\" class=\"size-full wp-image-45 tie-appear\" src=\"https:\/\/www.europesays.com\/fr\/wp-content\/uploads\/2025\/04\/1744100656_185_arrow.png\" alt=\"\"\/><\/strong> <strong>Tarifs :<\/strong> 7\u20ac \/ 4\u20ac (droit d\u2019entr\u00e9e)<br \/><strong><img decoding=\"async\" loading=\"lazy\" width=\"9\" height=\"9\" class=\"size-full wp-image-45 tie-appear\" src=\"https:\/\/www.europesays.com\/fr\/wp-content\/uploads\/2025\/04\/1744100656_185_arrow.png\" alt=\"\"\/> R\u00e9servation &gt;&gt;&gt; <\/strong><a href=\"https:\/\/my.weezevent.com\/dimanche-en-famille\" target=\"_blank\" rel=\"noopener\">cliquez ici !!!<\/a><\/p>\n<p class=\"has-text-align-center\">Mus\u00e9e de l\u2019Hospice Comtesse<\/p>\n<p><img decoding=\"async\" loading=\"lazy\" width=\"1024\" height=\"768\" src=\"https:\/\/www.europesays.com\/fr\/wp-content\/uploads\/2025\/04\/hospice_comtesse_nm2016-1024x768.jpg\" alt=\"\" class=\"wp-image-41961\" style=\"aspect-ratio:1.3333333333333333;width:500px\"  \/><\/p>\n<p style=\"text-align: justify;\"><strong>A l\u2019heure des vacances, voyage et modelage au mus\u00e9e \u2013 9 \u00e0 12 ans<\/strong><br \/>En t\u2019inspirant de certains motifs d\u00e9coratifs observ\u00e9s, r\u00e9alise sur une plaque d\u2019argile un relief au d\u00e9cor inspir\u00e9 de ton voyage au c\u0153ur des collections permanentes.<\/p>\n<p><strong><img decoding=\"async\" loading=\"lazy\" width=\"9\" height=\"9\" class=\"size-full wp-image-45 tie-appear\" src=\"https:\/\/www.europesays.com\/fr\/wp-content\/uploads\/2025\/04\/1744100656_185_arrow.png\" alt=\"\"\/><\/strong> <strong>Jour :<\/strong> mercredi 22 octobre 2025 \u00e0 16h15<br \/><strong><img decoding=\"async\" loading=\"lazy\" width=\"9\" height=\"9\" class=\"size-full wp-image-45 tie-appear\" src=\"https:\/\/www.europesays.com\/fr\/wp-content\/uploads\/2025\/04\/1744100656_185_arrow.png\" alt=\"\"\/><\/strong> <strong>Tarif :<\/strong> 5\u20ac<br \/><strong><img decoding=\"async\" loading=\"lazy\" width=\"9\" height=\"9\" class=\"size-full wp-image-45 tie-appear\" src=\"https:\/\/www.europesays.com\/fr\/wp-content\/uploads\/2025\/04\/1744100656_185_arrow.png\" alt=\"\"\/> R\u00e9servation &gt;&gt;&gt; <\/strong><a href=\"https:\/\/billetterie-musees.lille.fr\/fr-FR\/produits\" target=\"_blank\" rel=\"noopener\">cliquez ici !!!<\/a><\/p>\n<p style=\"text-align: justify;\"><strong>Portrait de vacances : portraits crois\u00e9s ! \u2013 6 \u00e0 8 ans \/ 9 \u00e0 12 ans<\/strong><br \/>En t\u2019inspirant des galeries de portraits crois\u00e9s dans les collections permanentes du mus\u00e9e et en fonction des images propos\u00e9es, r\u00e9alise un portrait imagin\u00e9, totalement recompos\u00e9.<\/p>\n<p><strong><img decoding=\"async\" loading=\"lazy\" class=\"size-full wp-image-45 tie-appear\" src=\"https:\/\/www.europesays.com\/fr\/wp-content\/uploads\/2025\/04\/1744100656_185_arrow.png\" alt=\"\" width=\"9\" height=\"9\"\/><\/strong> <strong>Jour :<\/strong> mercredi 29 octobre 2025 \u00e0 14h30 (6 \u00e0 8 ans) \/ 16h30 (9 \u00e0 12 ans)<br \/><strong><img decoding=\"async\" loading=\"lazy\" class=\"size-full wp-image-45 tie-appear\" src=\"https:\/\/www.europesays.com\/fr\/wp-content\/uploads\/2025\/04\/1744100656_185_arrow.png\" alt=\"\" width=\"9\" height=\"9\"\/><\/strong> <strong>Tarif :<\/strong> 5\u20ac<br \/><strong><img decoding=\"async\" loading=\"lazy\" class=\"size-full wp-image-45 tie-appear\" src=\"https:\/\/www.europesays.com\/fr\/wp-content\/uploads\/2025\/04\/1744100656_185_arrow.png\" alt=\"\" width=\"9\" height=\"9\"\/> R\u00e9servation &gt;&gt;&gt; <\/strong><a href=\"https:\/\/billetterie-musees.lille.fr\/fr-FR\/accueil\" target=\"_blank\" rel=\"noopener\">cliquez ici !!!<\/a><\/p>\n<p>Sources : Cirque Pinder \/ Accro Lille \/ Ville de Lille \/ Th\u00e9\u00e2tre La Com\u00e9die de Lille \u2013 Photos &amp; images : DR \/ \u00a9 Cirque Pinder \/ \u00a9 Accro Lille \/ \u00a9 Le Grand Sud \/ \u00a9 Th\u00e9\u00e2tre La Com\u00e9die de Lille \/ \u00a9 Zoom Sur Lille<\/p>\n","protected":false},"excerpt":{"rendered":"Zoom Sur Lille vous propose quelques id\u00e9es sorties pour ces vacances scolaires !!! Cirque Pinder Du 18 octobre&hellip;\n","protected":false},"author":2,"featured_media":468043,"comment_status":"","ping_status":"","sticky":false,"template":"","format":"standard","meta":{"footnotes":""},"categories":[2815],"tags":[17,1111,11,1063,1777,674,1011,27,811,1307,12,25,1669,10919,2528],"class_list":{"0":"post-468042","1":"post","2":"type-post","3":"status-publish","4":"format-standard","5":"has-post-thumbnail","7":"category-lille","8":"tag-17","9":"tag-actu","10":"tag-actualites","11":"tag-animations","12":"tag-eu","13":"tag-europe","14":"tag-fr","15":"tag-france","16":"tag-hauts-de-france","17":"tag-lille","18":"tag-news","19":"tag-republique-francaise","20":"tag-sorties","21":"tag-toussaint","22":"tag-vacances"},"share_on_mastodon":{"url":"https:\/\/pubeurope.com\/@fr\/115385276332261587","error":""},"_links":{"self":[{"href":"https:\/\/www.europesays.com\/fr\/wp-json\/wp\/v2\/posts\/468042","targetHints":{"allow":["GET"]}}],"collection":[{"href":"https:\/\/www.europesays.com\/fr\/wp-json\/wp\/v2\/posts"}],"about":[{"href":"https:\/\/www.europesays.com\/fr\/wp-json\/wp\/v2\/types\/post"}],"author":[{"embeddable":true,"href":"https:\/\/www.europesays.com\/fr\/wp-json\/wp\/v2\/users\/2"}],"replies":[{"embeddable":true,"href":"https:\/\/www.europesays.com\/fr\/wp-json\/wp\/v2\/comments?post=468042"}],"version-history":[{"count":0,"href":"https:\/\/www.europesays.com\/fr\/wp-json\/wp\/v2\/posts\/468042\/revisions"}],"wp:featuredmedia":[{"embeddable":true,"href":"https:\/\/www.europesays.com\/fr\/wp-json\/wp\/v2\/media\/468043"}],"wp:attachment":[{"href":"https:\/\/www.europesays.com\/fr\/wp-json\/wp\/v2\/media?parent=468042"}],"wp:term":[{"taxonomy":"category","embeddable":true,"href":"https:\/\/www.europesays.com\/fr\/wp-json\/wp\/v2\/categories?post=468042"},{"taxonomy":"post_tag","embeddable":true,"href":"https:\/\/www.europesays.com\/fr\/wp-json\/wp\/v2\/tags?post=468042"}],"curies":[{"name":"wp","href":"https:\/\/api.w.org\/{rel}","templated":true}]}}