{"id":46806,"date":"2025-04-23T14:46:08","date_gmt":"2025-04-23T14:46:08","guid":{"rendered":"https:\/\/www.europesays.com\/fr\/46806\/"},"modified":"2025-04-23T14:46:08","modified_gmt":"2025-04-23T14:46:08","slug":"fleche-wallonne-feminine-sept-fois-victorieuse-a-huy-anna-van-der-breggen-doit-declarer-forfait-quelques-minutes-avant-le-depart","status":"publish","type":"post","link":"https:\/\/www.europesays.com\/fr\/46806\/","title":{"rendered":"Fl\u00e8che Wallonne f\u00e9minine: sept fois victorieuse \u00e0 Huy, Anna van der Breggen doit d\u00e9clarer forfait quelques minutes avant le d\u00e9part!"},"content":{"rendered":"<p class=\"ap-StoryElement ap-StoryElement--mb ap-StoryText\">\u00c0 quelques minutes du d\u00e9part de la 28e \u00e9dition de la Fl\u00e8che Wallonne f\u00e9minine, la N\u00e9erlandaise Anna van der Breggen (SD Worx-Protime), qui a remport\u00e9 l&rsquo;\u00e9preuve \u00e0 sept reprises de 2015 \u00e0 2021, a d\u00fb d\u00e9clarer forfait pour maladie.<\/p>\n<p class=\"ap-StoryElement ap-StoryElement--mb ap-StoryText\">Van der Breggen \u00e9tait d\u00e9j\u00e0 souffrante sur l&rsquo;Amstel Gold Race dimanche et avait d\u00fb abandonner la course n\u00e9erlandaise. La championne du monde 2018 et 2020 \u00ab\u00a0n&rsquo;est pas suffisamment r\u00e9tablie\u00a0\u00bb, indique son \u00e9quipe sur les r\u00e9seaux sociaux mercredi. \u00ab\u00a0Elle ne courra pas mercredi par pr\u00e9caution, en esp\u00e9rant qu&rsquo;elle soit en forme pour Li\u00e8ge-Bastogne-Li\u00e8ge dimanche.\u00a0\u00bb<\/p>\n","protected":false},"excerpt":{"rendered":"\u00c0 quelques minutes du d\u00e9part de la 28e \u00e9dition de la Fl\u00e8che Wallonne f\u00e9minine, la N\u00e9erlandaise Anna van&hellip;\n","protected":false},"author":2,"featured_media":46807,"comment_status":"","ping_status":"","sticky":false,"template":"","format":"standard","meta":{"footnotes":""},"categories":[1411],"tags":[828,1154,207,1011,27,60],"class_list":{"0":"post-46806","1":"post","2":"type-post","3":"status-publish","4":"format-standard","5":"has-post-thumbnail","7":"category-cyclisme","8":"tag-belgique","9":"tag-cycling","10":"tag-cyclisme","11":"tag-fr","12":"tag-france","13":"tag-sports"},"share_on_mastodon":{"url":"https:\/\/pubeurope.com\/@fr\/114387824430375173","error":""},"_links":{"self":[{"href":"https:\/\/www.europesays.com\/fr\/wp-json\/wp\/v2\/posts\/46806","targetHints":{"allow":["GET"]}}],"collection":[{"href":"https:\/\/www.europesays.com\/fr\/wp-json\/wp\/v2\/posts"}],"about":[{"href":"https:\/\/www.europesays.com\/fr\/wp-json\/wp\/v2\/types\/post"}],"author":[{"embeddable":true,"href":"https:\/\/www.europesays.com\/fr\/wp-json\/wp\/v2\/users\/2"}],"replies":[{"embeddable":true,"href":"https:\/\/www.europesays.com\/fr\/wp-json\/wp\/v2\/comments?post=46806"}],"version-history":[{"count":0,"href":"https:\/\/www.europesays.com\/fr\/wp-json\/wp\/v2\/posts\/46806\/revisions"}],"wp:featuredmedia":[{"embeddable":true,"href":"https:\/\/www.europesays.com\/fr\/wp-json\/wp\/v2\/media\/46807"}],"wp:attachment":[{"href":"https:\/\/www.europesays.com\/fr\/wp-json\/wp\/v2\/media?parent=46806"}],"wp:term":[{"taxonomy":"category","embeddable":true,"href":"https:\/\/www.europesays.com\/fr\/wp-json\/wp\/v2\/categories?post=46806"},{"taxonomy":"post_tag","embeddable":true,"href":"https:\/\/www.europesays.com\/fr\/wp-json\/wp\/v2\/tags?post=46806"}],"curies":[{"name":"wp","href":"https:\/\/api.w.org\/{rel}","templated":true}]}}