{"id":468077,"date":"2025-10-16T18:48:13","date_gmt":"2025-10-16T18:48:13","guid":{"rendered":"https:\/\/www.europesays.com\/fr\/468077\/"},"modified":"2025-10-16T18:48:13","modified_gmt":"2025-10-16T18:48:13","slug":"en-direct-motions-de-censure-la-direction-du-parti-socialiste-porte-une-responsabilite-historique-charge-linsoumise-mathilde-panot-liberation","status":"publish","type":"post","link":"https:\/\/www.europesays.com\/fr\/468077\/","title":{"rendered":"EN DIRECT &#8211; Motions de censure : \u00abLa direction du Parti socialiste porte une responsabilit\u00e9 historique\u00bb, charge l\u2019insoumise Mathilde Panot &#8211; Lib\u00e9ration"},"content":{"rendered":"<ol>\n<li><a href=\"https:\/\/news.google.com\/rss\/articles\/CBMi3AFBVV95cUxQQVZzbmtxa09hN3doN3ZIRVQtVmx5RVZDMTVNOTZqZGt1SFV3Z1RKRGpaSV9tS1J6THUzV1diekhpZU9aLXJmTUNyM292NWp3SUZmN2xzMXNMQ0ItYUFsa0NHbW1sZGZlWk4yTmhIVW1fZFpkT0pzV1hTQzJmUU82Z0hzZUpzMk5IdHRoRUxGLVpTaTMwZVhUU1ZrZ2U5M1RzTmV2OEtjV2Rxa2tGR0wzNUNoeER2d3Nfb09CYzJ6VFpSUVpoN3RhV2hkSVZGNmx4Rm9oLTRveUcyQ0lW?oc=5\" target=\"_blank\" rel=\"nofollow noopener\">EN DIRECT &#8211; Motions de censure : \u00abLa direction du Parti socialiste porte une responsabilit\u00e9 historique\u00bb, charge l\u2019insoumise Mathilde Panot<\/a>&nbsp;&nbsp;Lib\u00e9ration<\/li>\n<li><a href=\"https:\/\/news.google.com\/rss\/articles\/CBMigwJBVV95cUxNSDNjZU9TdXQ1WThwZGt1TnFtWkU0RnZsS1VzaDMxX1R0WVRGWThEVzdfX2xlcGhKTEp3WGp3dTlLOXEyUXJqNTRRTmpNZEdsNHFzQkxkSF9YLTY2bDRnSEUxWm80eXJzZUpxSnVFWmI4VHMyUi0zcmRPUVpFWF84MGJ6ZV9yM2FBWjFUN0lVOXZMdHhucDI3cWhpXzEwNVVwNDNUSXU5SVg2SmR1OWxFRG1GVDJuRDZfZlYyWWZMYV8xanpwMjM1OHNleWFfX3ZzTDdMbUJNTmphbkx5WXlFS2szMGI0SkgtaFUxSlZ3b3hOM2RXRUJjT1BfU1dUSVRyNkI4?oc=5\" target=\"_blank\" rel=\"nofollow noopener\">EN DIRECT : les deux motions de censure de LFI et du RN rejet\u00e9es, le gouvernement Lecornu se met \u00ab au travail \u00bb<\/a>&nbsp;&nbsp;Le Monde.fr<\/li>\n<li><a href=\"https:\/\/news.google.com\/rss\/articles\/CBMi3AFBVV95cUxNMTVpQ3BoTXVIZkZMQVdROWdNQ1ZfcnFwVDhUanNSYUdIcVdOY1FWLXNza2VsZHYybGtKRGpaTHpzZUptTEk0SGRkQktvM2k2aUY0d203VHZQYkVhc0Fic3RmMzRZTlhPUWl5bnhkUTY1NEtHZDE3cmpFMEVSU3JPbXZEakhCX0xPN1FqZm9jbTQzbGxmR0FfbkJha3VEVmVHM3NQNzZWQzBvb2IwYno1V3o3TWZ3LTJsSGgwUUx1SUpTSjctVkdkRUdTMXdkeDJvUnZORktkN1NQU3dB?oc=5\" target=\"_blank\" rel=\"nofollow noopener\">Suspension de la r\u00e9forme des retraites : \u00ab\u00a0il fallait ce compromis\u00a0\u00bb estime Emmanuel Macron<\/a>&nbsp;&nbsp;Portail Orange<\/li>\n<li><a href=\"https:\/\/news.google.com\/rss\/articles\/CBMingJBVV95cUxNMzhYQnBxcTVCX1paWjY0QWhRVkNTSzNUZjBYZUE2MzMybC1Sd3dnYldCdUpQU01IQnZsUHNLUWVyeWI0dEhuSDhRWGNiYzVXTVdOUWdTWmFiVmhIUk9SSHdmVmtXWUIxamt4WTNhSGM0RElLNFhCbkRQLTI1VTBUek13QnIyZWFNRVExNExnQXJpdURGZXlaNkV6ZkdwbHdVRzlDcGdfQnIwQ2NYaDhyUXdWQXZVYjF6QXN0eEVJaE9DMzM2ajNkLTdnWGk5M0FWRGd6ZXdWSm55VUM2U21fZmphd3JrYjhVQW9lMElnZGNHbFVMeTB1SFQ5RTl6ZDBUbXRJQ3hGeThRTVdvbElTY082X2l1VE1qYWVDT0VB?oc=5\" target=\"_blank\" rel=\"nofollow noopener\">Sept PS et une LR : qui sont les d\u00e9put\u00e9s qui ont vot\u00e9 la censure du gouvernement Lecornu contre la consigne de leur groupe<\/a>&nbsp;&nbsp;Lib\u00e9ration<\/li>\n<li><a href=\"https:\/\/news.google.com\/rss\/articles\/CBMisgFBVV95cUxPNll1V3JhN2hZZkZQeDV4N1ZfN1BPZWFhdF9PQUVaZVUxQVlkSzBWbUFBOG1xN1IwZ3doY3F1MVVYRVNaa0VKaVEtSFNzLW5DZjAtV25Nc25fWkFnRXhQbURCUXJ3WVdzODdaSnpxWVc1SUpIY3UxdHFHTHFmMjNnclN1UnRxbUpCWXNXeDBkNy1hZU5KU3lhNi1oZWE1NUlGdG9Hb3pEaFJyUXc1NWRvaENB?oc=5\" target=\"_blank\" rel=\"nofollow noopener\">\u00c0 l\u2019Assembl\u00e9e, les socialistes offrent un sursis pr\u00e9caire \u00e0 Lecornu<\/a>&nbsp;&nbsp;Mediapart<\/li>\n<\/ol>\n","protected":false},"excerpt":{"rendered":"EN DIRECT &#8211; Motions de censure : \u00abLa direction du Parti socialiste porte une responsabilit\u00e9 historique\u00bb, charge l\u2019insoumise&hellip;\n","protected":false},"author":2,"featured_media":468078,"comment_status":"","ping_status":"","sticky":false,"template":"","format":"standard","meta":{"footnotes":""},"categories":[2],"tags":[11,416,1011,27,418,780,12,25,2848,11067],"class_list":{"0":"post-468077","1":"post","2":"type-post","3":"status-publish","4":"format-standard","5":"has-post-thumbnail","7":"category-actualites","8":"tag-actualites","9":"tag-assemblee-nationale","10":"tag-fr","11":"tag-france","12":"tag-gouvernement","13":"tag-lfi","14":"tag-news","15":"tag-republique-francaise","16":"tag-rn","17":"tag-sebastien-lecornu"},"share_on_mastodon":{"url":"https:\/\/pubeurope.com\/@fr\/115385342806454131","error":""},"_links":{"self":[{"href":"https:\/\/www.europesays.com\/fr\/wp-json\/wp\/v2\/posts\/468077","targetHints":{"allow":["GET"]}}],"collection":[{"href":"https:\/\/www.europesays.com\/fr\/wp-json\/wp\/v2\/posts"}],"about":[{"href":"https:\/\/www.europesays.com\/fr\/wp-json\/wp\/v2\/types\/post"}],"author":[{"embeddable":true,"href":"https:\/\/www.europesays.com\/fr\/wp-json\/wp\/v2\/users\/2"}],"replies":[{"embeddable":true,"href":"https:\/\/www.europesays.com\/fr\/wp-json\/wp\/v2\/comments?post=468077"}],"version-history":[{"count":0,"href":"https:\/\/www.europesays.com\/fr\/wp-json\/wp\/v2\/posts\/468077\/revisions"}],"wp:featuredmedia":[{"embeddable":true,"href":"https:\/\/www.europesays.com\/fr\/wp-json\/wp\/v2\/media\/468078"}],"wp:attachment":[{"href":"https:\/\/www.europesays.com\/fr\/wp-json\/wp\/v2\/media?parent=468077"}],"wp:term":[{"taxonomy":"category","embeddable":true,"href":"https:\/\/www.europesays.com\/fr\/wp-json\/wp\/v2\/categories?post=468077"},{"taxonomy":"post_tag","embeddable":true,"href":"https:\/\/www.europesays.com\/fr\/wp-json\/wp\/v2\/tags?post=468077"}],"curies":[{"name":"wp","href":"https:\/\/api.w.org\/{rel}","templated":true}]}}