{"id":468093,"date":"2025-10-16T18:57:14","date_gmt":"2025-10-16T18:57:14","guid":{"rendered":"https:\/\/www.europesays.com\/fr\/468093\/"},"modified":"2025-10-16T18:57:14","modified_gmt":"2025-10-16T18:57:14","slug":"max-verstappen-pret-a-egaler-vettel-et-depasser-senna-pour-entrer-encore-plus-dans-la-legende-ce-week-end","status":"publish","type":"post","link":"https:\/\/www.europesays.com\/fr\/468093\/","title":{"rendered":"Max Verstappen pr\u00eat \u00e0 \u00e9galer Vettel et d\u00e9passer Senna pour entrer encore plus dans la l\u00e9gende ce week-end"},"content":{"rendered":"<p>Max Verstappen pr\u00eat \u00e0 \u00e9crire encore plus sa l\u00e9gende en Formule 1 ce week-end. Alors que le pilote n\u00e9erlandais de Red Bull est dans une sacr\u00e9e forme, avec deux succ\u00e8s et une deuxi\u00e8me place sur les trois derni\u00e8res courses, il compte briller sur le Circuit of the Americas et continuer de grappiller son retard sur Oscar Piastri, leader du classement des pilotes. Toujours en qu\u00eate d&rsquo;un cinqui\u00e8me titre cons\u00e9cutif, le N\u00e9erlandais peut aussi entrer encore plus dans la l\u00e9gende de la F1 ce week-end en \u00e9galant \u00a0Sebastian Vettel et en d\u00e9passant Ayrton Senna dans des domaines diff\u00e9rents.<\/p>\n<p>Verstappen pr\u00eat \u00e0 \u00e9galer Vettel et d\u00e9passer Senna ce week-end<\/p>\n<p>Max Verstappen compte actuellement 121 podiums en carri\u00e8re. Il peut donc, d&rsquo;un c\u00f4t\u00e9, \u00e9galer Sebastian Vettel s\u2019il parvient \u00e0 finir dans le top 3 dimanche. Il \u00e9galerait l&rsquo;Allemand, quadruple champion du monde de F1, \u00e0 la troisi\u00e8me place de ce classement, derri\u00e8re Michael Schumacher et Lewis Hamilton. Mais d&rsquo;un autre c\u00f4t\u00e9, Verstappen vise aussi ce week-end sa 47e pole position pour Red Bull Racing. Et s&rsquo;il r\u00e9ussit, cela lui permettrait de d\u00e9passer Ayrton Senna et McLaren et de se hisser \u00e0 la troisi\u00e8me place de ce duo pilotes\/\u00e9curies. Il aurait, encore une fois, le duo Schumacher et Hamilton devant lui mais au vu de son \u00e2ge et son talent, il pourrait rapidement fondre sur les deux hommes. Max Verstappen sait qu&rsquo;il peut donc encore \u00e9crire un peu plus sa l\u00e9gende en Formule 1 ce week-end \u00e0 Austin&#8230;<\/p>\n<p>    Partagez cette info avec vos amis et vos proches en cliquant ici  <\/p>\n<p> Podcasts \u00e0 la une MEN LIFE <\/p>\n<p>    Pour r\u00e9sumer<\/p>\n<p>Max Verstappen pr\u00eat \u00e0 \u00e9crire encore plus sa l\u00e9gende en Formule 1 ce week-end. Alors que le pilote n\u00e9erlandais de Red Bull est dans une sacr\u00e9e forme, avec deux succ\u00e8s et une deuxi\u00e8me place sur les trois derni\u00e8res courses, il compte briller sur le Circuit of the Americas et continuer de grappiller son retard sur Oscar Piastri, leader du classement des pilotes.<\/p>\n<p>R\u00e9dacteur<\/p>\n<p><img decoding=\"async\" width=\"76\" height=\"76\" loading=\"lazy\" src=\"https:\/\/www.europesays.com\/fr\/wp-content\/uploads\/2025\/04\/logo-victor-willems.jpg\" alt=\"Victor Willems\"\/><\/p>\n","protected":false},"excerpt":{"rendered":"Max Verstappen pr\u00eat \u00e0 \u00e9crire encore plus sa l\u00e9gende en Formule 1 ce week-end. Alors que le pilote&hellip;\n","protected":false},"author":2,"featured_media":468094,"comment_status":"","ping_status":"","sticky":false,"template":"","format":"standard","meta":{"footnotes":""},"categories":[1412],"tags":[1451,1452,1453,1454,1455,1011,27,60],"class_list":{"0":"post-468093","1":"post","2":"type-post","3":"status-publish","4":"format-standard","5":"has-post-thumbnail","7":"category-f1","8":"tag-f1","9":"tag-formula-1","10":"tag-formula1","11":"tag-formule-1","12":"tag-formule1","13":"tag-fr","14":"tag-france","15":"tag-sports"},"share_on_mastodon":{"url":"https:\/\/pubeurope.com\/@fr\/115385378680296316","error":""},"_links":{"self":[{"href":"https:\/\/www.europesays.com\/fr\/wp-json\/wp\/v2\/posts\/468093","targetHints":{"allow":["GET"]}}],"collection":[{"href":"https:\/\/www.europesays.com\/fr\/wp-json\/wp\/v2\/posts"}],"about":[{"href":"https:\/\/www.europesays.com\/fr\/wp-json\/wp\/v2\/types\/post"}],"author":[{"embeddable":true,"href":"https:\/\/www.europesays.com\/fr\/wp-json\/wp\/v2\/users\/2"}],"replies":[{"embeddable":true,"href":"https:\/\/www.europesays.com\/fr\/wp-json\/wp\/v2\/comments?post=468093"}],"version-history":[{"count":0,"href":"https:\/\/www.europesays.com\/fr\/wp-json\/wp\/v2\/posts\/468093\/revisions"}],"wp:featuredmedia":[{"embeddable":true,"href":"https:\/\/www.europesays.com\/fr\/wp-json\/wp\/v2\/media\/468094"}],"wp:attachment":[{"href":"https:\/\/www.europesays.com\/fr\/wp-json\/wp\/v2\/media?parent=468093"}],"wp:term":[{"taxonomy":"category","embeddable":true,"href":"https:\/\/www.europesays.com\/fr\/wp-json\/wp\/v2\/categories?post=468093"},{"taxonomy":"post_tag","embeddable":true,"href":"https:\/\/www.europesays.com\/fr\/wp-json\/wp\/v2\/tags?post=468093"}],"curies":[{"name":"wp","href":"https:\/\/api.w.org\/{rel}","templated":true}]}}