{"id":468102,"date":"2025-10-16T19:02:14","date_gmt":"2025-10-16T19:02:14","guid":{"rendered":"https:\/\/www.europesays.com\/fr\/468102\/"},"modified":"2025-10-16T19:02:14","modified_gmt":"2025-10-16T19:02:14","slug":"la-librairie-metis-nouveau-repere-culturel-a-prenzlauer-berg","status":"publish","type":"post","link":"https:\/\/www.europesays.com\/fr\/468102\/","title":{"rendered":"La librairie Metis, nouveau rep\u00e8re culturel \u00e0 Prenzlauer Berg"},"content":{"rendered":"<p>Le projet d\u2019une vie<\/p>\n<p>Pour Dario comme pour Bruno, libraire n\u2019est pas leur premier m\u00e9tier. L\u2019un comme l\u2019autre ont eu un parcours de vie passionnant, ayant v\u00e9cu dans de nombreux pays : en France, en Italie, en Espagne et bien d\u2019autres encore. Pour tous deux, l\u2019ouverture d\u2019une librairie-caf\u00e9 est un r\u00eave qu\u2019ils nourrissent depuis longtemps.<\/p>\n<p>C\u2019est \u00e0 la sortie du Covid, apr\u00e8s de longues r\u00e9flexions, que le couple d\u00e9cide de monter sa propre librairie-caf\u00e9. Le projet est bien construit : ils se forment d\u2019abord \u00e0 l\u2019achat et \u00e0 la mise en vente de livres, avant de travailler pour une grande cha\u00eene de librairies afin d\u2019acqu\u00e9rir de l\u2019exp\u00e9rience dans le domaine. Enfin, au d\u00e9but de l\u2019ann\u00e9e, apr\u00e8s de longs mois pass\u00e9s \u00e0 trouver les bons locaux, ils se lancent dans l\u2019aventure.<\/p>\n<p>Metis, c\u2019est le nom qu\u2019ils ont choisi pour ce lieu : celui d\u2019une d\u00e9esse m\u00e9connue, d\u00e9esse du savoir et de la connaissance. Ce nom a \u00e9t\u00e9 retenu, car il se prononce de la m\u00eame mani\u00e8re dans toutes les langues. De plus, la librairie Metis est un lieu \u00e0 inspiration m\u00e9diterran\u00e9enne : ainsi, choisir une d\u00e9esse grecque permet d\u2019avoir un symbole ancr\u00e9 dans cette culture. Enfin, le fait que ce soit une figure f\u00e9minine s\u2019inscrit dans la volont\u00e9 de Dario et Bruno de donner une grande place au f\u00e9minin dans leur enseigne.<\/p>\n<p>L\u2019\u00e9tablissement poss\u00e8de trois dimensions : un aspect culturel et \u00e9v\u00e9nementiel, un aspect librairie et un aspect caf\u00e9. Au sein de la librairie, ces dimensions sont repr\u00e9sent\u00e9es par un code couleur, qui permet de distinguer les espaces et de ne pas les confondre. Un choix artistique et d\u00e9coratif qui rend le lieu color\u00e9 et harmonieux.<\/p>\n<p>C\u00f4t\u00e9 librairie, il s\u2019agit d\u2019un lieu unique \u00e0 Berlin, car comme le soulignent Dario et Bruno :<br \/>\u00a0<\/p>\n<blockquote>\n<p>\u00ab Il existe \u00e0 Berlin des librairies en fran\u00e7ais, en espagnol ou en italien, mais aucune qui permette de regrouper toutes ces cultures. \u00bb<\/p>\n<\/blockquote>\n<p>D\u00e9sormais, il existe un lieu \u00e0 Berlin o\u00f9 l\u2019on peut retrouver principalement des livres en anglais et en allemand, mais aussi en espagnol, en fran\u00e7ais, en italien et m\u00eame en catalan.<br \/>\u00a0<\/p>\n<p><img alt=\"Litt\u00e9rature internationale de la librairie \" loading=\"lazy\" decoding=\"async\" data-nimg=\"fill\" class=\"drupal__img undefined\" style=\"position:absolute;height:100%;width:100%;left:0;top:0;right:0;bottom:0;object-fit:cover;color:transparent\"   src=\"https:\/\/www.europesays.com\/fr\/wp-content\/uploads\/2025\/10\/1760641333_495_image\"\/>\u00a9 \u00a0Guilhem Pastre &#8211; lepetitjournal.com<\/p>\n<p>\u00c0 cette diversit\u00e9 de lectures s\u2019ajoute un espace caf\u00e9-restauration. Cela donne plus de convivialit\u00e9 au lieu, tout en permettant \u00e0 Dario et Bruno de laisser libre cours \u00e0 leur passion pour la cuisine. En effet, il ne s\u2019agit pas seulement d\u2019un caf\u00e9 : on y trouve aussi des g\u00e2teaux et autres sp\u00e9cialit\u00e9s m\u00e9diterran\u00e9ennes, pr\u00e9par\u00e9s maison par ces deux grands amateurs de gastronomie.<\/p>\n<p>Metis est \u00e9galement un lieu d\u2019\u00e9v\u00e9nements. Non seulement Dario et Bruno organisent eux-m\u00eames des rencontres litt\u00e9raires, mais d\u2019autres groupes berlinois y tiennent aussi des lectures et discussions. Les rencontres tournent autour de th\u00e8mes vari\u00e9s : clubs de lecture, pr\u00e9sentations de livres dans diff\u00e9rentes langues, mais aussi \u00e9v\u00e9nements sociaux, car l\u2019objectif de la librairie est avant tout de favoriser les rencontres entre les habitu\u00e9s.<\/p>\n<p>Des journ\u00e9es \u00e0 th\u00e8me sont organis\u00e9es, ainsi que des soir\u00e9es de slow dating, ouvertes aussi bien aux personnes h\u00e9t\u00e9rosexuelles qu\u2019aux personnes LGBTQ+. Des lectures sont \u00e9galement propos\u00e9es pour les enfants, qui ont une place bien \u00e0 eux dans la librairie. Enfin, des d\u00eeners artistiques et des expositions de photos ou de peintures viennent compl\u00e9ter la programmation culturelle du lieu.<\/p>\n<p>Tous ces \u00e9v\u00e9nements contribuent \u00e0 faire de la librairie Metis un v\u00e9ritable lieu de rencontre et de partage pour les habitants du quartier.<\/p>\n<p>\u00a0<\/p>\n<p><img alt=\"Photo des rayonnages de la Librairie Metis\" loading=\"lazy\" decoding=\"async\" data-nimg=\"fill\" class=\"drupal__img undefined\" style=\"position:absolute;height:100%;width:100%;left:0;top:0;right:0;bottom:0;object-fit:cover;color:transparent\"   src=\"https:\/\/www.europesays.com\/fr\/wp-content\/uploads\/2025\/10\/1760641334_262_image\"\/>\u00a9 \u00a0Guilhem Pastre &#8211; lepetitjournal.com<\/p>\n<p>Un lieu \u00e0 forte identit\u00e9<\/p>\n<p>Vous l\u2019aurez compris, la librairie Metis n\u2019est pas une librairie comme les autres : c\u2019est un lieu culturel bouillonnant et accueillant, o\u00f9 petits et grands peuvent venir lire et passer du bon temps. En fl\u00e2nant dans les rayons, vous remarquerez que les livres ne sont pas choisis au hasard. En effet, Dario et Bruno sont de v\u00e9ritables passionn\u00e9s, tr\u00e8s attentifs \u00e0 la s\u00e9lection de leurs ouvrages.<br \/>\u00a0<\/p>\n<blockquote>\n<p>\u00ab Il n\u2019y a pas une seule ligne : il y a six langues dans la librairie. Mais l\u2019id\u00e9e de base, c\u2019est de pr\u00e9senter de la litt\u00e9rature contemporaine. On accorde beaucoup d\u2019importance \u00e0 des sujets comme la nature, le f\u00e9minisme ou la cause LGBTQ+. \u00bb<\/p>\n<\/blockquote>\n<p>Mais ce ne sont pas les seuls th\u00e8mes que Dario et Bruno souhaitent mettre en avant. Pour eux, la sant\u00e9 mentale ou encore le plaisir sont tout aussi essentiels. Ils tiennent aussi \u00e0 proposer des romans pour r\u00eaver, s\u2019\u00e9vader ou se d\u00e9tendre.<\/p>\n<p>Ils cherchent \u00e9galement \u00e0 diversifier les auteur\u00b7rices et \u00e0 donner une place importante aux voix minoritaires. Leur but : cr\u00e9er un espace o\u00f9 ces voix ont leur place, un juste \u00e9quilibre entre litt\u00e9rature de niche et litt\u00e9rature grand public, tout en privil\u00e9giant les petites maisons d\u2019\u00e9dition.<\/p>\n<p>Un autre choix \u00e9ditorial fort chez M\u00e9tis est de proposer une belle s\u00e9lection de livres pour enfants. Ce march\u00e9 s\u2019est beaucoup d\u00e9velopp\u00e9 en Europe ces derni\u00e8res ann\u00e9es, et les th\u00e8mes abord\u00e9s y sont de plus en plus vari\u00e9s. Dans la continuit\u00e9 de leur ligne \u00e9ditoriale pour adolescents et adultes, ils tiennent \u00e0 proposer \u00e0 la fois des classiques, comme les contes des fr\u00e8res Grimm ou les fables de La Fontaine, et des ouvrages pour enfants abordant des sujets chers \u00e0 la librairie, comme la diversit\u00e9, le f\u00e9minisme ou les luttes LGBTQ+, \u00e0 hauteur d\u2019enfant.<\/p>\n<p>Au-del\u00e0 de son catalogue, Metis est aussi une librairie de quartier, capable de commander des ouvrages venus des quatre coins de l\u2019Europe. Sa ligne \u00e9ditoriale s\u2019affiche jusque sur les murs : Dario et Bruno tiennent \u00e0 donner de la visibilit\u00e9 \u00e0 des artistes ind\u00e9pendants, souvent issus de communaut\u00e9s marginalis\u00e9es.<\/p>\n<p>C\u2019est donc un lieu tout \u00e0 fait particulier, d\u00e9sormais ancr\u00e9 dans le paysage du quartier de Prenzlauer Berg : une librairie qui refl\u00e8te la diversit\u00e9 culturelle et de genre au c\u0153ur de l\u2019identit\u00e9 berlinoise.<\/p>\n<p>Un lieu o\u00f9 l\u2019on peut acheter le premier livre de son enfant ou celui qui changera sa vision du monde\u2026 le tout en d\u00e9gustant un d\u00e9licieux dessert et un bon caf\u00e9.<\/p>\n<p><strong data-end=\"25\" data-start=\"3\">Metis Books &amp; Caf\u00e9<\/strong><br data-end=\"28\" data-is-only-node=\"\" data-start=\"25\"\/><br \/>\n\ud83d\udccd\u00a0Gleimstr. 21, 10437 Berlin<br \/>\ud83d\udd52\u00a0Horaires d\u2019ouverture<br data-end=\"91\" data-is-only-node=\"\" data-start=\"88\"\/><br \/>\n&#8211; Lundi : 14h \u2013 18h<br data-end=\"113\" data-start=\"110\"\/><br \/>\n&#8211; Mardi \u2013 Mercredi : 14h \u2013 19h<br data-end=\"146\" data-start=\"143\"\/><br \/>\n&#8211; Jeudi \u2013 Vendredi : 12h \u2013 20h<br data-end=\"179\" data-start=\"176\"\/><br \/>\n&#8211; Samedi : 10h \u2013 18h<br data-end=\"202\" data-start=\"199\"\/><br \/>\n&#8211; Dimanche : 11h \u2013 18h<\/p>\n<p>\u00a0<\/p>\n<blockquote class=\"instagram-media\" data-instgrm-captioned=\"\" data-instgrm-permalink=\"https:\/\/www.instagram.com\/reel\/DPeernPCKmT\/?utm_source=ig_embed&amp;utm_campaign=loading\" data-instgrm-version=\"14\" style=\"background:#FFF;border:0;border-radius:3px;box-shadow:0 0 1px 0 rgba(0,0,0,0.5),0 1px 10px 0 rgba(0,0,0,0.15);margin:1px;max-width:540px;min-width:326px;padding:0;width:calc(100% - 2px)\">\n<\/blockquote>\n<p class=\"p-empty\">\u00a0<\/p>\n<p data-pm-slice=\"1 1 []\">Pour recevoir gratuitement notre\u00a0<a href=\"https:\/\/lepetitjournal.com\/newsletter-152565\" target=\"_blank\" rel=\"nofollow noopener\">newsletter<\/a>\u00a0du lundi au vendredi, inscrivez-vous !<br \/>Pour nous suivre sur\u00a0<a href=\"https:\/\/www.facebook.com\/LPJBerlin\/\" target=\"_blank\" rel=\"nofollow noopener\">Facebook<\/a>,\u00a0<a href=\"https:\/\/twitter.com\/LPJ_Berlin\" target=\"_blank\" rel=\"nofollow noopener\">Twitter<\/a>\u00a0et\u00a0<a href=\"https:\/\/www.instagram.com\/lpj_berlin\/\" target=\"_blank\" rel=\"nofollow noopener\">Instagram<\/a>.<\/p>\n<p><script async src=\"https:\/\/platform.twitter.com\/widgets.js\" charset=\"utf-8\"><\/script><script async src=\"\/\/www.instagram.com\/embed.js\"><\/script><\/p>\n","protected":false},"excerpt":{"rendered":"Le projet d\u2019une vie Pour Dario comme pour Bruno, libraire n\u2019est pas leur premier m\u00e9tier. L\u2019un comme l\u2019autre&hellip;\n","protected":false},"author":2,"featured_media":468103,"comment_status":"","ping_status":"","sticky":false,"template":"","format":"standard","meta":{"footnotes":""},"categories":[1357],"tags":[1379,58,59,1011,27,1380],"class_list":{"0":"post-468102","1":"post","2":"type-post","3":"status-publish","4":"format-standard","5":"has-post-thumbnail","7":"category-livres","8":"tag-books","9":"tag-divertissement","10":"tag-entertainment","11":"tag-fr","12":"tag-france","13":"tag-livres"},"share_on_mastodon":{"url":"https:\/\/pubeurope.com\/@fr\/115385398468512872","error":""},"_links":{"self":[{"href":"https:\/\/www.europesays.com\/fr\/wp-json\/wp\/v2\/posts\/468102","targetHints":{"allow":["GET"]}}],"collection":[{"href":"https:\/\/www.europesays.com\/fr\/wp-json\/wp\/v2\/posts"}],"about":[{"href":"https:\/\/www.europesays.com\/fr\/wp-json\/wp\/v2\/types\/post"}],"author":[{"embeddable":true,"href":"https:\/\/www.europesays.com\/fr\/wp-json\/wp\/v2\/users\/2"}],"replies":[{"embeddable":true,"href":"https:\/\/www.europesays.com\/fr\/wp-json\/wp\/v2\/comments?post=468102"}],"version-history":[{"count":0,"href":"https:\/\/www.europesays.com\/fr\/wp-json\/wp\/v2\/posts\/468102\/revisions"}],"wp:featuredmedia":[{"embeddable":true,"href":"https:\/\/www.europesays.com\/fr\/wp-json\/wp\/v2\/media\/468103"}],"wp:attachment":[{"href":"https:\/\/www.europesays.com\/fr\/wp-json\/wp\/v2\/media?parent=468102"}],"wp:term":[{"taxonomy":"category","embeddable":true,"href":"https:\/\/www.europesays.com\/fr\/wp-json\/wp\/v2\/categories?post=468102"},{"taxonomy":"post_tag","embeddable":true,"href":"https:\/\/www.europesays.com\/fr\/wp-json\/wp\/v2\/tags?post=468102"}],"curies":[{"name":"wp","href":"https:\/\/api.w.org\/{rel}","templated":true}]}}