{"id":468115,"date":"2025-10-16T19:09:10","date_gmt":"2025-10-16T19:09:10","guid":{"rendered":"https:\/\/www.europesays.com\/fr\/468115\/"},"modified":"2025-10-16T19:09:10","modified_gmt":"2025-10-16T19:09:10","slug":"le-service-de-videos-generees-par-lia-sora-chamboule-les-reseaux-sociaux","status":"publish","type":"post","link":"https:\/\/www.europesays.com\/fr\/468115\/","title":{"rendered":"le service de vid\u00e9os g\u00e9n\u00e9r\u00e9es par l\u2019IA Sora chamboule les r\u00e9seaux sociaux"},"content":{"rendered":"<p>\n    <strong>R\u00c9CIT <\/strong>&#8211; Lanc\u00e9 d\u00e9but octobre par OpenAI, il conna\u00eet un succ\u00e8s fulgurant outre-Atlantique malgr\u00e9 des d\u00e9bats \u00e9thiques et juridiques.<\/p>\n<p class=\"fig-paragraph\">Depuis deux semaines,\u00a0<a href=\"http:\/\/www.lefigaro.fr\/secteur\/high-tech\/chatgpt-de-la-creativite-openai-annonce-le-lancement-de-sa-nouvelle-application-sora-concurrente-de-tiktok-20250930\" data-fig-type=\"NewsFlash\" data-gtm-custom-categorie=\"navigation\" data-gtm-custom-action=\"crossclick\" data-gtm-custom-label=\"Contextuel\" data-gtm-event=\"customEventSPE\" data-fig-domain=\"LEFIGARO\" rel=\"nofollow noopener\" target=\"_blank\">des centaines de milliers de vid\u00e9os g\u00e9n\u00e9r\u00e9es par intelligence artificielle<\/a>\u00a0ont envahi TikTok, Instagram et YouTube. Beaucoup de vid\u00e9os d\u00e9cal\u00e9es, comme celle d\u2019un chien grimpant un mur d\u2019escalade ou d\u2019une patineuse artistique faisant des acrobaties avec un chat sur la t\u00eate. Mais aussi des internautes qui n\u2019h\u00e9sitent pas \u00e0 se mettre en sc\u00e8ne dans des situations loufoques, sautant dans le vide avec une pizza g\u00e9ante en guise de parachute, se pr\u00e9lassant dans des paysages paradisiaques ou bien\u2026 allong\u00e9s sur un lit d\u2019h\u00f4pital. Toutefois, il ne s\u2019agit pas vraiment d\u2019eux, mais de leurs doubles IA.<\/p>\n<p class=\"fig-paragraph\">Ces vid\u00e9os, qui frappent par leur r\u00e9alisme, ont \u00e9t\u00e9 produites avec\u00a0<a href=\"http:\/\/www.lefigaro.fr\/secteur\/high-tech\/qu-est-ce-que-sora-le-reseau-social-d-openai-qui-veut-concurrencer-tiktok-20251001\" data-fig-type=\"NewsFlash\" data-gtm-custom-categorie=\"navigation\" data-gtm-custom-action=\"crossclick\" data-gtm-custom-label=\"Contextuel\" data-gtm-event=\"customEventSPE\" data-fig-domain=\"LEFIGARO\" rel=\"nofollow noopener\" target=\"_blank\">Sora<\/a>, la nouvelle application d\u2019OpenAI lanc\u00e9e le 30\u00a0septembre. Cette plateforme &#8211; dont une premi\u00e8re version, destin\u00e9e aux professionnels, avait vu le jour l\u2019an pass\u00e9 &#8211; permet de cr\u00e9er des vid\u00e9os de 15\u00a0secondes \u00e0 partir d\u2019un simple texte (ou \u00ab\u00a0prompt\u00a0\u00bb) puis de les diffuser sur l\u2019appli ou ailleurs. Avec seulement\u2026<\/p>\n<p class=\"fig-premium-paywall__infos\">\n        Cet article est r\u00e9serv\u00e9 aux abonn\u00e9s.        Il vous reste 87% \u00e0 d\u00e9couvrir.\n    <\/p>\n<p>                <img  data- alt=\"Le Figaro\" class=\"fig-img--complete fig-img\"\/><\/p>\n<p class=\"fig-premium-paywall__title\">Vous avez envie de lire la suite ?<\/p>\n<p class=\"fig-premium-paywall__subtitle\">D\u00e9bloquez tous les articles imm\u00e9diatement.<\/p>\n<p class=\"fig-premium-paywall__connect\">\n                D\u00e9j\u00e0 abonn\u00e9\u00a0?                <a class=\"fig-premium-paywall__connect-link\" href=\"https:\/\/connect.lefigaro.fr\/login?client=horizon_web&amp;type=main&amp;redirect_uri=https%3A%2F%2Fwww.lefigaro.fr%2Fsecteur%2Fhigh-tech%2Fce-qui-change-c-est-le-niveau-de-qualite-atteint-le-service-de-videos-generees-par-l-ia-sora-chamboule-les-reseaux-sociaux-20251016\" data-js-gtm=\"{&quot;customCategorie&quot;: &quot;conversion&quot;, &quot;customAction&quot;: &quot;before_Landing_Connexion_paywall_auto&quot;, &quot;customLabel&quot;: &quot;bGVmaWdhcm8uZnJfXzFmMGE5YzNiLTQxN2UtNmQzYy1iNjU3LWRkMTExZWU0ZTFmYV9fQXJ0aWNsZQ==_\u00abCe qui change, c\u2019est le niveau de qualit\u00e9 atteint\u00bb\u00a0: le service de vid\u00e9os g\u00e9n\u00e9r\u00e9es par l\u2019IA Sora chamboule les r\u00e9seaux sociaux_385&quot;, &quot;customIDSPE&quot;: &quot;bGVmaWdhcm8uZnJfXzFmMGE5YzNiLTQxN2UtNmQzYy1iNjU3LWRkMTExZWU0ZTFmYV9fQXJ0aWNsZQ==&quot;, &quot;event&quot;: &quot;customEventSPE&quot;}\" rel=\"nofollow noopener\" target=\"_blank\"><br \/>\n                    Connectez-vous<br \/>\n                <\/a>\n            <\/p>\n","protected":false},"excerpt":{"rendered":"R\u00c9CIT &#8211; Lanc\u00e9 d\u00e9but octobre par OpenAI, il conna\u00eet un succ\u00e8s fulgurant outre-Atlantique malgr\u00e9 des d\u00e9bats \u00e9thiques et&hellip;\n","protected":false},"author":2,"featured_media":468116,"comment_status":"","ping_status":"","sticky":false,"template":"","format":"standard","meta":{"footnotes":""},"categories":[7],"tags":[1011,27,223,143,938,43,40,41,39,42,44],"class_list":{"0":"post-468115","1":"post","2":"type-post","3":"status-publish","4":"format-standard","5":"has-post-thumbnail","7":"category-sciences-et-technologies","8":"tag-fr","9":"tag-france","10":"tag-intelligence-artificielle","11":"tag-openai","12":"tag-reseaux-sociaux","13":"tag-science","14":"tag-science-and-technology","15":"tag-sciences","16":"tag-sciences-et-technologies","17":"tag-technologies","18":"tag-technology"},"share_on_mastodon":{"url":"https:\/\/pubeurope.com\/@fr\/115385425371962889","error":""},"_links":{"self":[{"href":"https:\/\/www.europesays.com\/fr\/wp-json\/wp\/v2\/posts\/468115","targetHints":{"allow":["GET"]}}],"collection":[{"href":"https:\/\/www.europesays.com\/fr\/wp-json\/wp\/v2\/posts"}],"about":[{"href":"https:\/\/www.europesays.com\/fr\/wp-json\/wp\/v2\/types\/post"}],"author":[{"embeddable":true,"href":"https:\/\/www.europesays.com\/fr\/wp-json\/wp\/v2\/users\/2"}],"replies":[{"embeddable":true,"href":"https:\/\/www.europesays.com\/fr\/wp-json\/wp\/v2\/comments?post=468115"}],"version-history":[{"count":0,"href":"https:\/\/www.europesays.com\/fr\/wp-json\/wp\/v2\/posts\/468115\/revisions"}],"wp:featuredmedia":[{"embeddable":true,"href":"https:\/\/www.europesays.com\/fr\/wp-json\/wp\/v2\/media\/468116"}],"wp:attachment":[{"href":"https:\/\/www.europesays.com\/fr\/wp-json\/wp\/v2\/media?parent=468115"}],"wp:term":[{"taxonomy":"category","embeddable":true,"href":"https:\/\/www.europesays.com\/fr\/wp-json\/wp\/v2\/categories?post=468115"},{"taxonomy":"post_tag","embeddable":true,"href":"https:\/\/www.europesays.com\/fr\/wp-json\/wp\/v2\/tags?post=468115"}],"curies":[{"name":"wp","href":"https:\/\/api.w.org\/{rel}","templated":true}]}}