{"id":468121,"date":"2025-10-16T19:12:12","date_gmt":"2025-10-16T19:12:12","guid":{"rendered":"https:\/\/www.europesays.com\/fr\/468121\/"},"modified":"2025-10-16T19:12:12","modified_gmt":"2025-10-16T19:12:12","slug":"au-proces-de-cedric-jubillar-une-plaidoirie-danthologie-sous-le-signe-du-doute","status":"publish","type":"post","link":"https:\/\/www.europesays.com\/fr\/468121\/","title":{"rendered":"Au proc\u00e8s de C\u00e9dric Jubillar, une plaidoirie d\u2019anthologie sous le signe du doute"},"content":{"rendered":"<p>\n    <strong>COMPTE RENDU D\u2019AUDIENCE &#8211;<\/strong> La d\u00e9fense du peintre plaquiste, accus\u00e9 du meurtre de son \u00e9pouse Delphine, a fait de son mieux pour combattre le faisceau d\u2019indices r\u00e9colt\u00e9 par l\u2019accusation. Le verdict est attendu vendredi.<\/p>\n<p class=\"fig-paragraph\">Le doute est un vertige impalpable qui n\u2019a pas de poids, seulement de la densit\u00e9.\u00a0<a href=\"http:\/\/www.lefigaro.fr\/faits-divers\/me-emmanuelle-franck-dans-les-cours-d-assises-les-monstres-n-existent-pas-20250628\" target=\"_blank\" data-fig-type=\"Article\" rel=\"noopener\" data-gtm-custom-categorie=\"navigation\" data-gtm-custom-action=\"crossclick\" data-gtm-custom-label=\"Contextuel\" data-gtm-event=\"customEventSPE\" data-fig-domain=\"LEFIGARO\">Aux assises<\/a>, la d\u00e9cision de culpabilit\u00e9 se prend en premi\u00e8re instance \u00e0 la majorit\u00e9 de sept voix au moins sur neuf bulletins secrets &#8211; trois magistrats et six jur\u00e9s. Autrement dit, si le doute est suffisamment dense pour faire chanceler l\u2019intime conviction de trois des juges, professionnels ou citoyens tir\u00e9s au sort, l\u2019acquittement s\u2019impose.<\/p>\n<p class=\"fig-paragraph\">Il n\u2019y a dans\u00a0<a href=\"https:\/\/www.lefigaro.fr\/fig-data\/affaire-jubillar-chronologie-d-un-mystere-devant-la-justice-20250922\/\" target=\"_blank\" rel=\"noopener\" data-gtm-custom-categorie=\"navigation\" data-gtm-custom-action=\"crossclick\" data-gtm-custom-label=\"Contextuel\" data-gtm-event=\"customEventSPE\">le dossier Jubillar<\/a>\u00a0pas de preuve au sens d\u00e9finitif du terme, mais un faisceau d\u2019indices qui d\u00e9signe l\u2019accus\u00e9,\u00a0<a href=\"http:\/\/www.lefigaro.fr\/faits-divers\/il-se-vantait-d-avoir-des-tas-de-femmes-cedric-jubillar-de-l-ado-coureur-de-jupon-a-l-amant-manipulateur-20250921\" target=\"_blank\" data-fig-type=\"Article\" rel=\"noopener\" data-gtm-custom-categorie=\"navigation\" data-gtm-custom-action=\"crossclick\" data-gtm-custom-label=\"Contextuel\" data-gtm-event=\"customEventSPE\" data-fig-domain=\"LEFIGARO\">peintre plaquiste de 38\u00a0ans<\/a>\u00a0dont le moins qu\u2019on puisse dire est qu\u2019il ne se donne pas un mal de chien pour para\u00eetre sympathique. Sa d\u00e9fense n\u2019a qu\u2019une strat\u00e9gie possible\u00a0: torpiller les certitudes relatives du minist\u00e8re public,\u00a0<a href=\"http:\/\/www.lefigaro.fr\/actualite-france\/au-proces-de-cedric-jubillar-l-implacable-requisitoire-pour-un-crime-sans-cadavre-20251015\" target=\"_blank\" data-fig-type=\"Article\" rel=\"noopener\" data-gtm-custom-categorie=\"navigation\" data-gtm-custom-action=\"crossclick\" data-gtm-custom-label=\"Contextuel\" data-gtm-event=\"customEventSPE\" data-fig-domain=\"LEFIGARO\">remarquablement pr\u00e9sent\u00e9es mercredi par l\u2019avocat g\u00e9n\u00e9ral Ruff<\/a>, pour leur substituer un brouillard le plus imp\u00e9n\u00e9trable possible.<\/p>\n<p class=\"fig-paragraph\">Me Emmanuelle Franck a livr\u00e9 jeudi une plaidoirie d\u2019anthologie sur ce th\u00e8me impos\u00e9. Il lui\u2026<\/p>\n<p class=\"fig-premium-paywall__infos\">\n        Cet article est r\u00e9serv\u00e9 aux abonn\u00e9s.        Il vous reste 87% \u00e0 d\u00e9couvrir.\n    <\/p>\n<p>                <img  data- alt=\"Le Figaro\" class=\"fig-img--complete fig-img\"\/><\/p>\n<p class=\"fig-premium-paywall__title\">Vous avez envie de lire la suite ?<\/p>\n<p class=\"fig-premium-paywall__subtitle\">D\u00e9bloquez tous les articles imm\u00e9diatement.<\/p>\n<p class=\"fig-premium-paywall__connect\">\n                D\u00e9j\u00e0 abonn\u00e9\u00a0?                <a class=\"fig-premium-paywall__connect-link\" href=\"https:\/\/connect.lefigaro.fr\/login?client=horizon_web&amp;type=main&amp;redirect_uri=https%3A%2F%2Fwww.lefigaro.fr%2Factualite-france%2Fau-proces-de-cedric-jubillar-une-plaidoirie-d-anthologie-sous-le-signe-du-doute-20251016\" data-js-gtm=\"{&quot;customCategorie&quot;: &quot;conversion&quot;, &quot;customAction&quot;: &quot;before_Landing_Connexion_paywall_auto&quot;, &quot;customLabel&quot;: &quot;bGVmaWdhcm8uZnJfXzFmMGFhOWU4LTYyNzItNjIxOC04YmIzLTE5NjIzNWM2YmY0OV9fQXJ0aWNsZQ==_Au proc\u00e8s de C\u00e9dric Jubillar, une plaidoirie d\u2019anthologie sous le signe du doute_89&quot;, &quot;customIDSPE&quot;: &quot;bGVmaWdhcm8uZnJfXzFmMGFhOWU4LTYyNzItNjIxOC04YmIzLTE5NjIzNWM2YmY0OV9fQXJ0aWNsZQ==&quot;, &quot;event&quot;: &quot;customEventSPE&quot;}\" target=\"_blank\" rel=\"noopener\"><br \/>\n                    Connectez-vous<br \/>\n                <\/a>\n            <\/p>\n","protected":false},"excerpt":{"rendered":"COMPTE RENDU D\u2019AUDIENCE &#8211; La d\u00e9fense du peintre plaquiste, accus\u00e9 du meurtre de son \u00e9pouse Delphine, a fait&hellip;\n","protected":false},"author":2,"featured_media":468122,"comment_status":"","ping_status":"","sticky":false,"template":"","format":"standard","meta":{"footnotes":""},"categories":[4],"tags":[11,33030,33031,1011,27,12,2694,25],"class_list":{"0":"post-468121","1":"post","2":"type-post","3":"status-publish","4":"format-standard","5":"has-post-thumbnail","7":"category-france","8":"tag-actualites","9":"tag-cedric-jubillar","10":"tag-delphine-jubillar","11":"tag-fr","12":"tag-france","13":"tag-news","14":"tag-proces","15":"tag-republique-francaise"},"share_on_mastodon":{"url":"https:\/\/pubeurope.com\/@fr\/115385437189400555","error":""},"_links":{"self":[{"href":"https:\/\/www.europesays.com\/fr\/wp-json\/wp\/v2\/posts\/468121","targetHints":{"allow":["GET"]}}],"collection":[{"href":"https:\/\/www.europesays.com\/fr\/wp-json\/wp\/v2\/posts"}],"about":[{"href":"https:\/\/www.europesays.com\/fr\/wp-json\/wp\/v2\/types\/post"}],"author":[{"embeddable":true,"href":"https:\/\/www.europesays.com\/fr\/wp-json\/wp\/v2\/users\/2"}],"replies":[{"embeddable":true,"href":"https:\/\/www.europesays.com\/fr\/wp-json\/wp\/v2\/comments?post=468121"}],"version-history":[{"count":0,"href":"https:\/\/www.europesays.com\/fr\/wp-json\/wp\/v2\/posts\/468121\/revisions"}],"wp:featuredmedia":[{"embeddable":true,"href":"https:\/\/www.europesays.com\/fr\/wp-json\/wp\/v2\/media\/468122"}],"wp:attachment":[{"href":"https:\/\/www.europesays.com\/fr\/wp-json\/wp\/v2\/media?parent=468121"}],"wp:term":[{"taxonomy":"category","embeddable":true,"href":"https:\/\/www.europesays.com\/fr\/wp-json\/wp\/v2\/categories?post=468121"},{"taxonomy":"post_tag","embeddable":true,"href":"https:\/\/www.europesays.com\/fr\/wp-json\/wp\/v2\/tags?post=468121"}],"curies":[{"name":"wp","href":"https:\/\/api.w.org\/{rel}","templated":true}]}}