{"id":468125,"date":"2025-10-16T19:14:22","date_gmt":"2025-10-16T19:14:22","guid":{"rendered":"https:\/\/www.europesays.com\/fr\/468125\/"},"modified":"2025-10-16T19:14:22","modified_gmt":"2025-10-16T19:14:22","slug":"saint-paul-duzore-le-sou-des-ecoles-fete-halloween","status":"publish","type":"post","link":"https:\/\/www.europesays.com\/fr\/468125\/","title":{"rendered":"Saint-Paul-d&rsquo;Uzore. Le Sou des \u00e9coles f\u00eate Halloween"},"content":{"rendered":"<p>Apr\u00e8s avoir convi\u00e9 les parents le jour de la rentr\u00e9e, \u00e0 une petite collation anim\u00e9e par Cerisette d\u00e9guis\u00e9e en clown, artiste de la petite bulle, le Sou des \u00e9coles \u00ab\u00a0Chaprapaul\u00a0\u00bb lance la soir\u00e9e Halloween qui se d\u00e9roulera le vendredi 31\u00a0octobre \u00e0 partir de 17\u00a0h\u00a030 \u00e0 la salle des f\u00eates. Pour se plonger dans l\u2019ambiance, les enfants ainsi que les parents doivent \u00eatre maquill\u00e9s et d\u00e9guis\u00e9s pour une tourn\u00e9e monstrueuse au c\u0153ur du village. Au retour, les monstres d\u00e9gusteront les friandises autour de ce grand moment festif.<\/p>\n<p class=\"note\">Renseignement\u00a0: Nicolas Rouchon, pr\u00e9sident au 06.26.79.78.29.<\/p>\n","protected":false},"excerpt":{"rendered":"Apr\u00e8s avoir convi\u00e9 les parents le jour de la rentr\u00e9e, \u00e0 une petite collation anim\u00e9e par Cerisette d\u00e9guis\u00e9e&hellip;\n","protected":false},"author":2,"featured_media":468126,"comment_status":"","ping_status":"","sticky":false,"template":"","format":"standard","meta":{"footnotes":""},"categories":[9653],"tags":[1111,11,2430,1687,7359,1777,674,1011,27,15717,12,4043,25,4001,59196,953],"class_list":{"0":"post-468125","1":"post","2":"type-post","3":"status-publish","4":"format-standard","5":"has-post-thumbnail","7":"category-saint-etienne","8":"tag-actu","9":"tag-actualites","10":"tag-auvergne-rhone-alpes","11":"tag-culture-loisirs","12":"tag-edition-loire-centre","13":"tag-eu","14":"tag-europe","15":"tag-fr","16":"tag-france","17":"tag-montbrison-bassin","18":"tag-news","19":"tag-repas-et-the-dansant","20":"tag-republique-francaise","21":"tag-saint-etienne","22":"tag-saint-paul-duzore","23":"tag-soiree"},"share_on_mastodon":{"url":"https:\/\/pubeurope.com\/@fr\/115385445087850047","error":""},"_links":{"self":[{"href":"https:\/\/www.europesays.com\/fr\/wp-json\/wp\/v2\/posts\/468125","targetHints":{"allow":["GET"]}}],"collection":[{"href":"https:\/\/www.europesays.com\/fr\/wp-json\/wp\/v2\/posts"}],"about":[{"href":"https:\/\/www.europesays.com\/fr\/wp-json\/wp\/v2\/types\/post"}],"author":[{"embeddable":true,"href":"https:\/\/www.europesays.com\/fr\/wp-json\/wp\/v2\/users\/2"}],"replies":[{"embeddable":true,"href":"https:\/\/www.europesays.com\/fr\/wp-json\/wp\/v2\/comments?post=468125"}],"version-history":[{"count":0,"href":"https:\/\/www.europesays.com\/fr\/wp-json\/wp\/v2\/posts\/468125\/revisions"}],"wp:featuredmedia":[{"embeddable":true,"href":"https:\/\/www.europesays.com\/fr\/wp-json\/wp\/v2\/media\/468126"}],"wp:attachment":[{"href":"https:\/\/www.europesays.com\/fr\/wp-json\/wp\/v2\/media?parent=468125"}],"wp:term":[{"taxonomy":"category","embeddable":true,"href":"https:\/\/www.europesays.com\/fr\/wp-json\/wp\/v2\/categories?post=468125"},{"taxonomy":"post_tag","embeddable":true,"href":"https:\/\/www.europesays.com\/fr\/wp-json\/wp\/v2\/tags?post=468125"}],"curies":[{"name":"wp","href":"https:\/\/api.w.org\/{rel}","templated":true}]}}