{"id":468135,"date":"2025-10-16T19:19:11","date_gmt":"2025-10-16T19:19:11","guid":{"rendered":"https:\/\/www.europesays.com\/fr\/468135\/"},"modified":"2025-10-16T19:19:11","modified_gmt":"2025-10-16T19:19:11","slug":"brigitte-bardot-hospitalisee-depuis-trois-semaines-a-toulon","status":"publish","type":"post","link":"https:\/\/www.europesays.com\/fr\/468135\/","title":{"rendered":"Brigitte Bardot hospitalis\u00e9e depuis trois semaines \u00e0 Toulon"},"content":{"rendered":"<p>Brigitte Bardot, figure embl\u00e9matique du cin\u00e9ma fran\u00e7ais et grande <a href=\"https:\/\/www.laprovence.com\/article\/societe\/4567360\/44-ans-de-combat-pour-les-animaux-brigitte-bardot-ressort-ses-griffes.html\" target=\"_blank\" rel=\"noopener\">d\u00e9fenseuse de la cause animale<\/a>, est hospitalis\u00e9e \u00e0 Toulon, rapportent <a href=\"https:\/\/www.nicematin.com\/culture\/brigitte-bardot-hospitalisee-a-toulon-10652805\" target=\"_blank\" rel=\"noopener\">Var-Matin<\/a> et <a href=\"https:\/\/www.francebleu.fr\/infos\/medias-people\/brigitte-bardot-hospitalisee-a-toulon-6646368\" target=\"_blank\" rel=\"noopener\">ICI Provence<\/a>. L&rsquo;ancienne actrice, \u00e2g\u00e9e de 91 ans, serait prise en charge depuis trois semaines dans l&rsquo;\u00e9tablissement hospitalier priv\u00e9 Saint-Jean.<\/p>\n<p>Selon les informations de Var-Matin, Brigitte Bardot aurait subi une intervention chirurgicale \u00ab\u00a0dans le cadre d&rsquo;une maladie grave\u00a0\u00bb dont la nature n&rsquo;a pas \u00e9t\u00e9 pr\u00e9cis\u00e9e.<\/p>\n<p>Un \u00e9tat pr\u00e9occupant<\/p>\n<p>Des sources cit\u00e9es par ICI Provence indiquent qu&rsquo;elle se repose et se remet doucement, sans donner plus de d\u00e9tails sur son \u00e9tat de sant\u00e9 actuel qui selon Var Matin reste tout de m\u00eame pr\u00e9occupant.<\/p>\n<p>Brigitte Bardot a c\u00e9l\u00e9br\u00e9 son 91\u00e8me anniversaire le 28 septembre dernier. Ce n&rsquo;est pas la premi\u00e8re fois que l&rsquo;ancienne star est hospitalis\u00e9e ces derni\u00e8res ann\u00e9es. En janvier 2023, elle avait d\u00e9j\u00e0 \u00e9t\u00e9 admise \u00e0 l&rsquo;h\u00f4pital suite \u00e0 une insuffisance respiratoire.<\/p>\n","protected":false},"excerpt":{"rendered":"Brigitte Bardot, figure embl\u00e9matique du cin\u00e9ma fran\u00e7ais et grande d\u00e9fenseuse de la cause animale, est hospitalis\u00e9e \u00e0 Toulon,&hellip;\n","protected":false},"author":2,"featured_media":468136,"comment_status":"","ping_status":"","sticky":false,"template":"","format":"standard","meta":{"footnotes":""},"categories":[9619],"tags":[17,1111,11,57061,1102,38114,251,394,1777,674,1011,27,20213,12,882,25,20432,2310,1100],"class_list":{"0":"post-468135","1":"post","2":"type-post","3":"status-publish","4":"format-standard","5":"has-post-thumbnail","7":"category-toulon","8":"tag-17","9":"tag-actu","10":"tag-actualites","11":"tag-bardot","12":"tag-breakingnews","13":"tag-brigitte","14":"tag-culture","15":"tag-depuis","16":"tag-eu","17":"tag-europe","18":"tag-fr","19":"tag-france","20":"tag-hospitalisee","21":"tag-news","22":"tag-provence-alpes-cote-dazur","23":"tag-republique-francaise","24":"tag-semaines","25":"tag-toulon","26":"tag-trois"},"share_on_mastodon":{"url":"https:\/\/pubeurope.com\/@fr\/115385464474924317","error":""},"_links":{"self":[{"href":"https:\/\/www.europesays.com\/fr\/wp-json\/wp\/v2\/posts\/468135","targetHints":{"allow":["GET"]}}],"collection":[{"href":"https:\/\/www.europesays.com\/fr\/wp-json\/wp\/v2\/posts"}],"about":[{"href":"https:\/\/www.europesays.com\/fr\/wp-json\/wp\/v2\/types\/post"}],"author":[{"embeddable":true,"href":"https:\/\/www.europesays.com\/fr\/wp-json\/wp\/v2\/users\/2"}],"replies":[{"embeddable":true,"href":"https:\/\/www.europesays.com\/fr\/wp-json\/wp\/v2\/comments?post=468135"}],"version-history":[{"count":0,"href":"https:\/\/www.europesays.com\/fr\/wp-json\/wp\/v2\/posts\/468135\/revisions"}],"wp:featuredmedia":[{"embeddable":true,"href":"https:\/\/www.europesays.com\/fr\/wp-json\/wp\/v2\/media\/468136"}],"wp:attachment":[{"href":"https:\/\/www.europesays.com\/fr\/wp-json\/wp\/v2\/media?parent=468135"}],"wp:term":[{"taxonomy":"category","embeddable":true,"href":"https:\/\/www.europesays.com\/fr\/wp-json\/wp\/v2\/categories?post=468135"},{"taxonomy":"post_tag","embeddable":true,"href":"https:\/\/www.europesays.com\/fr\/wp-json\/wp\/v2\/tags?post=468135"}],"curies":[{"name":"wp","href":"https:\/\/api.w.org\/{rel}","templated":true}]}}