{"id":468137,"date":"2025-10-16T19:20:10","date_gmt":"2025-10-16T19:20:10","guid":{"rendered":"https:\/\/www.europesays.com\/fr\/468137\/"},"modified":"2025-10-16T19:20:10","modified_gmt":"2025-10-16T19:20:10","slug":"qui-est-ce-duo-offrant-un-clip-alliant-energie-melodie-et-touches-delectro-subtiles","status":"publish","type":"post","link":"https:\/\/www.europesays.com\/fr\/468137\/","title":{"rendered":"qui est ce duo offrant un clip alliant \u00e9nergie, m\u00e9lodie et touches d&rsquo;\u00e9lectro subtiles\u00a0?"},"content":{"rendered":"<p>            Par<br \/>\n        <strong><br \/>\n            <a href=\"https:\/\/actu.fr\/auteur\/jm-aubert\" title=\"Consulter tous les articles de Jean-Marc Aubert\" rel=\"nofollow noopener\" target=\"_blank\">Jean-Marc Aubert<\/a><br \/>\n        <\/strong><\/p>\n<p>        Publi\u00e9 le<\/p>\n<p>            16 oct. 2025 \u00e0 21h00        <\/p>\n<p>Le duo indie-rock du <strong>groupe Blue Ark<\/strong>\u00a0form\u00e9 par les Montpelli\u00e9rains\u00a0Anthony et Bruno allie e\u0301nergie, me\u0301lodie et touches e\u0301lectroniques subtiles. Un duo magique. Leur musique puise son inspiration dans les <strong>le\u0301gendes du rock<\/strong> et de\u00a0l\u2019<strong>e\u0301lectro,<\/strong> avec des influences puis\u00e9es chez Stereophonics, U2, Oasis, Bruce Springsteen, Radiohead ou encore M83. Le re\u0301sultat : une musique a\u0300 la fois brute, e\u0301motionnelle et\u00a0re\u0302veuse.<\/p>\n<p>L\u2019indie-rock a\u0300 l\u2019e\u0301nergie since\u0300re<\/p>\n<p class=\" wall-content\">Anthony a de\u0301couvert la musique avec Oasis, U2 et la Brit Pop des 90\u2019s, avant de s\u2019ouvrir aux sonorite\u0301s plus denses de The Smashing Pumpkins et Muse. Multi-instrumentiste et programmeur du duo, il fac\u0327onne ses ambiances entre guitares et textures sonores. Fide\u0300le a\u0300 la marque Hagstrom pour ses guitares, il travaille exclusivement via HeadRush pour ses sonorite\u0301s ainsi que Marshall pour les\u00a0amplis, pour un son a\u0300 la fois puissant et raffine\u0301.<\/p>\n<p class=\" wall-content\">Le premier manifeste\u00a0du duo, Never\u00a0Surrender est une\u00a0chanson d\u2019e\u0301nergie et\u00a0de perse\u0301ve\u0301rance.\u00a0Conc\u0327ue pour captiver\u00a0imme\u0301diatement son\u00a0public, elle pose la<br \/>premie\u0300re pierre d\u2019une\u00a0aventure musicale ambitieuse et montre la puissance me\u0301lodique et e\u0301motionnelle du groupe.<\/p>\n<p class=\" wall-content\">\n<p>Never Surrender : un bijou<\/p>\n<p class=\" wall-content\">Plus intime et poe\u0301tique, The Light explore le re\u0301confort et la lumie\u0300re que l\u2019on trouve dans l\u2019autre face aux doutes et aux peurs. A\u0300 travers les moments de la journe\u0301e, du matin au soir, la chanson e\u0301voque la force de la\u00a0pre\u0301sence et de l\u2019empathie, avec des paroles sensibles et universelles qui touchent au c\u0153ur.<\/p>\n<p class=\" wall-content\">Le clip de Never Surrender, disponible depuis le 27 septembre 2025, a e\u0301te\u0301 re\u0301alise\u0301 par Antoine Coussement (Travelling Montpellier) et produit par Amandine Hameau, de Rude Production. Cette collaboration met en lumie\u0300re l\u2019univers du groupe et sa volonte\u0301 de travailler avec une\u00a0nouvelle ge\u0301ne\u0301ration de talents cre\u0301atifs. Une belle d\u00e9couverte pour les amateurs d\u2019indie-rock : \u00e9coutez, vous allez adorer, c\u2019est un v\u00e9ritable bijou. \u00c0 <strong>M\u00e9tropolitain<\/strong>, nous prenons les paris que \u00e7a va cartonner.<\/p>\n<p>Vid\u00e9os : en ce moment sur Actu&gt; Retrouvez Blue Ark sur Facebook <a href=\"https:\/\/www.facebook.com\/bluearkoff\/photos_by\" rel=\"nofollow noopener\" target=\"_blank\">https:\/\/www.facebook.com\/bluearkoff\/photos_by <\/a>Et sur Instagram\u00a0<a href=\"https:\/\/www.instagram.com\/blueark_off\/\" rel=\"nofollow noopener\" target=\"_blank\">https:\/\/www.instagram.com\/blueark_off\/<\/a><\/p>\n<p class=\" wall-content\">Personnalisez votre actualit\u00e9 en ajoutant vos villes et m\u00e9dias en favori avec <a href=\"https:\/\/moncompte.actu.fr\" title=\"D\u00e9couvez Mon Actu\" rel=\"nofollow noopener\" data-trk=\"{&quot;cta&quot;:{&quot;action&quot;:&quot;https:\\\/\\\/moncompte.actu.fr&quot;,&quot;category&quot;:&quot;mon compte&quot;,&quot;from&quot;:&quot;article footer&quot;,&quot;name&quot;:&quot;Mon actu&quot;,&quot;type&quot;:&quot;cta&quot;}}\" target=\"_blank\">Mon Actu<\/a>.<\/p>\n<p>                    <script async src=\"\/\/www.instagram.com\/embed.js\"><\/script><\/p>\n","protected":false},"excerpt":{"rendered":"Par Jean-Marc Aubert Publi\u00e9 le 16 oct. 2025 \u00e0 21h00 Le duo indie-rock du groupe Blue Ark\u00a0form\u00e9 par&hellip;\n","protected":false},"author":2,"featured_media":468138,"comment_status":"","ping_status":"","sticky":false,"template":"","format":"standard","meta":{"footnotes":""},"categories":[9599],"tags":[1111,11,23078,1777,674,1011,27,1652,2208,873,12,23929,2680,25],"class_list":{"0":"post-468137","1":"post","2":"type-post","3":"status-publish","4":"format-standard","5":"has-post-thumbnail","7":"category-montpellier","8":"tag-actu","9":"tag-actualites","10":"tag-bruce-springsteen","11":"tag-eu","12":"tag-europe","13":"tag-fr","14":"tag-france","15":"tag-loisirs-culture","16":"tag-montpellier","17":"tag-musique","18":"tag-news","19":"tag-oasis","20":"tag-occitanie","21":"tag-republique-francaise"},"share_on_mastodon":{"url":"","error":""},"_links":{"self":[{"href":"https:\/\/www.europesays.com\/fr\/wp-json\/wp\/v2\/posts\/468137","targetHints":{"allow":["GET"]}}],"collection":[{"href":"https:\/\/www.europesays.com\/fr\/wp-json\/wp\/v2\/posts"}],"about":[{"href":"https:\/\/www.europesays.com\/fr\/wp-json\/wp\/v2\/types\/post"}],"author":[{"embeddable":true,"href":"https:\/\/www.europesays.com\/fr\/wp-json\/wp\/v2\/users\/2"}],"replies":[{"embeddable":true,"href":"https:\/\/www.europesays.com\/fr\/wp-json\/wp\/v2\/comments?post=468137"}],"version-history":[{"count":0,"href":"https:\/\/www.europesays.com\/fr\/wp-json\/wp\/v2\/posts\/468137\/revisions"}],"wp:featuredmedia":[{"embeddable":true,"href":"https:\/\/www.europesays.com\/fr\/wp-json\/wp\/v2\/media\/468138"}],"wp:attachment":[{"href":"https:\/\/www.europesays.com\/fr\/wp-json\/wp\/v2\/media?parent=468137"}],"wp:term":[{"taxonomy":"category","embeddable":true,"href":"https:\/\/www.europesays.com\/fr\/wp-json\/wp\/v2\/categories?post=468137"},{"taxonomy":"post_tag","embeddable":true,"href":"https:\/\/www.europesays.com\/fr\/wp-json\/wp\/v2\/tags?post=468137"}],"curies":[{"name":"wp","href":"https:\/\/api.w.org\/{rel}","templated":true}]}}