{"id":46814,"date":"2025-04-23T14:50:10","date_gmt":"2025-04-23T14:50:10","guid":{"rendered":"https:\/\/www.europesays.com\/fr\/46814\/"},"modified":"2025-04-23T14:50:10","modified_gmt":"2025-04-23T14:50:10","slug":"ce-week-end-partout-en-france-700-librairies-independantes-seront-a-la-fete","status":"publish","type":"post","link":"https:\/\/www.europesays.com\/fr\/46814\/","title":{"rendered":"Ce week-end, partout en France, 700 librairies ind\u00e9pendantes seront \u00e0 la f\u00eate!"},"content":{"rendered":"<p>Ce samedi 26 avril, on c\u00e9l\u00e8bre la 27e \u00e9dition de la F\u00eate de la Libraire ind\u00e9pendante. Cette ann\u00e9e, cinq beaux-livres seront offerts \u00e0 cette occasion.<\/p>\n<p class=\"fig-paragraph\">Depuis que l\u2019initiative a \u00e9t\u00e9 lanc\u00e9e par l\u2019association Verbes en 1998, les librairies participantes \u00e0 La F\u00eate de la Librairie ind\u00e9pendante c\u00e9l\u00e8brent chaque ann\u00e9e cet \u00e9v\u00e8nement en offrant \u00e0 leurs visiteurs un \u00ab beau livre\u00a0\u00bb \u00e9dit\u00e9 sp\u00e9cialement pour cette f\u00eate. L\u2019ambition de cette c\u00e9l\u00e9bration est de mettre \u00e0 l\u2019honneur le commerce des libraires ind\u00e9pendants et de dire pourquoi ce sont des lieux essentiels et uniques. La publication d\u2019un \u00ab beau livre\u00a0\u00bb a toujours comme projet \u00ab de transmettre \u00e0 un large public un aspect de l\u2019histoire ou de la culture du livre\u00a0\u00bb.<\/p>\n<p>\u00ab Esprit es-tu l\u00e0\u00a0?\u00a0\u00bb<\/p>\n<p class=\"fig-paragraph\">Ce samedi 26 avril, pr\u00e8s de 700 librairies participent \u00e0 la f\u00eate, pas seulement en France, mais en Belgique, en Suisse et au Luxembourg. Contrairement aux ann\u00e9es pr\u00e9c\u00e9dentes, ce ne sera pas un seul beau livre offert aux clients des librairies participantes, d\u2019un tirage de 26.000 exemplaires, en partenariat avec les \u00e9ditions Gallimard, mais cinq beaux livres r\u00e9unis, sous le titre \u00ab Esprit es-tu l\u00e0\u00a0?\u00a0\u00bb\u00a0!<\/p>\n<p class=\"fig-paragraph\">\u00ab Avoir affaire \u00e0 des livres juxtapos\u00e9s dans un espace clos peut paraitre ordinaire\u00a0: c\u2019est pourtant l\u2019essence m\u00eame de la libraire que d\u2019offrir une cosmologie d\u2019auteurs, un condens\u00e9 de notre humanit\u00e9\u00a0\u00bb, affirme la direction, sous la houlette de\u00a0<a href=\"https:\/\/www.lefigaro.fr\/tag\/marie-rose-guarnieri\" target=\"_blank\" rel=\"noopener\" data-gtm-custom-categorie=\"navigation\" data-gtm-custom-action=\"crossclick\" data-gtm-custom-label=\"Contextuel\" data-gtm-event=\"customEventSPE\">Marie-Rose Guarni\u00e9ri<\/a>, pr\u00e9sidente de l\u2019association Verbes et fondatrice de la Librairie des Abbesses. En r\u00e9unissant ces cinq livres, cette \u00e9dition cherche \u00e0 capturer ce qui rend les librairies si sp\u00e9ciales, et tente de \u00ab d\u00e9voiler ce qui se joue dans cet espace si particulier qui est la libraire\u00a0: le destin ind\u00e9chiffrable d\u2019\u0153uvres tra\u00e7ant leur route \u00e0 travers une semaine ou des si\u00e8cles\u00a0\u00bb.<\/p>\n<p class=\"fig-paragraph\">Cinq artistes et intellectuels ont particip\u00e9 \u00e0 ce p\u00e9riple \u00e9ditorial, sur le th\u00e8me des \u00ab fant\u00f4mes\u00a0\u00bb. Gabriel Dufay, auteur, acteur, et metteur en sc\u00e8ne, publie une anthologie dans laquelle il enqu\u00eate sur les fant\u00f4mes dans l\u2019\u0153uvre po\u00e9tique de Robert Desnos. Antoine Gin\u00e9sy, pour sa part, offre une collection de cartes rassemblant les plaques comm\u00e9moratives de plusieurs auteurs qui ont hant\u00e9 les rues de Paris. Claire Morel met en lumi\u00e8re les pr\u00e9sences myst\u00e9rieuses que nous trouvons dans les livres. Daniel Sangsue recense les fant\u00f4mes dans la litt\u00e9rature du XIXe si\u00e8cle. Vraham Muratyan retrace les liaisons inaper\u00e7ues entre divers auteurs, les r\u00e9unissant dans de magnifiques constellations.<\/p>\n","protected":false},"excerpt":{"rendered":"Ce samedi 26 avril, on c\u00e9l\u00e8bre la 27e \u00e9dition de la F\u00eate de la Libraire ind\u00e9pendante. Cette ann\u00e9e,&hellip;\n","protected":false},"author":2,"featured_media":46815,"comment_status":"","ping_status":"","sticky":false,"template":"","format":"standard","meta":{"footnotes":""},"categories":[1357],"tags":[2008,2007,1379,58,2005,2006,59,1011,27,1351,2003,1380,2009,2004,1479],"class_list":{"0":"post-46814","1":"post","2":"type-post","3":"status-publish","4":"format-standard","5":"has-post-thumbnail","7":"category-livres","8":"tag-autobiographies","9":"tag-biographies","10":"tag-books","11":"tag-divertissement","12":"tag-ecrivain","13":"tag-ecrivains","14":"tag-entertainment","15":"tag-fr","16":"tag-france","17":"tag-litterature","18":"tag-livre","19":"tag-livres","20":"tag-oeuvre","21":"tag-roman","22":"tag-romans"},"share_on_mastodon":{"url":"https:\/\/pubeurope.com\/@fr\/114387840083746269","error":""},"_links":{"self":[{"href":"https:\/\/www.europesays.com\/fr\/wp-json\/wp\/v2\/posts\/46814","targetHints":{"allow":["GET"]}}],"collection":[{"href":"https:\/\/www.europesays.com\/fr\/wp-json\/wp\/v2\/posts"}],"about":[{"href":"https:\/\/www.europesays.com\/fr\/wp-json\/wp\/v2\/types\/post"}],"author":[{"embeddable":true,"href":"https:\/\/www.europesays.com\/fr\/wp-json\/wp\/v2\/users\/2"}],"replies":[{"embeddable":true,"href":"https:\/\/www.europesays.com\/fr\/wp-json\/wp\/v2\/comments?post=46814"}],"version-history":[{"count":0,"href":"https:\/\/www.europesays.com\/fr\/wp-json\/wp\/v2\/posts\/46814\/revisions"}],"wp:featuredmedia":[{"embeddable":true,"href":"https:\/\/www.europesays.com\/fr\/wp-json\/wp\/v2\/media\/46815"}],"wp:attachment":[{"href":"https:\/\/www.europesays.com\/fr\/wp-json\/wp\/v2\/media?parent=46814"}],"wp:term":[{"taxonomy":"category","embeddable":true,"href":"https:\/\/www.europesays.com\/fr\/wp-json\/wp\/v2\/categories?post=46814"},{"taxonomy":"post_tag","embeddable":true,"href":"https:\/\/www.europesays.com\/fr\/wp-json\/wp\/v2\/tags?post=46814"}],"curies":[{"name":"wp","href":"https:\/\/api.w.org\/{rel}","templated":true}]}}