{"id":468143,"date":"2025-10-16T19:23:18","date_gmt":"2025-10-16T19:23:18","guid":{"rendered":"https:\/\/www.europesays.com\/fr\/468143\/"},"modified":"2025-10-16T19:23:18","modified_gmt":"2025-10-16T19:23:18","slug":"vers-un-record-dinfluence-pour-la-reception-de-rouen","status":"publish","type":"post","link":"https:\/\/www.europesays.com\/fr\/468143\/","title":{"rendered":"vers un record d&rsquo;influence pour la r\u00e9ception de Rouen"},"content":{"rendered":"<p>            Par<br \/>\n        <strong><br \/>\n            <a href=\"https:\/\/actu.fr\/auteur\/martin-arrot\" title=\"Consulter tous les articles de Martin Arrot\" target=\"_blank\" rel=\"noopener\">Martin Arrot<\/a><br \/>\n        <\/strong><\/p>\n<p>        Publi\u00e9 le<\/p>\n<p>            16 oct. 2025 \u00e0 18h25        <\/p>\n<p>C\u2019est le <b>derby de la Normandie<\/b>. Mardi 21 octobre 2025 \u00e0 20h, <a href=\"https:\/\/actu.fr\/tag\/stade-malherbe-de-caen\" target=\"_blank\" rel=\"noopener\">le Stade Malherbe Caen<\/a> accueille son voisin de Seine-Maritime, le FC Rouen. \u00c0\u00a0moins d\u2019une semaine du coup d\u2019envoi, le club se dirige <b>vers une affluence record cette saison<\/b>.<\/p>\n<p>D\u00e9j\u00e0 13 000 billets vendus<\/p>\n<p class=\" wall-content\">Malgr\u00e9 un d\u00e9but de saison mitig\u00e9, les supporters caennais seront pr\u00e9sents en nombre pour la r\u00e9ception du leader rouennais : <b>13 000 billets ont d\u00e9j\u00e0 \u00e9t\u00e9 vendus.<\/b> Le parcage visiteur comptera 500 supporters.<br \/>Le club se dirige ainsi vers un record d\u2019affluence cette saison \u00e0 d\u2019Ornano mais aussi pour tout le championnat de National. Les pr\u00e9c\u00e9dents appartenant d\u00e9j\u00e0 au SMC, avec la r\u00e9ception d\u2019Aubagne (14 449 spectateurs) et celle de Versailles (13 307).<\/p>\n<p class=\" wall-content\">\u00c0 cinq jours du match, le record sera vraisemblablement battu, avec des supporters qui esp\u00e9reront voir Malherbe encha\u00eener, pour la premi\u00e8re fois cette saison,<b> une deuxi\u00e8me victoire cons\u00e9cutive en championnat<\/b>.<\/p>\n<p class=\" wall-content\">Personnalisez votre actualit\u00e9 en ajoutant vos villes et m\u00e9dias en favori avec <a href=\"https:\/\/moncompte.actu.fr\" title=\"D\u00e9couvez Mon Actu\" rel=\"nofollow noopener\" data-trk=\"{&quot;cta&quot;:{&quot;action&quot;:&quot;https:\\\/\\\/moncompte.actu.fr&quot;,&quot;category&quot;:&quot;mon compte&quot;,&quot;from&quot;:&quot;article footer&quot;,&quot;name&quot;:&quot;Mon actu&quot;,&quot;type&quot;:&quot;cta&quot;}}\" target=\"_blank\">Mon Actu<\/a>.<\/p>\n","protected":false},"excerpt":{"rendered":"Par Martin Arrot Publi\u00e9 le 16 oct. 2025 \u00e0 18h25 C\u2019est le derby de la Normandie. Mardi 21&hellip;\n","protected":false},"author":2,"featured_media":468144,"comment_status":"","ping_status":"","sticky":false,"template":"","format":"standard","meta":{"footnotes":""},"categories":[9587],"tags":[1111,11,1777,674,63,1011,27,12,5161,25,9590,60,266,1746],"class_list":{"0":"post-468143","1":"post","2":"type-post","3":"status-publish","4":"format-standard","5":"has-post-thumbnail","7":"category-rouen","8":"tag-actu","9":"tag-actualites","10":"tag-eu","11":"tag-europe","12":"tag-football","13":"tag-fr","14":"tag-france","15":"tag-news","16":"tag-normandie","17":"tag-republique-francaise","18":"tag-rouen","19":"tag-sports","20":"tag-stade-malherbe-de-caen","21":"tag-stade-michel-dornano"},"share_on_mastodon":{"url":"https:\/\/pubeurope.com\/@fr\/115385480210781997","error":""},"_links":{"self":[{"href":"https:\/\/www.europesays.com\/fr\/wp-json\/wp\/v2\/posts\/468143","targetHints":{"allow":["GET"]}}],"collection":[{"href":"https:\/\/www.europesays.com\/fr\/wp-json\/wp\/v2\/posts"}],"about":[{"href":"https:\/\/www.europesays.com\/fr\/wp-json\/wp\/v2\/types\/post"}],"author":[{"embeddable":true,"href":"https:\/\/www.europesays.com\/fr\/wp-json\/wp\/v2\/users\/2"}],"replies":[{"embeddable":true,"href":"https:\/\/www.europesays.com\/fr\/wp-json\/wp\/v2\/comments?post=468143"}],"version-history":[{"count":0,"href":"https:\/\/www.europesays.com\/fr\/wp-json\/wp\/v2\/posts\/468143\/revisions"}],"wp:featuredmedia":[{"embeddable":true,"href":"https:\/\/www.europesays.com\/fr\/wp-json\/wp\/v2\/media\/468144"}],"wp:attachment":[{"href":"https:\/\/www.europesays.com\/fr\/wp-json\/wp\/v2\/media?parent=468143"}],"wp:term":[{"taxonomy":"category","embeddable":true,"href":"https:\/\/www.europesays.com\/fr\/wp-json\/wp\/v2\/categories?post=468143"},{"taxonomy":"post_tag","embeddable":true,"href":"https:\/\/www.europesays.com\/fr\/wp-json\/wp\/v2\/tags?post=468143"}],"curies":[{"name":"wp","href":"https:\/\/api.w.org\/{rel}","templated":true}]}}