{"id":468157,"date":"2025-10-16T19:30:16","date_gmt":"2025-10-16T19:30:16","guid":{"rendered":"https:\/\/www.europesays.com\/fr\/468157\/"},"modified":"2025-10-16T19:30:16","modified_gmt":"2025-10-16T19:30:16","slug":"nice-plus-de-3-millions-deuros-de-fraude-au-dispositif-maprimerenov-trois-personnes-deferees","status":"publish","type":"post","link":"https:\/\/www.europesays.com\/fr\/468157\/","title":{"rendered":"Nice. Plus de 3 millions d&rsquo;euros de fraude au dispositif \u00ab MaPrimeR\u00e9nov&rsquo; \u00bb, trois personnes d\u00e9f\u00e9r\u00e9es"},"content":{"rendered":"<p>Elles sont suspect\u00e9es d&rsquo;avoir \u00e9dit\u00e9 de fausses factures pour escroquer l&rsquo;Agence nationale de l&rsquo;habitat (Anah), \u00e0 hauteur de plus de 3 millions d&rsquo;euros : trois personnes sont d\u00e9f\u00e9r\u00e9es \u00e0 Nice pour une arnaque au dispositif \u00ab MaPrimeR\u00e9nov&rsquo; \u00bb, a indiqu\u00e9 le parquet jeudi.<\/p>\n<p>Les escroqueries ont \u00e9t\u00e9 r\u00e9alis\u00e9es par le biais notamment de la constitution de soci\u00e9t\u00e9s fictives, a expliqu\u00e9 le procureur de Nice, Damien Martinelli. \u00ab Au travers de ces soci\u00e9t\u00e9s, via des faux devis, des fausses factures et des identit\u00e9s r\u00e9elles usurp\u00e9es, les comptes de ces soci\u00e9t\u00e9s recevaient des subventions au titre de ce dispositif pour des travaux inexistants \u00bb, a-t-il ajout\u00e9. Parall\u00e8lement \u00e0 ces escroqueries, \u00ab plusieurs dispositifs de blanchiment \u00bb ont \u00e9t\u00e9 mis en \u00e9vidence.<\/p>\n<p>Les fausses soci\u00e9t\u00e9s ont per\u00e7u plus de 3 millions d\u2019euros, et les \u00ab tentatives d\u2019escroquerie, d\u00e9tect\u00e9es avant versement des fonds, \u00e9taient \u00e9valu\u00e9es \u00e0 plus de 6 millions d\u2019euros \u00bb. Les saisies r\u00e9alis\u00e9es sur les comptes de certaines des soci\u00e9t\u00e9s impliqu\u00e9es ont permis de r\u00e9cup\u00e9rer plus de 350\u00a0000 euros.<\/p>\n<p>  Cinq personnes interpell\u00e9es<\/p>\n<p>Dans cette affaire, cinq personnes ont \u00e9t\u00e9 interpell\u00e9es mardi et plac\u00e9es en garde \u00e0 vue et trois d&rsquo;entre elles ont \u00e9t\u00e9 d\u00e9f\u00e9r\u00e9es jeudi dans le cadre de l&rsquo;ouverture d&rsquo;une information judiciaire. Le parquet a requis leur placement en d\u00e9tention provisoire.<\/p>\n<p>Par ailleurs, sept hommes seront prochainement jug\u00e9s devant le tribunal correctionnel de Paris pour une fraude au dispositif MaPrimeR\u00e9nov dont le pr\u00e9judice d\u00e9passe le million d&rsquo;euros. Ils sont suspect\u00e9s d&rsquo;avoir d\u00e9pos\u00e9 des dossiers frauduleux de r\u00e9novation \u00e9nerg\u00e9tique dans l&rsquo;est de la France pour b\u00e9n\u00e9ficier du dispositif MaPrimeR\u00e9nov, connu pour faire l&rsquo;objet de nombreuses tentatives de fraudes.<\/p>\n","protected":false},"excerpt":{"rendered":"Elles sont suspect\u00e9es d&rsquo;avoir \u00e9dit\u00e9 de fausses factures pour escroquer l&rsquo;Agence nationale de l&rsquo;habitat (Anah), \u00e0 hauteur de&hellip;\n","protected":false},"author":2,"featured_media":468158,"comment_status":"","ping_status":"","sticky":false,"template":"","format":"standard","meta":{"footnotes":""},"categories":[2819],"tags":[1111,11,271,272,1777,674,274,107,1011,27,329,12,2401,882,25],"class_list":{"0":"post-468157","1":"post","2":"type-post","3":"status-publish","4":"format-standard","5":"has-post-thumbnail","7":"category-nice","8":"tag-actu","9":"tag-actualites","10":"tag-crime","11":"tag-delit-et-contravention","12":"tag-eu","13":"tag-europe","14":"tag-faits-divers-justice","15":"tag-fil-info","16":"tag-fr","17":"tag-france","18":"tag-france-monde","19":"tag-news","20":"tag-nice","21":"tag-provence-alpes-cote-dazur","22":"tag-republique-francaise"},"share_on_mastodon":{"url":"https:\/\/pubeurope.com\/@fr\/115385507934822147","error":""},"_links":{"self":[{"href":"https:\/\/www.europesays.com\/fr\/wp-json\/wp\/v2\/posts\/468157","targetHints":{"allow":["GET"]}}],"collection":[{"href":"https:\/\/www.europesays.com\/fr\/wp-json\/wp\/v2\/posts"}],"about":[{"href":"https:\/\/www.europesays.com\/fr\/wp-json\/wp\/v2\/types\/post"}],"author":[{"embeddable":true,"href":"https:\/\/www.europesays.com\/fr\/wp-json\/wp\/v2\/users\/2"}],"replies":[{"embeddable":true,"href":"https:\/\/www.europesays.com\/fr\/wp-json\/wp\/v2\/comments?post=468157"}],"version-history":[{"count":0,"href":"https:\/\/www.europesays.com\/fr\/wp-json\/wp\/v2\/posts\/468157\/revisions"}],"wp:featuredmedia":[{"embeddable":true,"href":"https:\/\/www.europesays.com\/fr\/wp-json\/wp\/v2\/media\/468158"}],"wp:attachment":[{"href":"https:\/\/www.europesays.com\/fr\/wp-json\/wp\/v2\/media?parent=468157"}],"wp:term":[{"taxonomy":"category","embeddable":true,"href":"https:\/\/www.europesays.com\/fr\/wp-json\/wp\/v2\/categories?post=468157"},{"taxonomy":"post_tag","embeddable":true,"href":"https:\/\/www.europesays.com\/fr\/wp-json\/wp\/v2\/tags?post=468157"}],"curies":[{"name":"wp","href":"https:\/\/api.w.org\/{rel}","templated":true}]}}