{"id":46816,"date":"2025-04-23T14:51:16","date_gmt":"2025-04-23T14:51:16","guid":{"rendered":"https:\/\/www.europesays.com\/fr\/46816\/"},"modified":"2025-04-23T14:51:16","modified_gmt":"2025-04-23T14:51:16","slug":"un-collectif-accuse-le-groupe-tf1-de-mise-en-danger-du-public","status":"publish","type":"post","link":"https:\/\/www.europesays.com\/fr\/46816\/","title":{"rendered":"Un collectif accuse le groupe TF1 de \u00ab\u00a0mise en danger du public\u00a0\u00bb"},"content":{"rendered":"<p>                     <img loading=\"lazy\" decoding=\"async\" class=\"picture--cover\" src=\"https:\/\/www.europesays.com\/fr\/wp-content\/uploads\/2025\/04\/04d966b_sirius-fs-upload-1-md5acjmf8nwq-1745405807307-montages-23.png\"  width=\"640\" height=\"430\" alt=\"Capture d\u2019\u00e9cran TFX\" title=\"Capture d\u2019\u00e9cran TFX\"\/>      Capture d\u2019\u00e9cran TFX   TFX, Groupe TF1, Ah\u00a0! Production       <\/p>\n<p class=\"paywall--paraph\">\u00ab\u00a0Je pense qu\u2019il est temps de briser le silence.\u00a0\u00bb Le 16\u00a0avril dernier, dans un <a href=\"https:\/\/www.instagram.com\/p\/DIf_23Powv4\/?hl=fr\" target=\"_blank\" rel=\"noopener\" title=\"Nouvelle fen\u00eatre\">teaser<\/a> m\u00e9lodramatique m\u00ealant images g\u00e9n\u00e9r\u00e9es par intelligence artificielle et gros plans sur son visage, l\u2019influenceuse Jazz Correia annon\u00e7ait la diffusion prochaine de la nouvelle saison de la JLC Family, une t\u00e9l\u00e9r\u00e9alit\u00e9 consacr\u00e9e \u00e0 sa vie de famille. Diffus\u00e9 le 21\u00a0avril, le premier \u00e9pisode a rassembl\u00e9 219\u00a0000 t\u00e9l\u00e9spectateurs, soit 2,5\u00a0% de part d\u2019audience. Ce retour de l\u2019\u00e9mission a fait r\u00e9agir ses fans, ravis de retrouver, pour une septi\u00e8me saison, le quotidien duba\u00efote de Jazz, son mari Laurent, et leurs quatre enfants. Le couple s\u2019\u00e9tait fait conna\u00eetre respectivement via les programmes Qui veut \u00e9pouser mon fils\u00a0? et La Villa. Avant que la JLC Family soit lanc\u00e9e en 2019.<\/p>\n<p>    <script async src=\"\/\/www.instagram.com\/embed.js\"><\/script><\/p>\n","protected":false},"excerpt":{"rendered":"Capture d\u2019\u00e9cran TFX TFX, Groupe TF1, Ah\u00a0! Production \u00ab\u00a0Je pense qu\u2019il est temps de briser le silence.\u00a0\u00bb Le&hellip;\n","protected":false},"author":2,"featured_media":46817,"comment_status":"","ping_status":"","sticky":false,"template":"","format":"standard","meta":{"footnotes":""},"categories":[1356],"tags":[4690,58,59,1011,27,11195,252,199,1364],"class_list":{"0":"post-46816","1":"post","2":"type-post","3":"status-publish","4":"format-standard","5":"has-post-thumbnail","7":"category-television","8":"tag-arcom","9":"tag-divertissement","10":"tag-entertainment","11":"tag-fr","12":"tag-france","13":"tag-reseau-social","14":"tag-television","15":"tag-tf1","16":"tag-tv"},"share_on_mastodon":{"url":"https:\/\/pubeurope.com\/@fr\/114387844175915277","error":""},"_links":{"self":[{"href":"https:\/\/www.europesays.com\/fr\/wp-json\/wp\/v2\/posts\/46816","targetHints":{"allow":["GET"]}}],"collection":[{"href":"https:\/\/www.europesays.com\/fr\/wp-json\/wp\/v2\/posts"}],"about":[{"href":"https:\/\/www.europesays.com\/fr\/wp-json\/wp\/v2\/types\/post"}],"author":[{"embeddable":true,"href":"https:\/\/www.europesays.com\/fr\/wp-json\/wp\/v2\/users\/2"}],"replies":[{"embeddable":true,"href":"https:\/\/www.europesays.com\/fr\/wp-json\/wp\/v2\/comments?post=46816"}],"version-history":[{"count":0,"href":"https:\/\/www.europesays.com\/fr\/wp-json\/wp\/v2\/posts\/46816\/revisions"}],"wp:featuredmedia":[{"embeddable":true,"href":"https:\/\/www.europesays.com\/fr\/wp-json\/wp\/v2\/media\/46817"}],"wp:attachment":[{"href":"https:\/\/www.europesays.com\/fr\/wp-json\/wp\/v2\/media?parent=46816"}],"wp:term":[{"taxonomy":"category","embeddable":true,"href":"https:\/\/www.europesays.com\/fr\/wp-json\/wp\/v2\/categories?post=46816"},{"taxonomy":"post_tag","embeddable":true,"href":"https:\/\/www.europesays.com\/fr\/wp-json\/wp\/v2\/tags?post=46816"}],"curies":[{"name":"wp","href":"https:\/\/api.w.org\/{rel}","templated":true}]}}