{"id":468161,"date":"2025-10-16T19:32:09","date_gmt":"2025-10-16T19:32:09","guid":{"rendered":"https:\/\/www.europesays.com\/fr\/468161\/"},"modified":"2025-10-16T19:32:09","modified_gmt":"2025-10-16T19:32:09","slug":"grippe-aviaire-pres-de-nantes-un-foyer-detecte-dans-un-elevage-de-dindes","status":"publish","type":"post","link":"https:\/\/www.europesays.com\/fr\/468161\/","title":{"rendered":"Grippe aviaire\u00a0: pr\u00e8s de Nantes, un foyer d\u00e9tect\u00e9 dans un \u00e9levage de dindes"},"content":{"rendered":"<p>Un foyer de grippe aviaire hautement pathog\u00e8ne a \u00e9t\u00e9 confirm\u00e9 ce jeudi dans un \u00e9levage de dindes \u00e0 Nort-sur-Erdre (Loire-Atlantique), a annonc\u00e9 la pr\u00e9fecture. Les oiseaux pr\u00e9sents dans l\u2019\u00e9levage seront abattus afin d\u2019\u00e9viter une propagation du virus, a pr\u00e9cis\u00e9 la pr\u00e9fecture dans un communiqu\u00e9. Un arr\u00eat\u00e9 pr\u00e9fectoral a instaur\u00e9 une zone de protection de 3 km et une zone de surveillance de 10 km autour du site contamin\u00e9 pour \u00e9viter tout risque de diffusion du virus \u00e0 d\u2019autres \u00e9levages.<\/p>\n<p>Dans ces zones, le transport de volailles et d\u2019oiseaux captifs est interdit, sauf d\u00e9rogation accord\u00e9e par la direction d\u00e9partementale de la protection des populations (DDPP), a indiqu\u00e9 la m\u00eame source. Les autorit\u00e9s appellent l\u2019ensemble de la fili\u00e8re \u00ab \u00e0 l\u2019application la plus stricte des mesures de bios\u00e9curit\u00e9 pour emp\u00eacher le virus d\u2019entrer dans les \u00e9levages par les oiseaux sauvages (en cette p\u00e9riode de migration) ou les activit\u00e9s humaines \u00bb.<\/p>\n<p>\u00c9tat d\u2019alerte relev\u00e9 dans l\u2019Hexagone<\/p>\n<p>Avec le d\u00e9but de la saison de grippe aviaire en Europe, <a href=\"https:\/\/agriculture.gouv.fr\/iahp-la-france-place-son-territoire-en-niveau-de-risque-modere-pour-renforcer-la-protection-des\" target=\"_blank\" rel=\"noopener\">la France a relev\u00e9 mercredi le risque de \u00ab n\u00e9gligeable \u00bb \u00e0 \u00ab mod\u00e9r\u00e9 \u00bb<\/a>, apr\u00e8s la d\u00e9couverte de deux foyers en quelques jours et avant les grandes migrations d\u2019oiseaux sauvages. Le pays esp\u00e8re cependant \u00e9chapper \u00e0 nouveau \u00e0 une \u00e9pizootie majeure gr\u00e2ce \u00e0 la vaccination des canards, obligatoire dans le pays depuis l\u2019automne 2023.<\/p>\n<p>La France est ainsi pass\u00e9e de 1 800 foyers d\u2019influenza aviaire hautement pathog\u00e8ne (IAHP) entre 2021 et 2023, avec 32 millions de volailles abattues et des milliards d\u2019euros de pertes, \u00e0 quelques dizaines de foyers ces deux derni\u00e8res ann\u00e9es.<\/p>\n","protected":false},"excerpt":{"rendered":"Un foyer de grippe aviaire hautement pathog\u00e8ne a \u00e9t\u00e9 confirm\u00e9 ce jeudi dans un \u00e9levage de dindes \u00e0&hellip;\n","protected":false},"author":2,"featured_media":468162,"comment_status":"","ping_status":"","sticky":false,"template":"","format":"standard","meta":{"footnotes":""},"categories":[2818],"tags":[1111,11,5825,33,765,1777,674,1011,27,3047,766,12,2636,25],"class_list":{"0":"post-468161","1":"post","2":"type-post","3":"status-publish","4":"format-standard","5":"has-post-thumbnail","7":"category-nantes","8":"tag-actu","9":"tag-actualites","10":"tag-agroalimentaire","11":"tag-economie","12":"tag-en-continu","13":"tag-eu","14":"tag-europe","15":"tag-fr","16":"tag-france","17":"tag-loire-atlantique","18":"tag-nantes","19":"tag-news","20":"tag-pays-de-la-loire","21":"tag-republique-francaise"},"share_on_mastodon":{"url":"https:\/\/pubeurope.com\/@fr\/115385515697356434","error":""},"_links":{"self":[{"href":"https:\/\/www.europesays.com\/fr\/wp-json\/wp\/v2\/posts\/468161","targetHints":{"allow":["GET"]}}],"collection":[{"href":"https:\/\/www.europesays.com\/fr\/wp-json\/wp\/v2\/posts"}],"about":[{"href":"https:\/\/www.europesays.com\/fr\/wp-json\/wp\/v2\/types\/post"}],"author":[{"embeddable":true,"href":"https:\/\/www.europesays.com\/fr\/wp-json\/wp\/v2\/users\/2"}],"replies":[{"embeddable":true,"href":"https:\/\/www.europesays.com\/fr\/wp-json\/wp\/v2\/comments?post=468161"}],"version-history":[{"count":0,"href":"https:\/\/www.europesays.com\/fr\/wp-json\/wp\/v2\/posts\/468161\/revisions"}],"wp:featuredmedia":[{"embeddable":true,"href":"https:\/\/www.europesays.com\/fr\/wp-json\/wp\/v2\/media\/468162"}],"wp:attachment":[{"href":"https:\/\/www.europesays.com\/fr\/wp-json\/wp\/v2\/media?parent=468161"}],"wp:term":[{"taxonomy":"category","embeddable":true,"href":"https:\/\/www.europesays.com\/fr\/wp-json\/wp\/v2\/categories?post=468161"},{"taxonomy":"post_tag","embeddable":true,"href":"https:\/\/www.europesays.com\/fr\/wp-json\/wp\/v2\/tags?post=468161"}],"curies":[{"name":"wp","href":"https:\/\/api.w.org\/{rel}","templated":true}]}}