{"id":468168,"date":"2025-10-16T19:37:12","date_gmt":"2025-10-16T19:37:12","guid":{"rendered":"https:\/\/www.europesays.com\/fr\/468168\/"},"modified":"2025-10-16T19:37:12","modified_gmt":"2025-10-16T19:37:12","slug":"icone-de-la-musique-dj-mehdi-avait-un-lien-tres-fort-avec-toulouse-voici-lequel","status":"publish","type":"post","link":"https:\/\/www.europesays.com\/fr\/468168\/","title":{"rendered":"Ic\u00f4ne de la musique, DJ Mehdi avait un lien tr\u00e8s fort avec Toulouse : voici lequel"},"content":{"rendered":"<p>            Par<br \/>\n        <strong><br \/>\n            <a href=\"https:\/\/actu.fr\/auteur\/gabriel-kenedi\" title=\"Consulter tous les articles de Gabriel Kenedi\" target=\"_blank\" rel=\"noopener\">Gabriel Kenedi<\/a><br \/>\n        <\/strong><\/p>\n<p>        Publi\u00e9 le<\/p>\n<p>            16 oct. 2025 \u00e0 20h37        <\/p>\n<p>Remis en lumi\u00e8re par l\u2019excellente et bouleversante s\u00e9rie documentaire <strong>\u00ab\u00a0DJ Mehdi : made in France\u00a0\u00bb<\/strong>, <a href=\"https:\/\/www.arte.tv\/digitalproductions\/dj-mehdi-made-in-france\/\" target=\"_blank\" rel=\"noopener\">diffus\u00e9e sur Arte<\/a>, l\u2019ic\u00f4ne du hip-hop et de la musique \u00e9lectronique <strong>DJ Mehdi<\/strong> avait <strong>un lien tr\u00e8s fort<\/strong> <a href=\"https:\/\/actu.fr\/toulouse\/\" target=\"_blank\" rel=\"noopener\">avec Toulouse<\/a> ! C\u2019est d\u2019ailleurs la raison pour laquelle ses proches et plusieurs collectifs lui rendront hommage, samedi 18 octobre 2025, \u00e0 l\u2019occasion d\u2019un \u00e9v\u00e8nement enti\u00e8rement gratuit au<strong> Social Hub<\/strong> de Compans-Caffarelli, \u00e0 <strong>Toulouse<\/strong> (en pr\u00e9sence de <strong>Thibaut de Longeville<\/strong>, son meilleur ami et r\u00e9alisateur du documentaire \u2013\u00a0 nomm\u00e9 aux <strong>Emmy Awards \u2013<\/strong>\u00a0et de nombreux autres invit\u00e9s comme Manu Key, Dadoo, ou encore Mokob\u00e9).<\/p>\n<p>Un v\u00e9ritable g\u00e9nie du son\u00a0<\/p>\n<p class=\" wall-content\">D\u00e9c\u00e9d\u00e9 accidentellement en 2011 \u00e0 seulement 34 ans, <strong>DJ Mehdi<\/strong> (Mehdi Faveris-Essadi de son vrai nom) \u2013 qui a grandi en banlieue parisienne \u2013 \u00e9tait<strong> un v\u00e9ritable g\u00e9nie du son<\/strong> et a particip\u00e9 \u00e0 de nombreux projets <strong>rap<\/strong> (Id\u00e9al J, Mafia K\u20191 Fry, 113, Diam\u2019s, Assassin, MC Solaar\u2026) et <strong>\u00e9lectro<\/strong> (o\u00f9 il est devenu une des figures de la French Touch et du mythique label Ed Banger Records, dans lequel figuraient notamment Cassius ou Justice). Cette histoire est d\u00e9sormais connue. Mais ce que peu de gens savent, c\u2019est que cette histoire s\u2019est en partie d\u00e9roul\u00e9e \u00e0 Toulouse. Une ville o\u00f9 DJ Mehdi a m\u00eame eu <strong>un pied-\u00e0-terre<\/strong> dans les ann\u00e9es 2000, rue Saint-Ursule, dans l\u2019hypercentre et dans laquelle il se produisait r\u00e9guli\u00e8rement (et notamment au Bikini). \u00a0<\/p>\n<p>Un lien tr\u00e8s fort avec Toulouse<\/p>\n<p class=\" wall-content\">\u00ab\u00a0Il y a un lien affectif avec Toulouse puisqu\u2019il \u00e9tait en couple avec <strong>Fafi<\/strong> (pionni\u00e8re et reine du graffiti \u00e0 Toulouse, NDLR), et qu\u2019ils ont eu <strong>un enfant ensemble<\/strong>. Mais au-del\u00e0 de ce lien avec Fafi, DJ Mehdi a eu toute une histoire avec la ville de Toulouse et son milieu musical, qui n\u2019est pas n\u00e9cessairement connue du grand public. C\u2019est d\u2019ailleurs la raison pour laquelle on produit cet \u00e9v\u00e9nement\u00a0\u00bb, explique<strong> Gilles Andria<\/strong>, co-fondateur du collectif toulousain Forward, qui a sorti dans le m\u00eame temps <strong>un podcast<\/strong>\u00a0 (produit avec Waruz Productions) autour des ann\u00e9es toulousaines de DJ Mehdi (<a href=\"https:\/\/linktr.ee\/forwardtoulouse?fbclid=PAb21jcANd7aJleHRuA2FlbQIxMQABpyk3wVswNAGp95-VOh9oD7ClHA8FPsmumSs8AdkyKALPn1Rww7nbMdE4n0H4_aem_cakrreGgJaWqhSFe3G4peA\" target=\"_blank\" rel=\"noopener\">\u00ab\u00a0Lucky Boy in Toulouse\u00a0\u00bb<\/a>, disponible sur toutes les plateformes et que l\u2019on vous recommande chaudement !).\u00a0<\/p>\n<p>Vid\u00e9os : en ce moment sur ActuDes albums cultes enregistr\u00e9s \u00e0 Toulouse\u00a0<\/p>\n<p class=\" wall-content\">\u00ab\u00a0Mehdi, c\u2019est le <strong>trait d\u2019union<\/strong> entre plusieurs mondes musicaux. Quand le docu est sorti, \u00e7a m\u2019a fait tilt ! \u00c0 Toulouse, on a une histoire avec la musique de DJ Mehdi qui m\u00e9ritait d\u2019\u00eatre raconter\u00a0 !\u00a0\u00bb, indique Gilles Andria.\u00a0<\/p>\n<blockquote class=\"ac-article-quote wall-content\">\n<p>\u00ab\u00a0Mehdi a v\u00e9cu un certain temps \u00e0 Toulouse. Des projets, il en a eu plein ! Beaucoup de Toulousains l&rsquo;ignorent, mais il y a des albums iconiques du rap fran\u00e7ais comme \u00ab\u00a0Prince de la ville\u00a0\u00bb, ou \u00ab\u00a0Fou la merde\u00a0\u00bb de 113 et plus largement plein d&rsquo;albums de la Mafia K&rsquo;1 Fry qui ont \u00e9t\u00e9 travaill\u00e9s \u00e0 Toulouse. On avait \u00e0 cette \u00e9poque le studio Polygone, qui \u00e9tait \u00e0 Blagnac au niveau de l&rsquo;espace Odyssud, qui a vu passer toutes les plus grosses pointures de la musique des ann\u00e9es 90\/2000. Polygone a ferm\u00e9 en 2007 mais c&rsquo;\u00e9tait un studio central dans la musique en France, et notamment dans le milieu du rap\u00a0\u00bb.\u00a0<\/p>\n<p>    <strong>Gilles Andria<\/strong><br \/>\n        Co-fondateur du collectif Forward    <\/p><\/blockquote>\n<p>Votre r\u00e9gion, votre actu !<\/p>\n<p>Recevez chaque jour les infos qui comptent pour vous.<\/p>\n<p>\t<a href=\"https:\/\/actu.fr\/newsletter\" class=\"ac-btn ac-btn--corner ac-btn--medium ac-btn--blue800\" target=\"_blank\" rel=\"noopener\">S&rsquo;incrire<\/a><br \/>\nUne rencontre d\u00e9cisive avec Claude Nougaro\u00a0<\/p>\n<p class=\" wall-content\">Sa carri\u00e8re de DJ a aussi pris <strong>un vrai essor \u00e0 Toulouse<\/strong>, o\u00f9 il \u00e9tait r\u00e9guli\u00e8rement invit\u00e9 par plein de collectifs locaux. \u00ab\u00a0L\u2019id\u00e9e \u00e0 travers ce podcast et cette soir\u00e9e, c\u2019\u00e9tait aussi de rassembler toutes les personnes qui ont crois\u00e9 son parcours, que ce soit au travers de sa musique et de raconter cette histoire\u00a0\u00bb.\u00a0<\/p>\n<p class=\" wall-content\">C\u2019est d\u2019ailleurs dans ce podcast qu\u2019est d\u00e9voil\u00e9e une archive in\u00e9dite de DJ Medhi, qui raconte sa rencontre avec un certain\u2026 <strong>Claude Nougaro<\/strong>. \u00ab\u00a0Cela a \u00e9t\u00e9 une rencontre d\u00e9cisive et formatrice pour lui dans la mani\u00e8re d\u2019aborder la musique. C\u2019est g\u00e9nial et super touchant d\u2019avoir ce genre d\u2019anecdotes. Mehdi est quelqu\u2019un qui avait une culture musicale beaucoup plus large, et savoir que mine de rien, Nougaro faisait partie de ses figures d\u2019inspiration, c\u2019est assez \u00e9mouvant !\u00a0\u00bb, conclut Gilles Andria.<\/p>\n<p class=\" wall-content\"><a href=\"https:\/\/www.instagram.com\/reel\/DPy8S-FCKzi\/embed\" title=\"Ouvrir le lien sur Instagram\" target=\"_blank\" rel=\"noopener\">Visualiser le contenu sur Instagram<\/a><\/p>\n<p><img decoding=\"async\" src=\"https:\/\/www.europesays.com\/fr\/wp-content\/uploads\/2025\/10\/djm-toulouse-screening-16-9-640x427.png\" alt=\"\" width=\"640\" height=\"427\" loading=\"lazy\"\/>Une journ\u00e9e hommage \u00e0 DJ Mehdi, samedi 18 octobre, \u00e0 Toulouse<\/p>\n<p>Le 18 octobre, Toulouse rendra donc hommage \u00e0 l\u2019un des piliers de la musique fran\u00e7aise : DJ Mehdi. Le collectif toulousain Forward s\u2019associe \u00e0 Ultra Magnetic Films et \u00e0 The Social Hub Toulouse pour une journ\u00e9e d\u00e9di\u00e9e \u00e0 la c\u00e9l\u00e9bration de son \u0153uvre et de son h\u00e9ritage, qui aura lieu de 14 heures \u00e0 minuit, \u00e0 Compans-Caffarelli. <\/p>\n<p>Venez (re)d\u00e9couvrir le documentaire iconique nomm\u00e9 aux Emmy Awards \u201cDJ Mehdi : Made In France\u201d au travers d\u2019une s\u00e9ance de projection exclusive. La journ\u00e9e sera ponctu\u00e9e par des moments de rencontres et discussions avec des invit\u00e9s de marque, des ateliers d\u00e9couvertes et performances musicales live.<\/p>\n<p>Un \u00e9v\u00e8nement 100% gratuit, dans la limite des places disponibles. Si la soir\u00e9e est d\u00e9j\u00e0 compl\u00e8te, le collectif Forward pr\u00e9cise qu&rsquo;il est possible de venir durant l&rsquo;apr\u00e8s-midi.<\/p>\n<p><a href=\"https:\/\/linktr.ee\/forwardtoulouse?fbclid=PAb21jcANd7aJleHRuA2FlbQIxMQABpyk3wVswNAGp95-VOh9oD7ClHA8FPsmumSs8AdkyKALPn1Rww7nbMdE4n0H4_aem_cakrreGgJaWqhSFe3G4peA\" target=\"_blank\" rel=\"noopener\">Lucky Boy in Toulouse<\/a>, podcast de Forward, collectif toulousain d\u00e9di\u00e9 \u00e0 la house.\u00a0<br \/>\nSoir\u00e9e hommage \u00e0 DJ Mehdi, samedi 18 octobre 2025, au Social Hub de Toulouse, 1 rue de S\u00e9bastopol. Plus d\u2019infos sur <a href=\"https:\/\/www.instagram.com\/forwardtoulouse\/\" target=\"_blank\" rel=\"noopener\">Insta<\/a> et <a href=\"https:\/\/shotgun.live\/fr\/festivals\/dj-mehdi-made-in-france-lucky-boy-in-toulouse\" target=\"_blank\" rel=\"noopener\">ShotGun<\/a><\/p>\n<p class=\" wall-content\">Personnalisez votre actualit\u00e9 en ajoutant vos villes et m\u00e9dias en favori avec <a href=\"https:\/\/moncompte.actu.fr\" title=\"D\u00e9couvez Mon Actu\" rel=\"nofollow noopener\" data-trk=\"{&quot;cta&quot;:{&quot;action&quot;:&quot;https:\\\/\\\/moncompte.actu.fr&quot;,&quot;category&quot;:&quot;mon compte&quot;,&quot;from&quot;:&quot;article footer&quot;,&quot;name&quot;:&quot;Mon actu&quot;,&quot;type&quot;:&quot;cta&quot;}}\" target=\"_blank\">Mon Actu<\/a>.<\/p>\n<p>                    <script async src=\"\/\/www.instagram.com\/embed.js\"><\/script><\/p>\n","protected":false},"excerpt":{"rendered":"Par Gabriel Kenedi Publi\u00e9 le 16 oct. 2025 \u00e0 20h37 Remis en lumi\u00e8re par l\u2019excellente et bouleversante s\u00e9rie&hellip;\n","protected":false},"author":2,"featured_media":468169,"comment_status":"","ping_status":"","sticky":false,"template":"","format":"standard","meta":{"footnotes":""},"categories":[2816],"tags":[1111,11,1777,674,1011,27,1652,12,2680,25,1341,2312],"class_list":{"0":"post-468168","1":"post","2":"type-post","3":"status-publish","4":"format-standard","5":"has-post-thumbnail","7":"category-toulouse","8":"tag-actu","9":"tag-actualites","10":"tag-eu","11":"tag-europe","12":"tag-fr","13":"tag-france","14":"tag-loisirs-culture","15":"tag-news","16":"tag-occitanie","17":"tag-republique-francaise","18":"tag-sortir-a-toulouse","19":"tag-toulouse"},"share_on_mastodon":{"url":"https:\/\/pubeurope.com\/@fr\/115385536021083776","error":""},"_links":{"self":[{"href":"https:\/\/www.europesays.com\/fr\/wp-json\/wp\/v2\/posts\/468168","targetHints":{"allow":["GET"]}}],"collection":[{"href":"https:\/\/www.europesays.com\/fr\/wp-json\/wp\/v2\/posts"}],"about":[{"href":"https:\/\/www.europesays.com\/fr\/wp-json\/wp\/v2\/types\/post"}],"author":[{"embeddable":true,"href":"https:\/\/www.europesays.com\/fr\/wp-json\/wp\/v2\/users\/2"}],"replies":[{"embeddable":true,"href":"https:\/\/www.europesays.com\/fr\/wp-json\/wp\/v2\/comments?post=468168"}],"version-history":[{"count":0,"href":"https:\/\/www.europesays.com\/fr\/wp-json\/wp\/v2\/posts\/468168\/revisions"}],"wp:featuredmedia":[{"embeddable":true,"href":"https:\/\/www.europesays.com\/fr\/wp-json\/wp\/v2\/media\/468169"}],"wp:attachment":[{"href":"https:\/\/www.europesays.com\/fr\/wp-json\/wp\/v2\/media?parent=468168"}],"wp:term":[{"taxonomy":"category","embeddable":true,"href":"https:\/\/www.europesays.com\/fr\/wp-json\/wp\/v2\/categories?post=468168"},{"taxonomy":"post_tag","embeddable":true,"href":"https:\/\/www.europesays.com\/fr\/wp-json\/wp\/v2\/tags?post=468168"}],"curies":[{"name":"wp","href":"https:\/\/api.w.org\/{rel}","templated":true}]}}