{"id":468174,"date":"2025-10-16T19:40:30","date_gmt":"2025-10-16T19:40:30","guid":{"rendered":"https:\/\/www.europesays.com\/fr\/468174\/"},"modified":"2025-10-16T19:40:30","modified_gmt":"2025-10-16T19:40:30","slug":"lille-strasbourg-easyjet-annonce-de-nouvelles-liaisons-vers-le-maroc-a-partir-de-cet-ete-16-10-2025-a-1457","status":"publish","type":"post","link":"https:\/\/www.europesays.com\/fr\/468174\/","title":{"rendered":"Lille, Strasbourg\u2026 EasyJet annonce de nouvelles liaisons vers le Maroc \u00e0 partir de cet \u00e9t\u00e9 &#8211; 16\/10\/2025 \u00e0 14:57"},"content":{"rendered":"<p>        <img fetchpriority=\"high\" decoding=\"async\" src=\"https:\/\/www.europesays.com\/fr\/wp-content\/uploads\/2025\/10\/5ee70a453a3d8468beceb052656dbe8a-760x507.jpg\" alt=\"La fr\u00e9quence de certains vols d\u00e9j\u00e0 en place vers le Maroc sera \u00e9galement renforc\u00e9e l\u2019an prochain. Illustration. (Dylan_Agbagni \/ Pixabay)\" loading=\"eager\" width=\"760\" height=\"507\" style=\"max-width: 100%!important; height: auto;\"\/><\/p>\n<p class=\"c-image-news__legend\">La fr\u00e9quence de certains vols d\u00e9j\u00e0 en place vers le Maroc sera \u00e9galement renforc\u00e9e l\u2019an prochain. Illustration. (Dylan_Agbagni \/ Pixabay)<\/p>\n<p><strong><br \/>\n La compagnie easyJet implantera sa premi\u00e8re base sur le continent africain \u00e0 Marrakech (Maroc) d\u00e8s l\u2019\u00e9t\u00e9 2026. Issue d\u2019un partenariat avec l\u2019office local du tourisme, celle-ci devrait s\u2019accompagner de quatre nouvelles liaisons vers le pays du Maghreb.<br \/>\n<\/strong><\/p>\n<p>\n La soci\u00e9t\u00e9 britannique easyJet a officialis\u00e9 la cr\u00e9ation d\u2019une base op\u00e9rationnelle \u00e0 Marrakech (Maroc) pr\u00e9vue pour l\u2019\u00e9t\u00e9 2026. Comme le rapporte<\/p>\n<p>  <a href=\"https:\/\/www.capital.fr\/conso\/bonne-nouvelle-pour-les-voyageurs-easyjet-ouvre-de-nouvelles-lignes-vers-le-maroc-pour-lete-2026-1519621\" rel=\"nofollow noopener noreferrer\" target=\"_blank\"><br \/>\n   Capital<br \/>\n  <\/a><\/p>\n<p> ce mercredi 15 octobre 2025, cette annonce s\u2019accompagne d\u2019un \u00e9largissement de son offre vers le pays du Maghreb.\n<\/p>\n<p> Hambourg, Lille, Strasbourg et Gen\u00e8ve<\/p>\n<p>\n Cette d\u00e9cision r\u00e9sulte d\u2019un accord entre la compagnie low-cost et l\u2019Office National Marocain du Tourisme, pr\u00e9voyant<\/p>\n<p>  \u00ab une nouvelle base de trois avions \u00e0 Marrakech, la premi\u00e8re d\u2019easyJet en Afrique \u00bb<\/p>\n<p> , a-t-elle indiqu\u00e9. Selon l\u2019entreprise, ce partenariat<\/p>\n<p>  \u00ab contribuera \u00e0 la cr\u00e9ation de jusqu\u2019\u00e0 cent emplois directs et de milliers d\u2019emplois indirects \u00bb<\/p>\n<p> .\n<\/p>\n<p>\n En parall\u00e8le, quatre nouvelles liaisons verront le jour \u00e0 l\u2019\u00e9t\u00e9 2026. \u00c0 partir du 1er mai, il sera possible de rejoindre la ville marocaine depuis Hambourg (Allemagne), chaque mardi et vendredi. Le surlendemain les lignes de Lille et Strasbourg ouvriront \u00e0 leur tour, avec des voyages programm\u00e9s respectivement les mercredis et dimanches, ainsi que les jeudis et dimanches. Une nouvelle route entre Gen\u00e8ve (Suisse) et Tanger entrera quant \u00e0 elle en service \u00e0 partir du 30 mars, les jeudis et vendredis.\n<\/p>\n<p> 46 lignes vers le Maroc<\/p>\n<p>\n Avec ces ouvertures, easyJet comptera 46 lignes vers le royaume ch\u00e9rifien, un record pour la compagnie, qui assure m\u00eame \u00eatre<\/p>\n<p>  \u00ab la deuxi\u00e8me compagnie a\u00e9rienne \u00e0 Marrakech \u00bb<\/p>\n<p> , ainsi que<\/p>\n<p>  \u00ab le plus grand transporteur vers le Maroc depuis le Royaume-Uni et la Suisse \u00bb<\/p>\n<p> , selon son PDG Kenton Jarvis. La fr\u00e9quence de certains vols d\u00e9j\u00e0 en place sera \u00e9galement renforc\u00e9e l\u2019an prochain.<\/p>\n","protected":false},"excerpt":{"rendered":"La fr\u00e9quence de certains vols d\u00e9j\u00e0 en place vers le Maroc sera \u00e9galement renforc\u00e9e l\u2019an prochain. Illustration. (Dylan_Agbagni&hellip;\n","protected":false},"author":2,"featured_media":468175,"comment_status":"","ping_status":"","sticky":false,"template":"","format":"standard","meta":{"footnotes":""},"categories":[2815],"tags":[400,1111,11,398,408,405,1777,674,1011,27,811,403,402,399,1307,404,12,25,401,406,407],"class_list":{"0":"post-468174","1":"post","2":"type-post","3":"status-publish","4":"format-standard","5":"has-post-thumbnail","7":"category-lille","8":"tag-action-cac-40","9":"tag-actu","10":"tag-actualites","11":"tag-bourse-de-paris","12":"tag-boursorama","13":"tag-cotations","14":"tag-eu","15":"tag-europe","16":"tag-fr","17":"tag-france","18":"tag-hauts-de-france","19":"tag-indices-devises","20":"tag-investir","21":"tag-investissement","22":"tag-lille","23":"tag-marche-boursier","24":"tag-news","25":"tag-republique-francaise","26":"tag-sicav","27":"tag-trackers","28":"tag-warrants"},"share_on_mastodon":{"url":"https:\/\/pubeurope.com\/@fr\/115385547637921812","error":""},"_links":{"self":[{"href":"https:\/\/www.europesays.com\/fr\/wp-json\/wp\/v2\/posts\/468174","targetHints":{"allow":["GET"]}}],"collection":[{"href":"https:\/\/www.europesays.com\/fr\/wp-json\/wp\/v2\/posts"}],"about":[{"href":"https:\/\/www.europesays.com\/fr\/wp-json\/wp\/v2\/types\/post"}],"author":[{"embeddable":true,"href":"https:\/\/www.europesays.com\/fr\/wp-json\/wp\/v2\/users\/2"}],"replies":[{"embeddable":true,"href":"https:\/\/www.europesays.com\/fr\/wp-json\/wp\/v2\/comments?post=468174"}],"version-history":[{"count":0,"href":"https:\/\/www.europesays.com\/fr\/wp-json\/wp\/v2\/posts\/468174\/revisions"}],"wp:featuredmedia":[{"embeddable":true,"href":"https:\/\/www.europesays.com\/fr\/wp-json\/wp\/v2\/media\/468175"}],"wp:attachment":[{"href":"https:\/\/www.europesays.com\/fr\/wp-json\/wp\/v2\/media?parent=468174"}],"wp:term":[{"taxonomy":"category","embeddable":true,"href":"https:\/\/www.europesays.com\/fr\/wp-json\/wp\/v2\/categories?post=468174"},{"taxonomy":"post_tag","embeddable":true,"href":"https:\/\/www.europesays.com\/fr\/wp-json\/wp\/v2\/tags?post=468174"}],"curies":[{"name":"wp","href":"https:\/\/api.w.org\/{rel}","templated":true}]}}