{"id":468176,"date":"2025-10-16T19:41:10","date_gmt":"2025-10-16T19:41:10","guid":{"rendered":"https:\/\/www.europesays.com\/fr\/468176\/"},"modified":"2025-10-16T19:41:10","modified_gmt":"2025-10-16T19:41:10","slug":"je-sais-qui-sont-les-heritiers-de-vichy-et-ceux-qui-ne-le-sont-pas","status":"publish","type":"post","link":"https:\/\/www.europesays.com\/fr\/468176\/","title":{"rendered":"Je sais qui sont les h\u00e9ritiers de Vichy et ceux qui ne le sont pas"},"content":{"rendered":"<p>Alors, candidat ou pas candidat\u00a0? \u00c0 cinq mois des <a href=\"https:\/\/www.laprovence.com\/elections\/municipales\" target=\"_blank\" rel=\"noopener\">\u00e9lections municipales<\/a>, Beno\u00eet Payan reste cat\u00e9gorique. \u00ab\u00a0C\u2019est trop t\u00f4t, moi je suis \u00e0 ma t\u00e2che, il y a tant de dossiers \u00e0 g\u00e9rer, j\u2019ai des <a href=\"https:\/\/www.laprovence.com\/article\/region\/48655020765411\/plan-ecoles-a-marseille-trois-nouvelles-classes-aux-fabriques-a-la-rentree\" target=\"_blank\" rel=\"noopener\">\u00e9coles \u00e0 inaugurer<\/a>, j\u2019ai des centres culturels \u00e0 ouvrir\u00a0\u00bb, a lanc\u00e9 le maire de Marseille ce jeudi 16\u00a0octobre sur le plateau de l\u2019\u00e9mission Marseille Politiques sur BFM en partenariat avec \u00ab\u00a0La Provence\u00a0\u00bb.<\/p>\n<p>L\u2019occasion pour l\u2019\u00e9lu du Printemps marseillais de s\u2019interroger sur \u00ab\u00a0ces candidats qui sont en campagne tout en \u00e9tant parlementaire ou tout en pr\u00e9sidant des collectivit\u00e9s importantes, je ne vois pas tr\u00e8s bien comment ils y arrivent, ces gens-l\u00e0 sont des super-h\u00e9ros, moi je suis un homme ordinaire\u00a0\u00bb, a-t-il l\u00e2ch\u00e9. Le <a href=\"https:\/\/www.laprovence.com\/article\/region\/99959064721220\/municipales-2026-franck-allisio-rn-a-declare-ce-mercredi-quil-etait-candidat-a-la-mairie-de-marseille\" target=\"_blank\" rel=\"noopener\">d\u00e9put\u00e9 RN Franck Allisio<\/a> et la pr\u00e9sidente (DVD) de la M\u00e9tropole Martine Vassal appr\u00e9cieront.<\/p>\n<p>\u00ab\u00a0Je regrette que La France insoumise se batte contre moi\u00a0\u00bb<\/p>\n<p>En attendant de pr\u00e9ciser une candidature qui semble ne pas faire grand doute, Beno\u00eet Payan fourbit ses armes contre ceux qu\u2019il consid\u00e8re comme son principal opposant, l\u2019extr\u00eame droite, \u00ab\u00a0ses alli\u00e9s et ses marchepieds\u00a0\u00bb. Et de justifier\u00a0: \u00ab\u00a0Les th\u00e8ses d\u00e9fendues par le Rassemblement national ont \u00e9t\u00e9 port\u00e9es par des gens qui se revendiquent de la fami&#8230;<\/p>\n","protected":false},"excerpt":{"rendered":"Alors, candidat ou pas candidat\u00a0? \u00c0 cinq mois des \u00e9lections municipales, Beno\u00eet Payan reste cat\u00e9gorique. \u00ab\u00a0C\u2019est trop t\u00f4t,&hellip;\n","protected":false},"author":2,"featured_media":468177,"comment_status":"","ping_status":"","sticky":false,"template":"","format":"standard","meta":{"footnotes":""},"categories":[2814],"tags":[17,1111,11,5949,1777,674,1011,27,26075,757,151,884,12,882,3583,25,45136,3333,11142],"class_list":{"0":"post-468176","1":"post","2":"type-post","3":"status-publish","4":"format-standard","5":"has-post-thumbnail","7":"category-marseille","8":"tag-17","9":"tag-actu","10":"tag-actualites","11":"tag-elections","12":"tag-eu","13":"tag-europe","14":"tag-fr","15":"tag-france","16":"tag-heritiers","17":"tag-je","18":"tag-les","19":"tag-marseille","20":"tag-news","21":"tag-provence-alpes-cote-dazur","22":"tag-qui","23":"tag-republique-francaise","24":"tag-sais","25":"tag-sont","26":"tag-vichy"},"share_on_mastodon":{"url":"https:\/\/pubeurope.com\/@fr\/115385551059750220","error":""},"_links":{"self":[{"href":"https:\/\/www.europesays.com\/fr\/wp-json\/wp\/v2\/posts\/468176","targetHints":{"allow":["GET"]}}],"collection":[{"href":"https:\/\/www.europesays.com\/fr\/wp-json\/wp\/v2\/posts"}],"about":[{"href":"https:\/\/www.europesays.com\/fr\/wp-json\/wp\/v2\/types\/post"}],"author":[{"embeddable":true,"href":"https:\/\/www.europesays.com\/fr\/wp-json\/wp\/v2\/users\/2"}],"replies":[{"embeddable":true,"href":"https:\/\/www.europesays.com\/fr\/wp-json\/wp\/v2\/comments?post=468176"}],"version-history":[{"count":0,"href":"https:\/\/www.europesays.com\/fr\/wp-json\/wp\/v2\/posts\/468176\/revisions"}],"wp:featuredmedia":[{"embeddable":true,"href":"https:\/\/www.europesays.com\/fr\/wp-json\/wp\/v2\/media\/468177"}],"wp:attachment":[{"href":"https:\/\/www.europesays.com\/fr\/wp-json\/wp\/v2\/media?parent=468176"}],"wp:term":[{"taxonomy":"category","embeddable":true,"href":"https:\/\/www.europesays.com\/fr\/wp-json\/wp\/v2\/categories?post=468176"},{"taxonomy":"post_tag","embeddable":true,"href":"https:\/\/www.europesays.com\/fr\/wp-json\/wp\/v2\/tags?post=468176"}],"curies":[{"name":"wp","href":"https:\/\/api.w.org\/{rel}","templated":true}]}}