{"id":468178,"date":"2025-10-16T19:42:13","date_gmt":"2025-10-16T19:42:13","guid":{"rendered":"https:\/\/www.europesays.com\/fr\/468178\/"},"modified":"2025-10-16T19:42:13","modified_gmt":"2025-10-16T19:42:13","slug":"a-marseille-grosse-pagaille-au-destockage-des-galeries-lafayette","status":"publish","type":"post","link":"https:\/\/www.europesays.com\/fr\/468178\/","title":{"rendered":"\u00e0 Marseille, grosse pagaille au d\u00e9stockage des Galeries Lafayette"},"content":{"rendered":"<p class=\"article-p mdl\">Deuxi\u00e8me journ\u00e9e de chaos aux Galeries Lafayette de Marseille. Des centaines de clients se sont mass\u00e9s \u00e0 cause de r\u00e9ductions all\u00e9chantes. Jusqu&rsquo;\u00e0 -80% avant leur fermeture d\u00e9finitive le mois prochain. La s\u00e9curit\u00e9 et le directeur du magasin \u00e9taient d\u00e9pass\u00e9s.<\/p>\n<p class=\"article-p mdl\"><a class=\"link\" href=\"https:\/\/www.rtl.fr\/actu\/international\/un-acte-de-folie-absolue-3-carabiniers-tues-et-13-blesses-dans-une-explosion-au-cours-d-une-procedure-expulsion-en-italie-7900552802\" title=\"&quot;Un acte de folie absolue&quot; : 3 carabiniers tu\u00e9s et 13 bless\u00e9s dans une explosion au cours d&#039;une proc\u00e9dure expulsion en Italie\" target=\"_blank\" rel=\"noopener\">Les forces de l\u2019ordre<\/a>\u00a0sont intervenues et ont m\u00eame proc\u00e9d\u00e9 \u00e0 des interpellations au milieu des rayons. Pendant que certains faisaient un malaise, les autres se ruaient vers des lunettes de soleil au rabais. L\u2019ouverture du magasin n\u2019aura dur\u00e9 que 36 minutes avant que les CRS ne d\u00e9barquent. Les deux magasins ont \u00e9t\u00e9 ferm\u00e9s dans la journ\u00e9e.<\/p>\n<p>            Des clients apeur\u00e9s<\/p>\n<p class=\"article-p mdl\">\u00c0 la sortie du magasin, les clients sont choqu\u00e9s : \u00ab\u00a0C\u2019est la folie, tout simplement, c&rsquo;\u00e9tait horrible, surtout qu\u2019il y avait des femmes enceintes, des enfants etc \u2026 c\u2019\u00e9tait horrible, c\u2019est la sauvagerie\u00a0\u00bb, confie l\u2019une d\u2019elle.<\/p>\n<p class=\"article-p mdl\">\u00ab\u00a0J\u2019hallucine, il n\u2019y a pas de courtoisie, les gens sont capables de se mettre des coups de poing dans la gueule pour r\u00e9cup\u00e9rer un parfum \u00e0 -80%\u00a0\u00bb, s\u2019\u00e9tonne un client qui se dit tout de m\u00eame pr\u00eat \u00e0 \u00ab\u00a0jouer des coudes\u00a0\u00bb pour une bonne r\u00e9duction. Il faut dire que de nombreux clients sont habituellement priv\u00e9s de luxe et souhaitent en profiter. D\u2019autres, moins honn\u00eates, profitent de la cohue pour voler des articles.<\/p>\n<p class=\"article-p mdl\">Pour Mich\u00e8le Fanucci, d\u00e9l\u00e9gu\u00e9e FO de ces\u00a0<a class=\"link\" href=\"https:\/\/www.rtl.fr\/actu\/economie-consommation\/l-arrivee-de-shein-en-france-va-t-elle-tuer-le-secteur-de-l-habillement-7900547984\" title=\"L&#039;arriv\u00e9e de Shein au BHV et aux Galeries Lafayette va-t-elle tuer le secteur de l&#039;habillement ?\" target=\"_blank\" rel=\"noopener\">Galeries Lafayette<\/a>, c\u2019est un \u00ab\u00a0inadmissible\u00a0\u00bb : \u00ab\u00a0Nous, on perd notre boulot et on les voit, ils viennent piller le magasin. En 35 ans d\u2019anciennet\u00e9 je n\u2019ai jamais vu \u00e7a.\u00a0\u00bb<\/p>\n<p>    La r\u00e9daction vous recommande<\/p>\n<p class=\"s-newsletter__title\">\n                L\u2019actualit\u00e9 par la r\u00e9daction de RTL dans votre bo\u00eete mail.\n            <\/p>\n<p class=\"s-newsletter__subtitle\">\n                Gr\u00e2ce \u00e0 votre compte RTL abonnez-vous \u00e0 la newsletter RTL info pour suivre toute l&rsquo;actualit\u00e9 au quotidien\n            <\/p>\n<p>\n                                    Lire la suite\n                                <\/p>\n","protected":false},"excerpt":{"rendered":"Deuxi\u00e8me journ\u00e9e de chaos aux Galeries Lafayette de Marseille. Des centaines de clients se sont mass\u00e9s \u00e0 cause&hellip;\n","protected":false},"author":2,"featured_media":468179,"comment_status":"","ping_status":"","sticky":false,"template":"","format":"standard","meta":{"footnotes":""},"categories":[2814],"tags":[1111,11,12513,1777,674,107,1011,27,884,12,1072,882,362,25],"class_list":{"0":"post-468178","1":"post","2":"type-post","3":"status-publish","4":"format-standard","5":"has-post-thumbnail","7":"category-marseille","8":"tag-actu","9":"tag-actualites","10":"tag-crs","11":"tag-eu","12":"tag-europe","13":"tag-fil-info","14":"tag-fr","15":"tag-france","16":"tag-marseille","17":"tag-news","18":"tag-police","19":"tag-provence-alpes-cote-dazur","20":"tag-replay","21":"tag-republique-francaise"},"share_on_mastodon":{"url":"https:\/\/pubeurope.com\/@fr\/115385555107088745","error":""},"_links":{"self":[{"href":"https:\/\/www.europesays.com\/fr\/wp-json\/wp\/v2\/posts\/468178","targetHints":{"allow":["GET"]}}],"collection":[{"href":"https:\/\/www.europesays.com\/fr\/wp-json\/wp\/v2\/posts"}],"about":[{"href":"https:\/\/www.europesays.com\/fr\/wp-json\/wp\/v2\/types\/post"}],"author":[{"embeddable":true,"href":"https:\/\/www.europesays.com\/fr\/wp-json\/wp\/v2\/users\/2"}],"replies":[{"embeddable":true,"href":"https:\/\/www.europesays.com\/fr\/wp-json\/wp\/v2\/comments?post=468178"}],"version-history":[{"count":0,"href":"https:\/\/www.europesays.com\/fr\/wp-json\/wp\/v2\/posts\/468178\/revisions"}],"wp:featuredmedia":[{"embeddable":true,"href":"https:\/\/www.europesays.com\/fr\/wp-json\/wp\/v2\/media\/468179"}],"wp:attachment":[{"href":"https:\/\/www.europesays.com\/fr\/wp-json\/wp\/v2\/media?parent=468178"}],"wp:term":[{"taxonomy":"category","embeddable":true,"href":"https:\/\/www.europesays.com\/fr\/wp-json\/wp\/v2\/categories?post=468178"},{"taxonomy":"post_tag","embeddable":true,"href":"https:\/\/www.europesays.com\/fr\/wp-json\/wp\/v2\/tags?post=468178"}],"curies":[{"name":"wp","href":"https:\/\/api.w.org\/{rel}","templated":true}]}}