{"id":468180,"date":"2025-10-16T19:43:18","date_gmt":"2025-10-16T19:43:18","guid":{"rendered":"https:\/\/www.europesays.com\/fr\/468180\/"},"modified":"2025-10-16T19:43:18","modified_gmt":"2025-10-16T19:43:18","slug":"a-lyon-le-ras-le-bol-des-associations-devant-lhotel-de-region","status":"publish","type":"post","link":"https:\/\/www.europesays.com\/fr\/468180\/","title":{"rendered":"\u00c0 Lyon, le ras-le-bol des associations devant l&rsquo;h\u00f4tel de R\u00e9gion"},"content":{"rendered":"<p class=\"wp-block-post-excerpt__excerpt\">Devant l\u2019h\u00f4tel de R\u00e9gion (Lyon 2\u1d49), ce jeudi 16 octobre, une vingtaine de manifestant\u00b7es a investi le parvis \u00e0 l\u2019appel d\u2019Asso-Solidaires Rh\u00f4ne. Le syndicat alerte sur la \u00ab destruction \u00bb d\u2019emplois associatifs et la politique de d\u00e9sengagement de la R\u00e9gion Auvergne-Rh\u00f4ne-Alpes envers les associations. <\/p>\n<p class=\"font-sans\">\n\t\t\tCet article est en acc\u00e8s libre. Pour soutenir Rue89 Lyon,<br \/>\n\t\t\t<a class=\"underline\" href=\"https:\/\/www.rue89lyon.fr\/abonnement\/\" target=\"_blank\" rel=\"noopener\">abonnez-vous<\/a>.\n\t\t<\/p>\n<p>Juliette Rigaud<\/p>\n<p>Publi\u00e9 le 16 octobre 2025\u00a0\u00a0\u00b7\u00a0\u00a0<\/p>\n<p>Imprim\u00e9 le 16 octobre 2025 \u00e0 20h55\u00a0\u00a0\u00b7\u00a0\u00a0<\/p>\n<p>\t\t\t\t\t3\u00a0minutes\n<\/p>\n<p>\u00ab All\u00f4 la R\u00e9gion, rendez l\u2019argent ! \u00bb, scande \u00c9lo\u00efse, m\u00e9gaphone en main. Jeudi 16 octobre, une vingtaine de personnes s\u2019est r\u00e9unie \u00e0 midi, devant l\u2019h\u00f4tel de R\u00e9gion (Lyon 2e), \u00e0 l\u2019appel du syndicat Asso-Solidaires Rh\u00f4ne. Devant les grandes portes vitr\u00e9es, le petit groupe a dress\u00e9 son barnum et brandi une banderole. Le message est sans d\u00e9tours : \u00ab La R\u00e9gion ne soutient pas nos emplois, nos assos, nos projets. \u00bb<\/p>\n<p>\u00c0 quelques m\u00e8tres, sur un banc, un \u00e9l\u00e9ment satirique attire l\u2019oeil : un chamboule-tout avec les t\u00eates d\u2019hommes et de femmes politiques. P\u00eale-m\u00eale : Rachida Dati toujours ministre de la Culture, Laurent Wauquiez et Emmanuel Macron. Un jeu qui symbolise la col\u00e8re des associations envers des choix gouvernementaux et r\u00e9gionaux.<\/p>\n<p>\u00c0 lire sur Rue89Lyon<\/p>\n<p><a href=\"https:\/\/www.rue89lyon.fr\/2025\/10\/09\/plus-grand-plan-social-france-lyon-cri-dalarme-associations\/\" target=\"_blank\" rel=\"noreferrer noopener\">\u00ab\u00a0Le plus grand plan social de France\u00a0\u00bb\u00a0: \u00e0\u00a0Lyon, le cri d\u2019alarme des associations<\/a><\/p>\n<p>\t\t\u00c0 Lyon, le secteur associatif s\u2019indigne contre la perte d\u2019emplois<\/p>\n<p>Les salari\u00e9\u00b7es du secteur associatif tirent la sonnette d\u2019alarme. Celles et ceux qui repr\u00e9sentent environ \u00ab\u00a010 % des emplois de la r\u00e9gion Auvergne-Rh\u00f4ne-Alpes\u00a0\u00bb d\u00e9noncent une \u00ab casse sociale \u00bb sans pr\u00e9c\u00e9dent.<\/p>\n<blockquote class=\"wp-block-quote is-layout-flow wp-block-quote-is-layout-flow\">\n<p>\u00ab C\u00f4t\u00e9 emploi, les constats ne sont pas nouveaux : bas salaires, instabilit\u00e9 et irr\u00e9gularit\u00e9 des fiches de poste. On voit pleuvoir les licenciements \u00e9conomiques, les ruptures conventionnelles. Les salari\u00e9s sont pouss\u00e9s \u00e0 la d\u00e9mission \u00bb, s\u2019indigne Aur\u00e9lie (pr\u00e9nom modifi\u00e9), de l\u2019association Auvergne-Rh\u00f4ne-Alpes Orientation qui accompagne les jeunes dans leur orientation professionnelle.<\/p>\n<\/blockquote>\n<p>Au m\u00e9gaphone, Antoine d\u2019Asso-Solidaires, tient \u00e9galement \u00e0 rappeler les chiffres \u00e0 l\u2019\u00e9chelle nationale : en 2025, \u00ab 45 % des associations ont subi une baisse des aides \u00bb, selon le syndicat. \u00ab Le plan Bayrou n\u2019a fait qu\u2019augmenter la saign\u00e9e \u00bb, ajoute-t-il.<\/p>\n<p>La saign\u00e9e dont il parle : la perte de milliers d\u2019emplois dans le secteur. \u00ab C\u2019est le plus grand plan social de France. Nous, les salari\u00e9s, sommes les premi\u00e8res victimes. C\u2019est notre vie au quotidien qui est impact\u00e9e par les baisses de subventions \u00bb, poursuit le manifestant.<\/p>\n<p><img loading=\"lazy\" decoding=\"async\" width=\"792\" height=\"526\" data-id=\"241704\" src=\"https:\/\/www.europesays.com\/fr\/wp-content\/uploads\/2025\/10\/manifestation-asso-hotel-de-region-2-792x526.png\" alt=\"\" class=\"wp-image-241704\"  \/> Sur le barnum, une autre banderole est accroch\u00e9e d\u00e9non\u00e7ant \u00ab l\u2019aust\u00e9rit\u00e9 \u00bb dans le secteur associatif. Photo\u00a0: JR\/Rue89Lyon<\/p>\n<p><img loading=\"lazy\" decoding=\"async\" width=\"792\" height=\"526\" data-id=\"241705\" src=\"https:\/\/www.europesays.com\/fr\/wp-content\/uploads\/2025\/10\/manifestation-asso-hotel-de-region-792x526.png\" alt=\"\" class=\"wp-image-241705\"  \/> La banderole d\u00e9ploy\u00e9e devant l\u2019h\u00f4tel de R\u00e9gion (Lyon 2e). Photo\u00a0: JR\/Rue89Lyon<\/p>\n<p>\t\tLa R\u00e9gion Auvergne-Rh\u00f4ne-Alpes dans le viseur des associations lyonnaises<\/p>\n<p>Si les manifestant\u00b7es ont choisi de se rassembler devant l\u2019h\u00f4tel de R\u00e9gion, ce n\u2019est pas un hasard. La collectivit\u00e9 dirig\u00e9e par Fabrice Pannekoucke (LR) et son \u00ab conseiller sp\u00e9cial \u00bb Laurent Wauquiez (LR) est aussi point\u00e9e du doigt. \u00c9lo\u00efse, salari\u00e9e d\u2019Asso-Solidaires Rh\u00f4ne, illustre ses propos :<\/p>\n<blockquote class=\"wp-block-quote is-layout-flow wp-block-quote-is-layout-flow\">\n<p>\u00ab La R\u00e9gion a retir\u00e9 ses financements du <a href=\"https:\/\/www.rue89lyon.fr\/2025\/09\/03\/silicon-valley-lyonnaise-wauquiez-couac-ados-carreau\/\" target=\"_blank\" rel=\"noreferrer noopener\">nouveau centre Tumo<\/a>, car c\u2019\u00e9tait, pour elle, un \u2018centre exp\u00e9rimental\u2019. Des personnes se retrouvent sur le carreau et n\u2019ont plus de revenus. \u00bb<\/p>\n<\/blockquote>\n<p>Pour rappel, cette \u00e9cole, qui a ferm\u00e9 en septembre, \u00e9tait un<a href=\"https:\/\/www.rue89lyon.fr\/2025\/09\/03\/silicon-valley-lyonnaise-wauquiez-couac-ados-carreau\/\" target=\"_blank\" rel=\"noreferrer noopener\"> centre d\u2019apprentissage d\u00e9di\u00e9 au num\u00e9rique<\/a>, gratuit, \u00e0 destination des 12-18 ans, g\u00e9r\u00e9e par Auvergne-Rh\u00f4ne-Alpes Orientation. Elle misait sur l\u2019autoformation des jeunes dans diff\u00e9rents domaines, tels que le jeu vid\u00e9o, la musique ou encore la programmation.<\/p>\n<p>\u00c0 lire sur Rue89Lyon<\/p>\n<p>Sur place, quelques \u00e9lu\u00b7es \u00e9cologistes de la R\u00e9gion sont venu\u00b7es apporter leur soutien aux manifestant\u00b7es. C\u00e9cile Michel, co-pr\u00e9sidente du groupe, d\u00e9nonce une politique de d\u00e9sengagement :<\/p>\n<blockquote class=\"wp-block-quote is-layout-flow wp-block-quote-is-layout-flow\">\n<p>\u00ab Aujourd\u2019hui et depuis tr\u00e8s longtemps, les choix de la majorit\u00e9 r\u00e9gionale d\u00e9stabilisent des structures et d\u00e9litent le lien social. On plaide pour du financement pluriannuel. Les associations doivent \u00eatre soutenues et pas sur des appels d\u2019offre. \u00bb<\/p>\n<\/blockquote>\n<p>Derri\u00e8re eux, le chamboule-tout s\u2019effondre sur le sol. S\u2019ils n\u2019ont pas encore \u00e9t\u00e9 entendus, les manifestant\u00b7es auront au moins ri de leur propre col\u00e8re.<\/p>\n","protected":false},"excerpt":{"rendered":"Devant l\u2019h\u00f4tel de R\u00e9gion (Lyon 2\u1d49), ce jeudi 16 octobre, une vingtaine de manifestant\u00b7es a investi le parvis&hellip;\n","protected":false},"author":2,"featured_media":468181,"comment_status":"","ping_status":"","sticky":false,"template":"","format":"standard","meta":{"footnotes":""},"categories":[1889],"tags":[1111,11,4077,2430,1777,674,1011,27,2428,2088,12,25],"class_list":{"0":"post-468180","1":"post","2":"type-post","3":"status-publish","4":"format-standard","5":"has-post-thumbnail","7":"category-lyon","8":"tag-actu","9":"tag-actualites","10":"tag-association","11":"tag-auvergne-rhone-alpes","12":"tag-eu","13":"tag-europe","14":"tag-fr","15":"tag-france","16":"tag-lyon","17":"tag-manifestation","18":"tag-news","19":"tag-republique-francaise"},"share_on_mastodon":{"url":"https:\/\/pubeurope.com\/@fr\/115385559592707810","error":""},"_links":{"self":[{"href":"https:\/\/www.europesays.com\/fr\/wp-json\/wp\/v2\/posts\/468180","targetHints":{"allow":["GET"]}}],"collection":[{"href":"https:\/\/www.europesays.com\/fr\/wp-json\/wp\/v2\/posts"}],"about":[{"href":"https:\/\/www.europesays.com\/fr\/wp-json\/wp\/v2\/types\/post"}],"author":[{"embeddable":true,"href":"https:\/\/www.europesays.com\/fr\/wp-json\/wp\/v2\/users\/2"}],"replies":[{"embeddable":true,"href":"https:\/\/www.europesays.com\/fr\/wp-json\/wp\/v2\/comments?post=468180"}],"version-history":[{"count":0,"href":"https:\/\/www.europesays.com\/fr\/wp-json\/wp\/v2\/posts\/468180\/revisions"}],"wp:featuredmedia":[{"embeddable":true,"href":"https:\/\/www.europesays.com\/fr\/wp-json\/wp\/v2\/media\/468181"}],"wp:attachment":[{"href":"https:\/\/www.europesays.com\/fr\/wp-json\/wp\/v2\/media?parent=468180"}],"wp:term":[{"taxonomy":"category","embeddable":true,"href":"https:\/\/www.europesays.com\/fr\/wp-json\/wp\/v2\/categories?post=468180"},{"taxonomy":"post_tag","embeddable":true,"href":"https:\/\/www.europesays.com\/fr\/wp-json\/wp\/v2\/tags?post=468180"}],"curies":[{"name":"wp","href":"https:\/\/api.w.org\/{rel}","templated":true}]}}