{"id":468191,"date":"2025-10-16T19:49:16","date_gmt":"2025-10-16T19:49:16","guid":{"rendered":"https:\/\/www.europesays.com\/fr\/468191\/"},"modified":"2025-10-16T19:49:16","modified_gmt":"2025-10-16T19:49:16","slug":"pourquoi-dit-on-en-province-quand-on-parle-dune-ville-en-dehors-de-paris","status":"publish","type":"post","link":"https:\/\/www.europesays.com\/fr\/468191\/","title":{"rendered":"Pourquoi dit-on \u00ab\u00a0en province\u00a0\u00bb quand on parle d\u2019une ville en dehors de Paris\u00a0?"},"content":{"rendered":"<tr wp_automatic_readability=\"2.9237288135593\">\n<td valign=\"middle\" align=\"center\" class=\"col-logo\">\n    <img decoding=\"async\" src=\"https:\/\/www.europesays.com\/fr\/wp-content\/uploads\/2025\/05\/ouest-france.gif\" alt=\"logo Ouest-France\" height=\"66\"\/><\/p>\n<\/td>\n<td class=\"col-titre\">\n\t\t\tJeudi 16 octobre 2025 19:10<br \/>\n\t\t\t<a class=\"icon-bulle sizeL count\" href=\"#ancreAvis\"><br \/>\n\t&#8230;<br \/>\n<\/a><\/td>\n<\/tr>\n<p>\t\t<a class=\"mavillebox2 elmt-photo\" href=\"https:\/\/maville.com\/photosmvi\/2025\/10\/16\/P35526666D7023630G.jpg\" title=\" Pourquoi utilise-t-on le terme province\u00a0?  \u00a9  Valery Joncheray \/ OUEST-FRANCE  \" rel=\"galerie_actu noopener\" target=\"_blank\"><br \/>\n\t<img decoding=\"async\" src=\"https:\/\/www.europesays.com\/fr\/wp-content\/uploads\/2025\/10\/P35526666D7023630G_crop_640-330_.jpg\" alt=\"photo  pourquoi utilise-t-on le terme province\u00a0?  \u00a9  valery joncheray \/ ouest-france \"\/><br \/>\n\t1<br \/>\n<\/a><\/p>\n<p class=\"elmt-legende\"> Pourquoi utilise-t-on le terme province\u00a0?  \u00a9  Valery Joncheray \/ OUEST-FRANCE  <\/p>\n<p>\t\tVous l\u2019avez s\u00fbrement d\u00e9j\u00e0 entendu lors d\u2019une discussion entre amis ou entre coll\u00e8gues. Le mot \u00ab\u00a0province\u00a0\u00bb est souvent utilis\u00e9 pour d\u00e9signer une ville ou une r\u00e9gion fran\u00e7aise, en dehors de Paris et de l\u2019\u00cele-de-France. Mais pourquoi utilise-t-on ce mot \u00a0? On vous donne la r\u00e9ponse dans \u00ab\u00a0la question pas si b\u00eate\u00a0\u00bb, le podcast quotidien de l\u2019\u00e9dition du soir.<\/p>\n<p>\t\t Par Anah\u00eble MAUNICHY. \u00a0\u00a0<br \/>\n\t\tOuest-France\u00a0\u00a0<\/p>\n<p>\t\t&#13;<\/p>\n","protected":false},"excerpt":{"rendered":"Jeudi 16 octobre 2025 19:10 &#8230; 1 Pourquoi utilise-t-on le terme province\u00a0? \u00a9 Valery Joncheray \/ OUEST-FRANCE Vous&hellip;\n","protected":false},"author":2,"featured_media":468192,"comment_status":"","ping_status":"","sticky":false,"template":"","format":"standard","meta":{"footnotes":""},"categories":[1888],"tags":[11,11823,59197,1777,674,1011,27,2047,12,626,13406,59198,25,4824],"class_list":{"0":"post-468191","1":"post","2":"type-post","3":"status-publish","4":"format-standard","5":"has-post-thumbnail","7":"category-paris","8":"tag-actualites","9":"tag-dehors","10":"tag-dit-on","11":"tag-eu","12":"tag-europe","13":"tag-fr","14":"tag-france","15":"tag-mans","16":"tag-news","17":"tag-paris","18":"tag-parle","19":"tag-province","20":"tag-republique-francaise","21":"tag-ville"},"share_on_mastodon":{"url":"https:\/\/pubeurope.com\/@fr\/115385584120425923","error":""},"_links":{"self":[{"href":"https:\/\/www.europesays.com\/fr\/wp-json\/wp\/v2\/posts\/468191","targetHints":{"allow":["GET"]}}],"collection":[{"href":"https:\/\/www.europesays.com\/fr\/wp-json\/wp\/v2\/posts"}],"about":[{"href":"https:\/\/www.europesays.com\/fr\/wp-json\/wp\/v2\/types\/post"}],"author":[{"embeddable":true,"href":"https:\/\/www.europesays.com\/fr\/wp-json\/wp\/v2\/users\/2"}],"replies":[{"embeddable":true,"href":"https:\/\/www.europesays.com\/fr\/wp-json\/wp\/v2\/comments?post=468191"}],"version-history":[{"count":0,"href":"https:\/\/www.europesays.com\/fr\/wp-json\/wp\/v2\/posts\/468191\/revisions"}],"wp:featuredmedia":[{"embeddable":true,"href":"https:\/\/www.europesays.com\/fr\/wp-json\/wp\/v2\/media\/468192"}],"wp:attachment":[{"href":"https:\/\/www.europesays.com\/fr\/wp-json\/wp\/v2\/media?parent=468191"}],"wp:term":[{"taxonomy":"category","embeddable":true,"href":"https:\/\/www.europesays.com\/fr\/wp-json\/wp\/v2\/categories?post=468191"},{"taxonomy":"post_tag","embeddable":true,"href":"https:\/\/www.europesays.com\/fr\/wp-json\/wp\/v2\/tags?post=468191"}],"curies":[{"name":"wp","href":"https:\/\/api.w.org\/{rel}","templated":true}]}}