{"id":468193,"date":"2025-10-16T19:50:13","date_gmt":"2025-10-16T19:50:13","guid":{"rendered":"https:\/\/www.europesays.com\/fr\/468193\/"},"modified":"2025-10-16T19:50:13","modified_gmt":"2025-10-16T19:50:13","slug":"a-paris-trois-animateurs-decole-maternelle-suspendus-apres-des-soupcons-de-faits-a-caractere-sexuel-liberation","status":"publish","type":"post","link":"https:\/\/www.europesays.com\/fr\/468193\/","title":{"rendered":"A Paris, trois animateurs d\u2019\u00e9cole maternelle suspendus apr\u00e8s des soup\u00e7ons de \u00abfaits \u00e0 caract\u00e8re sexuel\u00bb \u2013 Lib\u00e9ration"},"content":{"rendered":"<p class=\"sc-cPiKLX AiZTS text-element\">Trois animateurs d\u2019une \u00e9cole maternelle parisienne ont \u00e9t\u00e9 suspendus depuis la rentr\u00e9e scolaire apr\u00e8s des soup\u00e7ons de \u00abfaits \u00e0 caract\u00e8re sexuel\u00bb, dont une agression, a appris l\u2019AFP ce jeudi 16 octobre aupr\u00e8s de la mairie de Paris, confirmant une information du Parisien. <\/p>\n<p class=\"sc-cPiKLX AiZTS text-element\">Les agents mis en cause ont \u00e9t\u00e9 \u00abretir\u00e9s du terrain et suspendus d\u00e8s connaissance des alertes remont\u00e9es par les parents\u00bb, a indiqu\u00e9 la mairie, qui a annonc\u00e9 avoir d\u00e9pos\u00e9 plainte \u00abafin de renouveler son soutien aux victimes et aux familles\u00bb. <\/p>\n<p class=\"sc-cPiKLX AiZTS text-element\">Les trois animateurs de l\u2019\u00e9cole Bullourde, dans le XIe arrondissement de Paris, sont soup\u00e7onn\u00e9s respectivement de \u00abfaits \u00e0 caract\u00e8re sexuel\u00bb, \u00abd\u2019exhibition\u00bb et \u00abfaits d\u2019agression sexuelle\u00bb, soup\u00e7ons signal\u00e9s depuis la rentr\u00e9e en septembre. <\/p>\n<p class=\"sc-cPiKLX AiZTS text-element\">Ces proc\u00e9dures de suspension, qui impliquent pour les agents en question de ne plus se pr\u00e9senter dans l\u2019\u00e9tablissement, interviennent apr\u00e8s la suspension, en avril, <a href=\"https:\/\/www.liberation.fr\/societe\/education\/a-paris-un-autre-animateur-decole-maternelle-suspendu-pour-faits-graves-20250430_ATTFO6EPR5GDHB2ZKQN2JHMW4U\/\" target=\"_blank\" rel=\"noreferrer noopener\" title=\"https:\/\/www.liberation.fr\/societe\/education\/a-paris-un-autre-animateur-decole-maternelle-suspendu-pour-faits-graves-20250430_ATTFO6EPR5GDHB2ZKQN2JHMW4U\/\">de deux animateurs de l\u2019\u00e9cole maternelle Alphonse Baudin<\/a>, situ\u00e9e dans le m\u00eame arrondissement, \u00e9galement pour des soup\u00e7ons de \u00abfaits \u00e0 caract\u00e8re sexuel\u00bb. L\u2019un d\u2019entre eux \u00aba b\u00e9n\u00e9fici\u00e9 d\u2019un classement sans suite dans le cadre des investigations men\u00e9es par la police et la justice\u00bb, mais n\u2019a pas \u00e9t\u00e9 r\u00e9int\u00e9gr\u00e9, a pr\u00e9cis\u00e9 la mairie. <\/p>\n<p class=\"sc-cPiKLX AiZTS text-element\">La municipalit\u00e9 assure que l\u2019\u00e9quipe d\u2019animation de l\u2019\u00e9cole Bullourde \u00absera renouvel\u00e9e pour le retour des vacances de la Toussaint\u00bb et que trois agents sont venus en renfort. \u00abLes actes d\u00e9nonc\u00e9s par les enfants, s\u2019ils sont confirm\u00e9s par les enqu\u00eates judiciaires en cours, sont inacceptables\u00bb, a d\u00e9clar\u00e9 \u00e0 l\u2019AFP Fran\u00e7ois Vauglin, maire du XIe arrondissement de Paris, assurant que des \u00abenqu\u00eates administratives\u00bb avaient \u00e9t\u00e9 diligent\u00e9es. <\/p>\n<p class=\"sc-cPiKLX AiZTS text-element\">\u00abDes permanences d\u2019\u00e9coute et de soutien psychologique ont \u00e9t\u00e9 mises en place pour les familles et un dispositif de suivi psychologique a \u00e9t\u00e9 d\u00e9ploy\u00e9 pour les enfants dans les \u00e9coles\u00bb, a poursuivi l\u2019\u00e9dile socialiste de cet arrondissement de l\u2019Est parisien. Selon Fran\u00e7ois Vauglin, \u00able processus de recrutement des animateurs, d\u00e9j\u00e0 tr\u00e8s vigilant sur les profils \u00e0 risque, a encore \u00e9t\u00e9 renforc\u00e9\u00bb, l\u2019\u00e9lu \u00e9voquant en outre le rappel de \u00abconsignes\u00bb pour d\u00e9tecter \u00abtout signal faible\u00bb. <\/p>\n<p class=\"sc-cPiKLX AiZTS text-element\">\u00abDepuis plusieurs ann\u00e9es d\u00e9j\u00e0\u00bb, <a href=\"https:\/\/www.liberation.fr\/societe\/droits-des-femmes\/violences-sexuelles-sur-les-enfants-le-gouvernement-veut-rendre-la-formation-des-professionnels-obligatoire-20250330_WZBFTSME3VAR3HBWFG7AVO5GNU\/\" target=\"_blank\" rel=\"noreferrer noopener\" title=\"https:\/\/www.liberation.fr\/societe\/droits-des-femmes\/violences-sexuelles-sur-les-enfants-le-gouvernement-veut-rendre-la-formation-des-professionnels-obligatoire-20250330_WZBFTSME3VAR3HBWFG7AVO5GNU\/\">les animateurs sont soumis \u00e0 des contr\u00f4les<\/a>, assure la mairie, pour v\u00e9rifier notamment leur \u00abnon-inscription au Fichier des auteurs d\u2019infractions sexuelles ou violentes (FIJAISV)\u00bb et \u00abl\u2019absence de condamnations dans le volet B2 du casier judiciaire\u00bb, qui rassemble la quasi-int\u00e9gralit\u00e9 des condamnations judiciaires et sanctions administratives. <\/p>\n","protected":false},"excerpt":{"rendered":"Trois animateurs d\u2019une \u00e9cole maternelle parisienne ont \u00e9t\u00e9 suspendus depuis la rentr\u00e9e scolaire apr\u00e8s des soup\u00e7ons de \u00abfaits&hellip;\n","protected":false},"author":2,"featured_media":468194,"comment_status":"","ping_status":"","sticky":false,"template":"","format":"standard","meta":{"footnotes":""},"categories":[1888],"tags":[11,1122,1777,674,1011,27,24934,12,626,25,799],"class_list":{"0":"post-468193","1":"post","2":"type-post","3":"status-publish","4":"format-standard","5":"has-post-thumbnail","7":"category-paris","8":"tag-actualites","9":"tag-ecole","10":"tag-eu","11":"tag-europe","12":"tag-fr","13":"tag-france","14":"tag-maltraitance-infantile","15":"tag-news","16":"tag-paris","17":"tag-republique-francaise","18":"tag-violences-sexuelles"},"share_on_mastodon":{"url":"https:\/\/pubeurope.com\/@fr\/115385586439960154","error":""},"_links":{"self":[{"href":"https:\/\/www.europesays.com\/fr\/wp-json\/wp\/v2\/posts\/468193","targetHints":{"allow":["GET"]}}],"collection":[{"href":"https:\/\/www.europesays.com\/fr\/wp-json\/wp\/v2\/posts"}],"about":[{"href":"https:\/\/www.europesays.com\/fr\/wp-json\/wp\/v2\/types\/post"}],"author":[{"embeddable":true,"href":"https:\/\/www.europesays.com\/fr\/wp-json\/wp\/v2\/users\/2"}],"replies":[{"embeddable":true,"href":"https:\/\/www.europesays.com\/fr\/wp-json\/wp\/v2\/comments?post=468193"}],"version-history":[{"count":0,"href":"https:\/\/www.europesays.com\/fr\/wp-json\/wp\/v2\/posts\/468193\/revisions"}],"wp:featuredmedia":[{"embeddable":true,"href":"https:\/\/www.europesays.com\/fr\/wp-json\/wp\/v2\/media\/468194"}],"wp:attachment":[{"href":"https:\/\/www.europesays.com\/fr\/wp-json\/wp\/v2\/media?parent=468193"}],"wp:term":[{"taxonomy":"category","embeddable":true,"href":"https:\/\/www.europesays.com\/fr\/wp-json\/wp\/v2\/categories?post=468193"},{"taxonomy":"post_tag","embeddable":true,"href":"https:\/\/www.europesays.com\/fr\/wp-json\/wp\/v2\/tags?post=468193"}],"curies":[{"name":"wp","href":"https:\/\/api.w.org\/{rel}","templated":true}]}}