{"id":468195,"date":"2025-10-16T19:51:21","date_gmt":"2025-10-16T19:51:21","guid":{"rendered":"https:\/\/www.europesays.com\/fr\/468195\/"},"modified":"2025-10-16T19:51:21","modified_gmt":"2025-10-16T19:51:21","slug":"de-80-des-francais-considerent-la-russie-comme-une-menace-pour-la-souverainete-des-pays-de-lue-selon-une-etude","status":"publish","type":"post","link":"https:\/\/www.europesays.com\/fr\/468195\/","title":{"rendered":"de 80% des Fran\u00e7ais consid\u00e8rent la Russie \u00abcomme une menace pour la souverainet\u00e9 des pays de l\u2019UE\u00bb, selon une \u00e9tude"},"content":{"rendered":"<p>\n    Une hausse fortement li\u00e9e \u00e0 l\u2019incursion de drones dans les espaces a\u00e9riens europ\u00e9ens en septembre.<\/p>\n<p class=\"fig-paragraph\">Les Fran\u00e7ais consid\u00e8rent la Russie comme une \u00abmenace pour la souverainet\u00e9 des pays de l\u2019Union europ\u00e9enne\u00bb. Une proportion pass\u00e9e de 72% en septembre \u00e0 80% en octobre, selon un sondage paru ce jeudi soir, r\u00e9alis\u00e9 par l\u2019agence Dynata. Une hausse \u00e0 mettre en regard avec les diff\u00e9rentes incursions de drones dans les espaces a\u00e9riens europ\u00e9ens, dont l\u2019origine est majoritairement attribu\u00e9e \u00e0 la Russie. \u00abCes \u00e9v\u00e9nements n\u2019ont fait que confirmer une id\u00e9e d\u00e9j\u00e0 ancr\u00e9e\u00bb, r\u00e9sume Antoine Bristielle, coauteur de l\u2019\u00e9tude et directeur de l\u2019Observatoire de l\u2019opinion de la Fondation Jean Jaur\u00e8s.<\/p>\n<p class=\"fig-body-link\">\n            \u00c0 lire aussi<br \/>\n        <a class=\"fig-body-link__link fig-premium-mark\" href=\"http:\/\/www.lefigaro.fr\/international\/drones-au-danemark-on-peut-s-attendre-a-d-autres-incursions-plus-a-l-ouest-en-europe-20250923\" target=\"_blank\" data-fig-type=\"Article\" rel=\"noopener nofollow\" data-gtm-custom-categorie=\"navigation\" data-gtm-custom-action=\"crossclick\" data-gtm-custom-label=\"Contextuel\" data-gtm-event=\"customEventSPE\" data-fig-domain=\"LEFIGARO\">Drones en Europe\u00a0: \u00abOn peut s\u2019attendre \u00e0 d\u2019autres incursions\u00bb<br \/>\n    <\/a>\n<\/p>\n<p class=\"fig-paragraph\">Mais cette \u00e9tude ne se concentre pas que sur l\u2019opinion fran\u00e7aise, elle s\u2019\u00e9tend \u00e0 trois autres pays europ\u00e9ens\u00a0: l\u2019Allemagne, l\u2019Italie et le Royaume-Uni. Le r\u00e9sultat est sans appel\u00a0: 78,9% des citoyens de ces pays consid\u00e8rent la Russie comme une \u00abmenace pour la souverainet\u00e9 des pays de l\u2019Union europ\u00e9enne\u00bb. \u00abParall\u00e8lement, l\u2019image de la Russie (83% d\u2019opinions n\u00e9gatives) et celle de Vladimir Poutine (85% d\u2019opinions n\u00e9gatives) restent profond\u00e9ment d\u00e9grad\u00e9es\u00bb, rel\u00e8ve les auteurs de l\u2019\u00e9tude. \u00c0 l\u2019inverse, Volodymyr Zelensky jouit d\u2019une image avec 65% d\u2019opinions favorables. 71% des Fran\u00e7ais, par ailleurs, ont une image positive de l\u2019Ukraine.<\/p>\n<p>                                    <a class=\"fig-a11y-skip a11y-hidden\" href=\"#fig-a11y-skip-main-inarticle\"><br \/>\n        Passer la publicit\u00e9<br \/>\n    <\/a><\/p>\n<p>Maintenir des garanties de s\u00e9curit\u00e9<\/p>\n<p class=\"fig-paragraph\">Les Europ\u00e9ens sont confront\u00e9s \u00e0 un v\u00e9ritable l\u00e2chage de Donald Trump, qui a men\u00e9, sans \u00e9change pr\u00e9alable avec ses alli\u00e9s europ\u00e9ens,\u00a0<a href=\"http:\/\/www.lefigaro.fr\/international\/le-ministre-de-la-defense-suedois-au-figaro-face-a-la-russie-le-soutien-des-etats-unis-reste-important-20250328\" target=\"_blank\" data-fig-type=\"Article\" rel=\"noopener nofollow\" data-gtm-custom-categorie=\"navigation\" data-gtm-custom-action=\"crossclick\" data-gtm-custom-label=\"Contextuel\" data-gtm-event=\"customEventSPE\" data-fig-domain=\"LEFIGARO\">des discussions directes avec les Russes<\/a>. Depuis, Paris a abrit\u00e9 de nombreuses conf\u00e9rences, dont les derni\u00e8res ont vu l\u2019\u00e9mergence d\u2019un leadership\u00a0franco-britannique pour soutenir Kiev. En r\u00e9alit\u00e9, les n\u00e9gociations patinent. Donald Trump, depuis son investiture, a multipli\u00e9 les initiatives diplomatiques envers la Russie pour trouver un accord. Mais ses id\u00e9es de\u00a0<a href=\"http:\/\/www.lefigaro.fr\/international\/sous-la-pression-de-washington-l-ukraine-et-la-russie-acceptent-une-treve-en-mer-noire-20250325\" target=\"_blank\" data-fig-type=\"Article\" rel=\"noopener nofollow\" data-gtm-custom-categorie=\"navigation\" data-gtm-custom-action=\"crossclick\" data-gtm-custom-label=\"Contextuel\" data-gtm-event=\"customEventSPE\" data-fig-domain=\"LEFIGARO\">cessez-le-feu en mer Noire<\/a>, o\u00f9 la flotte russe a \u00e9t\u00e9 d\u00e9faite, ou pour arr\u00eater\u00a0<a href=\"http:\/\/www.lefigaro.fr\/international\/l-ukraine-prise-au-piege-d-un-cessez-le-feu-en-trompe-l-oeil-20250319\" target=\"_blank\" data-fig-type=\"Article\" rel=\"noopener nofollow\" data-gtm-custom-categorie=\"navigation\" data-gtm-custom-action=\"crossclick\" data-gtm-custom-label=\"Contextuel\" data-gtm-event=\"customEventSPE\" data-fig-domain=\"LEFIGARO\">les frappes contre les infrastructures \u00e9nerg\u00e9tiques<\/a>, n\u2019ont pas abouti. Donald Trump, qui a r\u00e9cemment estim\u00e9 que l\u2019Ukraine \u00abpouvait reconqu\u00e9rir tout son territoire\u00bb, hausse d\u00e9sormais le ton face \u00e0 Vladimir Poutine. Volodymyr Zelensky, qui se rend \u00e0 Washington ce vendredi, voudrait en profiter pour obtenir des missiles \u00e0 longue port\u00e9e Tomahawk.<\/p>\n<p class=\"fig-paragraph\">Les n\u00e9gociations stagnent car le Kremlin campe sur ses positions\u00a0: d\u00e9sarmement de l\u2019Ukraine, changement de r\u00e9gime \u00e0 Kiev avec le d\u00e9part de Volodymyr Zelensky\u00a0<a href=\"http:\/\/www.lefigaro.fr\/international\/guerre-en-ukraine-pourquoi-volodymyr-zelensky-repousse-l-election-presidentielle-20231124\" target=\"_blank\" data-fig-type=\"Article\" rel=\"noopener nofollow\" data-gtm-custom-categorie=\"navigation\" data-gtm-custom-action=\"crossclick\" data-gtm-custom-label=\"Contextuel\" data-gtm-event=\"customEventSPE\" data-fig-domain=\"LEFIGARO\">jug\u00e9 ill\u00e9gitime<\/a>, et reconnaissance des provinces (oblasts) annex\u00e9s depuis le d\u00e9but de la guerre (Crim\u00e9e d\u00e8s 2014, Kherson, Zaporijjia, Donetsk et Louhansk en 2022). Sur le terrain, les combats, tr\u00e8s violents, se concentrent surtout aux alentours de la ville de Pokrovsk, n\u0153ud logistique important du Donbass (est du pays). Mais ils sont ralentis par l\u2019utilisation massive, de part et d\u2019autre, de drones qui emp\u00eachent des man\u0153uvres de grande ampleur.<\/p>\n<p class=\"fig-body-link\">\n            \u00c0 lire aussi<br \/>\n        <a class=\"fig-body-link__link fig-premium-mark\" href=\"http:\/\/www.lefigaro.fr\/international\/10-a-12-jours-pour-mettre-fin-a-la-guerre-en-ukraine-quels-sont-les-leviers-de-donald-trump-contre-la-russie-20250803\" target=\"_blank\" data-fig-type=\"Article\" rel=\"noopener nofollow\" data-gtm-custom-categorie=\"navigation\" data-gtm-custom-action=\"crossclick\" data-gtm-custom-label=\"Contextuel\" data-gtm-event=\"customEventSPE\" data-fig-domain=\"LEFIGARO\">\u00ab10 \u00e0 12 jours\u00bb pour mettre fin \u00e0 la guerre en Ukraine\u00a0: quels sont les leviers de Donald Trump contre la Russie\u00a0?<br \/>\n    <\/a>\n<\/p>\n<p class=\"fig-paragraph\">Kiev demande avec insistance, avant toutes n\u00e9gociations, des garanties de s\u00e9curit\u00e9 am\u00e9ricaines. Celles-ci doivent permettre \u00e0 un \u00e9ventuel accord de paix, ou a minima\u00a0de cessez-le-feu, d\u2019\u00eatre respect\u00e9 par les Russes. L\u2019Ukraine redoute que Moscou ne saisisse une opportunit\u00e9 de signer un accord provisoire afin de se regrouper pour mieux relancer un nouvel assaut si les Alli\u00e9s ne lui fournissent pas de garanties. Le Kremlin s\u2019\u00e9tait d\u00e9j\u00e0 engag\u00e9 \u00e0 de nombreuses reprises \u00e0 respecter la souverainet\u00e9 et les fronti\u00e8res de sa voisine. Le m\u00e9morandum\u00a0de Budapest, sign\u00e9 en 1994, pr\u00e9voyait d\u00e9j\u00e0 des garanties de s\u00e9curit\u00e9 territoriale pour l\u2019Ukraine de la part des \u00c9tats-Unis et de la Grande-Bretagne. Ce qui n\u2019a pas emp\u00each\u00e9 le Kremlin d\u2019envahir la Crim\u00e9e, puis de lancer une attaque \u00e0 grande \u00e9chelle en 2022.<\/p>\n<p class=\"fig-paragraph\">Ces garanties de s\u00e9curit\u00e9 sont pl\u00e9biscit\u00e9es par les citoyens des quatre pays europ\u00e9ens cit\u00e9s dans l\u2019\u00e9tude. 79,9% estiment que l\u2019Ukraine \u00abdevrait obtenir de solides garanties\u00bb. D\u2019autant que 63,3% de ces Europ\u00e9ens ne font pas confiance \u00e0 Vladimir Poutine pour respecter un \u00e9ventuel cessez-le-feu et ne pas relancer de guerre en Ukraine. Se pose donc l\u2019in\u00e9vitable question\u00a0: qui sera charg\u00e9 de le faire respecter\u00a0? Les Am\u00e9ricains refusent d\u2019envoyer leurs troupes, plusieurs pays Europ\u00e9ens, r\u00e9unis dans \u00abla coalition des volontaires\u00bb, pourraient en faire partie. Cette derni\u00e8re solution est refus\u00e9e cat\u00e9goriquement par le Kremlin. 45% des citoyens interrog\u00e9s souhaiteraient voir l\u2019Union europ\u00e9enne tenir ce r\u00f4le, bien qu\u2019elle ne dispose pas de forces militaires en propre. 39,2% souhaitent que l\u2019ONU en soit charg\u00e9e et 35,3% appellent les \u00c9tats-Unis. Seuls 13,5% soutiennent un d\u00e9ploiement de la coalition des volontaires.<\/p>\n<p class=\"fig-paragraph\">Enfin, les Europ\u00e9ens sond\u00e9s se divisent sur la forme que pourraient prendre ces garanties de s\u00e9curit\u00e9. 37,1%, la part la plus importante, souhaite que l\u2019Ukraine \u00abint\u00e8gre progressivement l\u2019Union europ\u00e9enne\u00bb. L\u2019<a href=\"http:\/\/www.lefigaro.fr\/international\/guerre-en-ukraine-le-statut-d-etat-candidat-premier-pas-vers-l-adhesion-20220617\" target=\"_blank\" data-fig-type=\"Article\" rel=\"noopener nofollow\" data-gtm-custom-categorie=\"navigation\" data-gtm-custom-action=\"crossclick\" data-gtm-custom-label=\"Contextuel\" data-gtm-event=\"customEventSPE\" data-fig-domain=\"LEFIGARO\">article 42-7<\/a>\u00a0du trait\u00e9 de l\u2019Union europ\u00e9enne dispose d\u2019ailleurs qu\u2019au cas \u00abo\u00f9 un \u00c9tat membre serait l\u2019objet d\u2019une agression arm\u00e9e sur son territoire, les autres \u00c9tats membres lui doivent aide et assistance par tous les moyens en leur pouvoir, conform\u00e9ment \u00e0 l\u2019article 51 de la charte des Nations unies\u00bb. 35,3% demandent l\u2019int\u00e9gration progressive au sein de l\u2019Otan, dont l\u2019article 5 pr\u00e9voit une clause de \u00abs\u00e9curit\u00e9 collective\u00bb. Cette solution toutefois n\u2019a pas re\u00e7u d\u2019accueil particuli\u00e8rement chaleureux aux \u00c9tats-Unis. 31,2% des Europ\u00e9ens demandent la poursuite du soutien militaire \u00e0 l\u2019Ukraine et 28,4% voudraient \u00abenvoyer des troupes en Ukraine comme le font les Am\u00e9ricains en Cor\u00e9e du Sud\u00bb.<\/p>\n","protected":false},"excerpt":{"rendered":"Une hausse fortement li\u00e9e \u00e0 l\u2019incursion de drones dans les espaces a\u00e9riens europ\u00e9ens en septembre. Les Fran\u00e7ais consid\u00e8rent&hellip;\n","protected":false},"author":2,"featured_media":468196,"comment_status":"","ping_status":"","sticky":false,"template":"","format":"standard","meta":{"footnotes":""},"categories":[1591],"tags":[11,1887,131,12,1885,1886,132],"class_list":{"0":"post-468195","1":"post","2":"type-post","3":"status-publish","4":"format-standard","5":"has-post-thumbnail","7":"category-russie","8":"tag-actualites","9":"tag-federation-de-russie","10":"tag-guerre-en-ukraine","11":"tag-news","12":"tag-russia","13":"tag-russian-federation","14":"tag-russie"},"share_on_mastodon":{"url":"https:\/\/pubeurope.com\/@fr\/115385590504713445","error":""},"_links":{"self":[{"href":"https:\/\/www.europesays.com\/fr\/wp-json\/wp\/v2\/posts\/468195","targetHints":{"allow":["GET"]}}],"collection":[{"href":"https:\/\/www.europesays.com\/fr\/wp-json\/wp\/v2\/posts"}],"about":[{"href":"https:\/\/www.europesays.com\/fr\/wp-json\/wp\/v2\/types\/post"}],"author":[{"embeddable":true,"href":"https:\/\/www.europesays.com\/fr\/wp-json\/wp\/v2\/users\/2"}],"replies":[{"embeddable":true,"href":"https:\/\/www.europesays.com\/fr\/wp-json\/wp\/v2\/comments?post=468195"}],"version-history":[{"count":0,"href":"https:\/\/www.europesays.com\/fr\/wp-json\/wp\/v2\/posts\/468195\/revisions"}],"wp:featuredmedia":[{"embeddable":true,"href":"https:\/\/www.europesays.com\/fr\/wp-json\/wp\/v2\/media\/468196"}],"wp:attachment":[{"href":"https:\/\/www.europesays.com\/fr\/wp-json\/wp\/v2\/media?parent=468195"}],"wp:term":[{"taxonomy":"category","embeddable":true,"href":"https:\/\/www.europesays.com\/fr\/wp-json\/wp\/v2\/categories?post=468195"},{"taxonomy":"post_tag","embeddable":true,"href":"https:\/\/www.europesays.com\/fr\/wp-json\/wp\/v2\/tags?post=468195"}],"curies":[{"name":"wp","href":"https:\/\/api.w.org\/{rel}","templated":true}]}}