{"id":468197,"date":"2025-10-16T19:52:14","date_gmt":"2025-10-16T19:52:14","guid":{"rendered":"https:\/\/www.europesays.com\/fr\/468197\/"},"modified":"2025-10-16T19:52:14","modified_gmt":"2025-10-16T19:52:14","slug":"friedrich-merz-narrive-pas-a-mettre-sa-coalition-au-pas-liberation","status":"publish","type":"post","link":"https:\/\/www.europesays.com\/fr\/468197\/","title":{"rendered":"Friedrich Merz n\u2019arrive pas \u00e0 mettre sa coalition au pas \u2013 Lib\u00e9ration"},"content":{"rendered":"<p class=\"sc-cPiKLX AiZTS text-element\">Un \u00abautomne des r\u00e9formes\u00bb, avait promis le chancelier. A la place, <a href=\"https:\/\/www.liberation.fr\/international\/europe\/emmanuel-macron-friedrich-merz-le-couple-de-la-derniere-chance-pour-le-moteur-franco-allemand-20250723_GA3GYIDIFRGD7BGZRYLKFPP2SU\/\" target=\"_blank\" rel=\"nofollow noopener\" title=\"https:\/\/www.liberation.fr\/international\/europe\/emmanuel-macron-friedrich-merz-le-couple-de-la-derniere-chance-pour-le-moteur-franco-allemand-20250723_GA3GYIDIFRGD7BGZRYLKFPP2SU\/\">Friedrich Merz<\/a> offre actuellement aux Allemands une \u00absaison des embrouilles\u00bb. Alors qu\u2019il avait jur\u00e9 aux \u00e9lecteurs que sa coalition entre conservateurs (CDU) et sociaux-d\u00e9mocrates (SPD) n\u2019\u00e9talerait pas ses querelles sur la place publique comme l\u2019avait fait le gouvernement pr\u00e9c\u00e9dent, les Allemands voient ses ministres et ses d\u00e9put\u00e9s se chamailler depuis six mois. <\/p>\n<p class=\"sc-cPiKLX AiZTS text-element\">Apr\u00e8s le <a href=\"https:\/\/www.liberation.fr\/international\/europe\/friedrich-merz-elu-au-second-tour-la-grosse-frayeur-des-allemands-20250506_ZJR4BOCBXJER5ISVBCYL4NRKFI\/\" target=\"_blank\" rel=\"nofollow noopener\" title=\"https:\/\/www.liberation.fr\/international\/europe\/friedrich-merz-elu-au-second-tour-la-grosse-frayeur-des-allemands-20250506_ZJR4BOCBXJER5ISVBCYL4NRKFI\/\">couac retentissent de son \u00e9lection comme chancelier<\/a>, Merz n\u2019arrive pas \u00e0 imposer une discipline de gouvernement ni \u00e0 sa coalition ni \u00e0 sa propre majorit\u00e9 \u00e0 l\u2019Assembl\u00e9e f\u00e9d\u00e9rale (Bundestag). Election rat\u00e9e d\u2019une juge constitutionnelle, absence de ligne commune \u00e0 Bruxelles sur le maintien du moteur t <\/p>\n","protected":false},"excerpt":{"rendered":"Un \u00abautomne des r\u00e9formes\u00bb, avait promis le chancelier. A la place, Friedrich Merz offre actuellement aux Allemands une&hellip;\n","protected":false},"author":2,"featured_media":468198,"comment_status":"","ping_status":"","sticky":false,"template":"","format":"standard","meta":{"footnotes":""},"categories":[1590],"tags":[11,672,1777,674,4710,12,220,297],"class_list":{"0":"post-468197","1":"post","2":"type-post","3":"status-publish","4":"format-standard","5":"has-post-thumbnail","7":"category-ukraine","8":"tag-actualites","9":"tag-allemagne","10":"tag-eu","11":"tag-europe","12":"tag-friedrich-merz","13":"tag-news","14":"tag-ukraine","15":"tag-ukraine-la-crise"},"share_on_mastodon":{"url":"https:\/\/pubeurope.com\/@fr\/115385594268319748","error":""},"_links":{"self":[{"href":"https:\/\/www.europesays.com\/fr\/wp-json\/wp\/v2\/posts\/468197","targetHints":{"allow":["GET"]}}],"collection":[{"href":"https:\/\/www.europesays.com\/fr\/wp-json\/wp\/v2\/posts"}],"about":[{"href":"https:\/\/www.europesays.com\/fr\/wp-json\/wp\/v2\/types\/post"}],"author":[{"embeddable":true,"href":"https:\/\/www.europesays.com\/fr\/wp-json\/wp\/v2\/users\/2"}],"replies":[{"embeddable":true,"href":"https:\/\/www.europesays.com\/fr\/wp-json\/wp\/v2\/comments?post=468197"}],"version-history":[{"count":0,"href":"https:\/\/www.europesays.com\/fr\/wp-json\/wp\/v2\/posts\/468197\/revisions"}],"wp:featuredmedia":[{"embeddable":true,"href":"https:\/\/www.europesays.com\/fr\/wp-json\/wp\/v2\/media\/468198"}],"wp:attachment":[{"href":"https:\/\/www.europesays.com\/fr\/wp-json\/wp\/v2\/media?parent=468197"}],"wp:term":[{"taxonomy":"category","embeddable":true,"href":"https:\/\/www.europesays.com\/fr\/wp-json\/wp\/v2\/categories?post=468197"},{"taxonomy":"post_tag","embeddable":true,"href":"https:\/\/www.europesays.com\/fr\/wp-json\/wp\/v2\/tags?post=468197"}],"curies":[{"name":"wp","href":"https:\/\/api.w.org\/{rel}","templated":true}]}}