{"id":468201,"date":"2025-10-16T19:54:21","date_gmt":"2025-10-16T19:54:21","guid":{"rendered":"https:\/\/www.europesays.com\/fr\/468201\/"},"modified":"2025-10-16T19:54:21","modified_gmt":"2025-10-16T19:54:21","slug":"la-turkiye-et-le-royaume-uni-en-route-vers-un-accord-de-libre-echange-de-nouvelle-generation","status":"publish","type":"post","link":"https:\/\/www.europesays.com\/fr\/468201\/","title":{"rendered":"La T\u00fcrkiye et le Royaume-Uni en route vers un accord de libre-\u00e9change de \u00ab nouvelle g\u00e9n\u00e9ration \u00bb"},"content":{"rendered":"<p>AA \/ Londres-Ankara \/ Numan Erkul Mert Davut<\/p>\n<p>La T\u00fcrkiye et le Royaume-Uni s\u2019appr\u00eatent \u00e0 entamer en novembre le troisi\u00e8me cycle de n\u00e9gociations visant \u00e0 actualiser leur accord de libre-\u00e9change (ALE), apr\u00e8s deux s\u00e9ries de discussions fructueuses men\u00e9es dans la perspective d\u2019un \u00ab accord de nouvelle g\u00e9n\u00e9ration et global \u00bb.<\/p>\n<p>Selon les informations obtenues par le correspondant de Anadolu aupr\u00e8s du minist\u00e8re turc du Commerce, le deuxi\u00e8me cycle de n\u00e9gociations sur la mise \u00e0 jour de l\u2019ALE, entr\u00e9 en vigueur en 2021 entre la T\u00fcrkiye et le Royaume-Uni, s\u2019est achev\u00e9 avec succ\u00e8s \u00e0 Londres du 15 au 19 septembre.<\/p>\n<p>Lors de ce cycle, les discussions ont port\u00e9 sur le commerce des marchandises et les questions connexes, notamment la politique commerciale, les mesures sanitaires et phytosanitaires, les douanes et la facilitation des \u00e9changes. Les deux parties ont particuli\u00e8rement \u00e9chang\u00e9 sur l\u2019ouverture r\u00e9ciproque de nouveaux march\u00e9s pour les produits agricoles, l\u2019\u00e9largissement de la coop\u00e9ration en mati\u00e8re de mesures sanitaires et phytosanitaires, ainsi que sur la mise en \u0153uvre d\u2019initiatives visant \u00e0 simplifier les proc\u00e9dures douani\u00e8res, tant par les canaux traditionnels que num\u00e9riques.<\/p>\n<p>\u2013 Des contacts approfondis ont \u00e9t\u00e9 \u00e9tablis<\/p>\n<p>Au cours de ces r\u00e9unions, des \u00e9changes approfondis ont eu lieu dans des domaines tels que les services financiers, les t\u00e9l\u00e9communications, les services juridiques, le transport maritime ainsi que les services postaux et de messagerie. Les questions relatives au chapitre du commerce num\u00e9rique \u2014 ax\u00e9 sur le transfert s\u00e9curis\u00e9 des donn\u00e9es \u2014 et \u00e0 la protection des investissements figuraient parmi les principaux points \u00e0 l\u2019ordre du jour.<\/p>\n<p>Ainsi, les deux pays visent \u00e0 faciliter le commerce des services et les investissements, \u00e0 renforcer la s\u00e9curit\u00e9 juridique et \u00e0 r\u00e9duire les co\u00fbts commerciaux gr\u00e2ce \u00e0 une int\u00e9gration plus \u00e9troite dans le domaine du commerce num\u00e9rique.<\/p>\n<p>Dans ce cadre, le chapitre relatif au \u00ab R\u00e8glement des diff\u00e9rends \u00bb, destin\u00e9 \u00e0 r\u00e9soudre les \u00e9ventuels probl\u00e8mes pouvant survenir dans la mise en \u0153uvre de l\u2019accord de libre-\u00e9change, a \u00e9galement \u00e9t\u00e9 inscrit \u00e0 l\u2019ordre du jour.<\/p>\n<p>&#8211; Une \u00e9volution positive des n\u00e9gociations<\/p>\n<p>Selon les informations communiqu\u00e9es par le minist\u00e8re britannique du Commerce, le deuxi\u00e8me cycle de n\u00e9gociations s\u2019est d\u00e9roul\u00e9 de mani\u00e8re productive, avec des avanc\u00e9es notables dans de nombreux domaines, notamment le commerce num\u00e9rique, les services financiers et professionnels, ainsi que les investissements.<\/p>\n<p>Au cours de ce cycle, les deux parties ont poursuivi leurs \u00e9changes sur les domaines de coop\u00e9ration, tout en r\u00e9affirmant leurs engagements internationaux et en travaillant sur les priorit\u00e9s communes d\u00e9finies.<\/p>\n<p>Les n\u00e9gociations devraient se poursuivre en novembre 2025 avec un troisi\u00e8me cycle, dans l\u2019objectif de transformer l\u2019accord de libre-\u00e9change en un accord \u00ab de nouvelle g\u00e9n\u00e9ration et global \u00bb.<\/p>\n<p>\u2013 Des relations commerciales solides entre les deux pays<\/p>\n<p>Le Royaume-Uni estime qu\u2019un renforcement des \u00e9changes avec la T\u00fcrkiye contribuerait \u00e0 la cr\u00e9ation d\u2019emplois et \u00e0 la prosp\u00e9rit\u00e9 du pays, tandis que le march\u00e9 britannique, avec ses 69 millions d\u2019habitants et une forte demande de consommation, rev\u00eat une importance strat\u00e9gique pour la T\u00fcrkiye.<\/p>\n<p>Selon les donn\u00e9es du minist\u00e8re turc du Commerce, le volume annuel des \u00e9changes entre les deux pays a atteint 22 milliards de dollars l\u2019an dernier, faisant du Royaume-Uni le 7\u1d49 partenaire commercial de la T\u00fcrkiye. Avec un exc\u00e9dent de 8 milliards de dollars, le Royaume-Uni se distingue \u00e9galement comme le pays avec lequel la T\u00fcrkiye enregistre son plus important surplus commercial.<\/p>\n<p>D\u2019apr\u00e8s les statistiques du minist\u00e8re britannique du Commerce, la T\u00fcrkiye figure au 16\u1d49 rang parmi les partenaires commerciaux du Royaume-Uni et les \u00e9changes bilat\u00e9raux ont contribu\u00e9 directement, en 2020, \u00e0 la cr\u00e9ation d\u2019environ 57 100 emplois \u00e0 travers le pays.<\/p>\n<p>*Traduit du turc par Ben Amed Azize Zougmore<\/p>\n<p>                            &#13;<br \/>\n                                <a href=\"https:\/\/www.aa.com.tr\/fr\/p\/abonnement\/1001\" target=\"_blank\" style=\"font-size:12px; color:#444; text-decoration:none;\" rel=\"noopener\">&#13;<br \/>\n                                    Seulement une partie des d\u00e9p\u00eaches, que l&rsquo;Agence Anadolu diffuse \u00e0 ses abonn\u00e9s via le Syst\u00e8me de Diffusion interne (HAS), est diffus\u00e9e sur le site de l&rsquo;AA, de mani\u00e8re r\u00e9sum\u00e9e. <b style=\"color:#1897F7\">Contactez-nous s&rsquo;il vous pla\u00eet pour vous abonner.<\/b>&#13;<br \/>\n                                <\/a>&#13;<\/p>\n","protected":false},"excerpt":{"rendered":"AA \/ Londres-Ankara \/ Numan Erkul Mert Davut La T\u00fcrkiye et le Royaume-Uni s\u2019appr\u00eatent \u00e0 entamer en novembre&hellip;\n","protected":false},"author":2,"featured_media":468202,"comment_status":"","ping_status":"","sticky":false,"template":"","format":"standard","meta":{"footnotes":""},"categories":[1588],"tags":[59199,11,1785,1777,674,12,473,1853,1906,1851,1850,1852],"class_list":{"0":"post-468201","1":"post","2":"type-post","3":"status-publish","4":"format-standard","5":"has-post-thumbnail","7":"category-royaume-uni","8":"tag-accord-de-libre-change","9":"tag-actualites","10":"tag-anadolu-ajansi","11":"tag-eu","12":"tag-europe","13":"tag-news","14":"tag-royaume-uni","15":"tag-royaume-uni-de-grande-bretagne-et-dirlande-du-nord","16":"tag-trkiye","17":"tag-uk","18":"tag-united-kingdom","19":"tag-united-kingdom-of-great-britain-and-northern-ireland"},"share_on_mastodon":{"url":"https:\/\/pubeurope.com\/@fr\/115385602657397686","error":""},"_links":{"self":[{"href":"https:\/\/www.europesays.com\/fr\/wp-json\/wp\/v2\/posts\/468201","targetHints":{"allow":["GET"]}}],"collection":[{"href":"https:\/\/www.europesays.com\/fr\/wp-json\/wp\/v2\/posts"}],"about":[{"href":"https:\/\/www.europesays.com\/fr\/wp-json\/wp\/v2\/types\/post"}],"author":[{"embeddable":true,"href":"https:\/\/www.europesays.com\/fr\/wp-json\/wp\/v2\/users\/2"}],"replies":[{"embeddable":true,"href":"https:\/\/www.europesays.com\/fr\/wp-json\/wp\/v2\/comments?post=468201"}],"version-history":[{"count":0,"href":"https:\/\/www.europesays.com\/fr\/wp-json\/wp\/v2\/posts\/468201\/revisions"}],"wp:featuredmedia":[{"embeddable":true,"href":"https:\/\/www.europesays.com\/fr\/wp-json\/wp\/v2\/media\/468202"}],"wp:attachment":[{"href":"https:\/\/www.europesays.com\/fr\/wp-json\/wp\/v2\/media?parent=468201"}],"wp:term":[{"taxonomy":"category","embeddable":true,"href":"https:\/\/www.europesays.com\/fr\/wp-json\/wp\/v2\/categories?post=468201"},{"taxonomy":"post_tag","embeddable":true,"href":"https:\/\/www.europesays.com\/fr\/wp-json\/wp\/v2\/tags?post=468201"}],"curies":[{"name":"wp","href":"https:\/\/api.w.org\/{rel}","templated":true}]}}