{"id":468203,"date":"2025-10-16T19:55:16","date_gmt":"2025-10-16T19:55:16","guid":{"rendered":"https:\/\/www.europesays.com\/fr\/468203\/"},"modified":"2025-10-16T19:55:16","modified_gmt":"2025-10-16T19:55:16","slug":"le-present-et-lavenir-du-football-francais-la-liste-des-26-bleues-pour-le-match-contre-lallemagne-avec-deux-nouvelles","status":"publish","type":"post","link":"https:\/\/www.europesays.com\/fr\/468203\/","title":{"rendered":"\u00ab\u00a0Le pr\u00e9sent et l\u2019avenir du football fran\u00e7ais\u00a0\u00bb\u00a0: la liste des 26 Bleues pour le match contre l\u2019Allemagne, avec deux nouvelles"},"content":{"rendered":"<p class=\"paragraph text_align_left lp-f-body-02\">Une liste rajeunie. Alors qu\u2019<a href=\"https:\/\/www.leparisien.fr\/sports\/football\/equipe-de-france-feminine\/je-ne-me-vois-pas-dans-ce-role-de-remplacante-amel-majri-annonce-sa-retraite-internationale-apres-onze-ans-en-bleu-11-10-2025-YRFUS4FPKBA53BK773GSCMWSJI.php\" target=\"_blank\" rel=\"nofollow noopener\">Amel Majri<\/a> et <a href=\"https:\/\/www.leparisien.fr\/sports\/football\/equipe-de-france-feminine\/jamais-facile-de-dire-adieu-apres-amel-majri-sandie-toletti-prend-sa-retraite-internationale-13-10-2025-4DFV4633ZBEZ5LDDCEKSUOVQKU.php\" target=\"_blank\" rel=\"nofollow noopener\">Sandie Toletti<\/a> ont annonc\u00e9 ces derniers jours leur retraite internationale, <a href=\"https:\/\/www.leparisien.fr\/sports\/football\/equipe-de-france-feminine\/preparation-mentale-communication-entrainement-la-methode-laurent-bonadei-en-equipe-de-france-feminine-30-11-2024-IMWMLGAL3JF5FGNMOQ3TZQLUJI.php\" target=\"_blank\" rel=\"nofollow noopener\">Laurent Bonadei<\/a> a convoqu\u00e9 deux nouveaux \u00e9l\u00e9ments dans sa liste de 26 joueuses destin\u00e9es \u00e0 <a href=\"https:\/\/www.leparisien.fr\/sports\/football\/equipe-de-france-feminine\/ligue-des-nations-feminine-le-tirage-au-sort-des-demi-finales-avec-ladversaire-de-la-france-06-06-2025-4LWRCTTR55HIFGB2I5TYF7SGMI.php\" target=\"_blank\" rel=\"nofollow noopener\">affronter l\u2019Allemagne en demi-finale de la Ligue des nations<\/a>\u00a0: Kysha Sylla et Wassa Sangar\u00e9, qu\u2019il consid\u00e8re comme \u00ab\u00a0le pr\u00e9sent et l\u2019avenir du football fran\u00e7ais en d\u00e9fense\u00a0\u00bb.<\/p>\n<blockquote class=\"twitter-tweet\">\n<p lang=\"fr\" dir=\"ltr\">\ud835\udc0b\ud835\udc1a \ud835\udc25\ud835\udc22\ud835\udc2c\ud835\udc2d\ud835\udc1e \ud835\udc1d\ud835\udc1e\ud835\udc2c \ud835\udc01\ud835\udc25\ud835\udc1e\ud835\udc2e\ud835\udc1e\ud835\udc2c \ud83d\udccb\ud83c\uddeb\ud83c\uddf7<\/p>\n<p>Les 2\ufe0f\u20e36\ufe0f\u20e3 joueuses s\u00e9lectionn\u00e9es par <a href=\"https:\/\/twitter.com\/LaurentBonadei?ref_src=twsrc%5Etfw\" rel=\"nofollow noopener\" target=\"_blank\">@LaurentBonadei<\/a>  pour les demi-finales de \ud835\udc73\ud835\udc8a\ud835\udc88\ud835\udc96\ud835\udc86 \ud835\udc85\ud835\udc86\ud835\udc94 \ud835\udc75\ud835\udc82\ud835\udc95\ud835\udc8a\ud835\udc90\ud835\udc8f\ud835\udc94 face \u00e0 l\u2019Allemagne \ud83c\udde9\ud83c\uddea<br \/>Premi\u00e8re convocation pour Kysha Sylla et Wassa Sangar\u00e9 \ud83c\udd95 <a href=\"https:\/\/t.co\/1lj2oYt1kx\" rel=\"nofollow\">pic.twitter.com\/1lj2oYt1kx<\/a><\/p>\n<p>\u2014 Equipe de France F\u00e9minine (@equipedefranceF) <a href=\"https:\/\/twitter.com\/equipedefranceF\/status\/1978793530861518861?ref_src=twsrc%5Etfw\" rel=\"nofollow noopener\" target=\"_blank\">October 16, 2025<\/a><\/p><\/blockquote>\n<p class=\"paragraph text_align_left lp-f-body-02\">Les deux d\u00e9fenseures appartiennent \u00e0 l\u2019Olympique Lyonnais mais \u00e9voluent loin du Rh\u00f4ne cette saison, l\u2019une au Washington Spirit, l\u2019autre chez les London City Lionesses, toutes deux en pr\u00eat.<\/p>\n<p>\u00ab\u00a0Redonner une chance \u00e0 des joueuses\u00a0\u00bb<\/p>\n<p class=\"paragraph text_align_left lp-f-body-02\">\u00ab\u00a0Kysha a \u00e9t\u00e9 form\u00e9e au poste de sentinelle, mais elle joue dans une d\u00e9fense \u00e0 trois, dans l\u2019axe\u00a0\u00bb, a expliqu\u00e9 en conf\u00e9rence de presse <a href=\"https:\/\/www.leparisien.fr\/sports\/football\/equipe-de-france-feminine\/le-selectionneur-des-bleues-confirme-a-son-poste-apres-lelimination-en-quart-de-finale-de-leuro-21-07-2025-4M5RQ6JDGBEWRHMSUXRRETJOHU.php\" target=\"_blank\" rel=\"nofollow noopener\">le s\u00e9lectionneur des Bleues<\/a>, d\u00e9sireux de rajeunir son groupe. \u00ab\u00a0Wassa est une joueuse n\u00e9e en 2006, elle a gagn\u00e9 l\u2019Euro U17 et elle a \u00e9t\u00e9 finaliste du dernier Euro U19\u00a0\u00bb, a d\u00e9velopp\u00e9 <a href=\"https:\/\/www.leparisien.fr\/sports\/football\/equipe-de-france-feminine\/equipe-de-france-feminine-les-premiers-mots-du-nouveau-selectionneur-laurent-bonadei-30-09-2024-54F4OTJ74BELHOV4DIPT2BLNIU.php\" target=\"_blank\" rel=\"nofollow noopener\">l\u2019ancien adjoint d\u2019Herv\u00e9 Renard<\/a>. \u00ab\u00a0Il y avait beaucoup de joueuses de cet effectif que je souhaitais progressivement int\u00e9grer dans notre logique de travail avec les U23.\u00a0\u00bb<\/p>\n<p class=\"paragraph text_align_left lp-f-body-02\">Pour pr\u00e9parer la confrontation aller-retour face \u00e0 la Mannschaft, Laurent Bonadei a \u00e9galement rappel\u00e9 trois joueuses absentes des derni\u00e8res listes\u00a0: les milieux Ines Benyahia (OL) et Laurina Fazer (San Diego) ainsi que l\u2019attaquante Naomie Feller (Real Madrid). \u00ab\u00a0\u00c0 partir du moment o\u00f9 j\u2019avais les d\u00e9fections d\u2019Amel Majri et de Sandie Toletti, j\u2019avais une r\u00e9flexion \u00e0 mener sur le milieu de terrain. J\u2019ai voulu redonner une chance \u00e0 ses joueuses\u00a0\u00bb, a r\u00e9v\u00e9l\u00e9 le technicien de 55\u00a0ans.<\/p>\n<p class=\"paragraph text_align_left lp-f-body-02\">\u00c0 noter que les cadres du groupe, dont les Parisiennes <a href=\"https:\/\/www.leparisien.fr\/sports\/football\/psg-feminin\/on-a-a-coeur-de-rebondir-pour-le-psg-feminin-un-match-deja-crucial-en-ligue-des-champions-face-au-real-16-10-2025-RGND57TVRZAS7CVVFC5MKSSGOM.php\" target=\"_self\" rel=\"nofollow noopener\">Griedge Mbock<\/a>, Elisa De Almeida et <a href=\"https:\/\/www.leparisien.fr\/sports\/football\/psg-feminin\/une-faute-professionnelle-sakina-karchaoui-ne-digere-pas-la-debacle-du-psg-feminin-face-a-lol-lyonnes-28-09-2025-ACFE3LLQZZDCLDGYD3RHPT4JYQ.php\" target=\"_blank\" rel=\"nofollow noopener\">Sakina Karchaoui<\/a>, sont \u00e9videmment s\u00e9lectionn\u00e9es, tout comme Marie-Antoinette Katoto (OL) \u00e0 la pointe de l\u2019attaque. Les Bleues se d\u00e9placeront \u00e0 D\u00fcsseldorf pour le match aller le 24\u00a0octobre avant de recevoir au stade Michel-d\u2019Ornano de Caen pour le retour, le 28\u00a0octobre.<\/p>\n<p><script async src=\"https:\/\/platform.twitter.com\/widgets.js\" charset=\"utf-8\"><\/script><\/p>\n","protected":false},"excerpt":{"rendered":"Une liste rajeunie. Alors qu\u2019Amel Majri et Sandie Toletti ont annonc\u00e9 ces derniers jours leur retraite internationale, Laurent&hellip;\n","protected":false},"author":2,"featured_media":468204,"comment_status":"","ping_status":"","sticky":false,"template":"","format":"standard","meta":{"footnotes":""},"categories":[1587],"tags":[11,672,1804,1805,1803,2067,1777,674,63,1801,12,1802,60],"class_list":{"0":"post-468203","1":"post","2":"type-post","3":"status-publish","4":"format-standard","5":"has-post-thumbnail","7":"category-allemagne","8":"tag-actualites","9":"tag-allemagne","10":"tag-bundesrepublik-deutschland","11":"tag-de","12":"tag-deutschland","13":"tag-equipe-de-france-feminine","14":"tag-eu","15":"tag-europe","16":"tag-football","17":"tag-germany","18":"tag-news","19":"tag-republique-federale-dallemagne","20":"tag-sports"},"share_on_mastodon":{"url":"https:\/\/pubeurope.com\/@fr\/115385606098699750","error":""},"_links":{"self":[{"href":"https:\/\/www.europesays.com\/fr\/wp-json\/wp\/v2\/posts\/468203","targetHints":{"allow":["GET"]}}],"collection":[{"href":"https:\/\/www.europesays.com\/fr\/wp-json\/wp\/v2\/posts"}],"about":[{"href":"https:\/\/www.europesays.com\/fr\/wp-json\/wp\/v2\/types\/post"}],"author":[{"embeddable":true,"href":"https:\/\/www.europesays.com\/fr\/wp-json\/wp\/v2\/users\/2"}],"replies":[{"embeddable":true,"href":"https:\/\/www.europesays.com\/fr\/wp-json\/wp\/v2\/comments?post=468203"}],"version-history":[{"count":0,"href":"https:\/\/www.europesays.com\/fr\/wp-json\/wp\/v2\/posts\/468203\/revisions"}],"wp:featuredmedia":[{"embeddable":true,"href":"https:\/\/www.europesays.com\/fr\/wp-json\/wp\/v2\/media\/468204"}],"wp:attachment":[{"href":"https:\/\/www.europesays.com\/fr\/wp-json\/wp\/v2\/media?parent=468203"}],"wp:term":[{"taxonomy":"category","embeddable":true,"href":"https:\/\/www.europesays.com\/fr\/wp-json\/wp\/v2\/categories?post=468203"},{"taxonomy":"post_tag","embeddable":true,"href":"https:\/\/www.europesays.com\/fr\/wp-json\/wp\/v2\/tags?post=468203"}],"curies":[{"name":"wp","href":"https:\/\/api.w.org\/{rel}","templated":true}]}}