{"id":468211,"date":"2025-10-16T19:59:12","date_gmt":"2025-10-16T19:59:12","guid":{"rendered":"https:\/\/www.europesays.com\/fr\/468211\/"},"modified":"2025-10-16T19:59:12","modified_gmt":"2025-10-16T19:59:12","slug":"donald-trump-affirme-quil-va-rencontrer-vladimir-poutine-a-budapest-et-assure-que-de-grands-progres-ont-ete-faits-pendant-leur-appel","status":"publish","type":"post","link":"https:\/\/www.europesays.com\/fr\/468211\/","title":{"rendered":"Donald Trump affirme qu\u2019il va rencontrer Vladimir Poutine \u00e0 Budapest, et assure que \u00abde grands progr\u00e8s ont \u00e9t\u00e9 faits\u00bb pendant leur appel"},"content":{"rendered":"<p>\n    Le pr\u00e9sident am\u00e9ricain a \u00e9chang\u00e9 ce jeudi avec son homologue russe au cours d\u2019un \u00ablong\u00bb appel t\u00e9l\u00e9phonique, \u00e0 la veille de la venue \u00e0 la Maison-Blanche du pr\u00e9sident ukrainien, Volodymyr Zelensky.<\/p>\n<p class=\"fig-paragraph\">Apr\u00e8s une \u00ablongue\u00bb\u00a0<a href=\"http:\/\/www.lefigaro.fr\/international\/vladimir-poutine-et-donald-trump-vont-echanger-par-telephone-ce-jeudi-annonce-la-maison-blanche-20251016\" target=\"_blank\" data-fig-type=\"NewsFlash\" rel=\"noopener\" data-gtm-custom-categorie=\"navigation\" data-gtm-custom-action=\"crossclick\" data-gtm-custom-label=\"Contextuel\" data-gtm-event=\"customEventSPE\" data-fig-domain=\"LEFIGARO\">conversation t\u00e9l\u00e9phonique<\/a>\u00a0ce jeudi de plus de deux heures, Donald Trump et son homologue russe Vladimir Poutine sont convenus de se rencontrer \u00e0 Budapest (<a href=\"http:\/\/www.lefigaro.fr\/international\/hongrie-a-pecs-des-milliers-de-personnes-bravent-l-interdiction-d-une-marche-des-fiertes-20251004\" target=\"_blank\" data-fig-type=\"NewsFlash\" rel=\"noopener\" data-gtm-custom-categorie=\"navigation\" data-gtm-custom-action=\"crossclick\" data-gtm-custom-label=\"Contextuel\" data-gtm-event=\"customEventSPE\" data-fig-domain=\"LEFIGARO\">Hongrie<\/a>), sans donner de date pr\u00e9cise, a annonc\u00e9 le pr\u00e9sident am\u00e9ricain. Ce dernier a \u00e9galement assur\u00e9 que \u00abde grands progr\u00e8s ont \u00e9t\u00e9 faits\u00bb pendant leur appel. \u00abLe pr\u00e9sident Poutine et moi-m\u00eame nous r\u00e9unirons dans un endroit d\u00e9j\u00e0 convenu, Budapest, en Hongrie, pour voir si nous pouvons mettre fin \u00e0 cette guerre \u2019\u2019sans gloire\u2019\u2019 entre la Russie et l\u2019Ukraine\u00bb, a \u00e9crit le pr\u00e9sident am\u00e9ricain sur son r\u00e9seau Truth Social.<\/p>\n<p class=\"fig-paragraph\">Les deux hommes, au cours de leur \u00abappel bon et productif\u00bb, ont convenu d\u2019organiser une r\u00e9union de hauts responsables \u00abla semaine prochaine\u00bb dont le lieu reste \u00e0 d\u00e9terminer, a pr\u00e9cis\u00e9 le r\u00e9publicain, mais qui seront men\u00e9es par le secr\u00e9taire d\u2019\u00c9tat\u00a0<a href=\"http:\/\/www.lefigaro.fr\/international\/assemblee-generale-de-l-onu-serguei-lavrov-et-marco-rubio-vont-s-entretenir-la-semaine-prochaine-20250919\" target=\"_blank\" data-fig-type=\"NewsFlash\" rel=\"noopener\" data-gtm-custom-categorie=\"navigation\" data-gtm-custom-action=\"crossclick\" data-gtm-custom-label=\"Contextuel\" data-gtm-event=\"customEventSPE\" data-fig-domain=\"LEFIGARO\">Marco Rubio<\/a>\u00a0c\u00f4t\u00e9 am\u00e9ricain. \u00abNous avons pass\u00e9 beaucoup de temps \u00e0 parler du commerce entre la Russie et les \u00c9tats-Unis lorsque la guerre avec l\u2019Ukraine sera termin\u00e9e\u00bb, a poursuivi Donald Trump.<\/p>\n<p>                                    <a class=\"fig-a11y-skip a11y-hidden\" href=\"#fig-a11y-skip-main-inarticle\"><br \/>\n        Passer la publicit\u00e9<br \/>\n    <\/a><\/p>\n<p class=\"fig-paragraph\">\u00abLe pr\u00e9sident pense qu\u2019il est encore possible de r\u00e9unir Poutine et Zelensky\u00bb, a lanc\u00e9 une porte-parole de la Maison-Blanche devant la presse. \u00abIl essaiera de faire avancer les choses en faveur de la paix et il estime que des progr\u00e8s ont \u00e9t\u00e9 r\u00e9alis\u00e9s lors de cet appel. Poutine s\u2019est engag\u00e9 (au cours de l\u2019appel) \u00e0 rencontrer Donald Trump.\u00bb L\u2019\u00e9missaire charg\u00e9 des questions \u00e9conomiques \u00e0 l\u2019international, Kirill Dmitriev, a \u00e9galement d\u00e9clar\u00e9 que l\u2019appel entre les deux dirigeants a \u00e9t\u00e9 \u00abpositif et productif\u00bb.\u00a0<\/p>\n<p>Entretien avec Zelensky vendredi<\/p>\n<p class=\"fig-paragraph\">Plus tard dans la soir\u00e9e, le Kremlin, qui a qualifi\u00e9 l\u2019entretien \u00abd\u2019extr\u00eamement franc et empreint de confiance\u00bb, a assur\u00e9 travailler \u00e0 l\u2019organisation d\u2019un sommet. Cet appel, \u00e0 l\u2019initiative russe, a \u00e9galement \u00e9t\u00e9 l\u2019occasion d\u2019\u00e9voquer la question sensible des missiles de croisi\u00e8re Tomahawk. Le ma\u00eetre du Kremlin a expliqu\u00e9 \u00e0 son interlocuteur que l\u2019\u00e9ventuelle livraison de ces missiles \u00e0 l\u2019Ukraine \u00abcompromettrait le processus de paix\u00bb et \u00abd\u00e9t\u00e9riorerait les relations\u00bb entre les \u00c9tats-Unis et la Russie, a d\u00e9clar\u00e9 aux journalistes le conseiller du Kremlin Yuri Ushakov.<\/p>\n<p class=\"fig-paragraph\">Cet entretien s\u2019est d\u00e9roul\u00e9 \u00e0 la veille d\u2019une visite \u00e0 la Maison-Blanche du pr\u00e9sident ukrainien Volodymyr Zelensky, qui vient demander\u00a0<a href=\"http:\/\/www.lefigaro.fr\/international\/guerre-en-ukraine-zelensky-aurait-demande-a-trump-des-missiles-de-croisiere-americains-tomahawk-pour-contraindre-poutine-a-faire-la-paix-20250926\" target=\"_blank\" data-fig-type=\"NewsFlash\" rel=\"noopener\" data-gtm-custom-categorie=\"navigation\" data-gtm-custom-action=\"crossclick\" data-gtm-custom-label=\"Contextuel\" data-gtm-event=\"customEventSPE\" data-fig-domain=\"LEFIGARO\">\u00e0 son homologue des Tomahawk<\/a>. Donald Trump avait indiqu\u00e9 auparavant qu\u2019il entendait \u00e9changer avec le pr\u00e9sident russe avant de prendre une d\u00e9cision \u00e0 ce sujet.<\/p>\n<p class=\"fig-paragraph\">Ces missiles am\u00e9ricains permettraient \u00e0 l\u2019Ukraine de frapper loin \u00e0 l\u2019int\u00e9rieur du territoire russe, et Moscou a d\u2019ores et d\u00e9j\u00e0 averti qu\u2019une livraison de ces armements \u00e0 Kiev constituerait une \u00abescalade\u00bb \u00e0 ses yeux. Au moment o\u00f9 la Russie multiplie les frappes contre les infrastructures \u00e9nerg\u00e9tiques en Ukraine,\u00a0<a href=\"http:\/\/www.lefigaro.fr\/international\/l-ukraine-espere-recevoir-des-missiles-tomahawk-pour-accroitre-la-pression-sur-la-russie-20250929\" target=\"_blank\" data-fig-type=\"Article\" rel=\"noopener\" data-gtm-custom-categorie=\"navigation\" data-gtm-custom-action=\"crossclick\" data-gtm-custom-label=\"Contextuel\" data-gtm-event=\"customEventSPE\" data-fig-domain=\"LEFIGARO\">le Tomahawk<\/a>\u00a0sera le \u00absujet principal\u00bb de la rencontre avec Donald Trump vendredi, a dit jeudi \u00e0 l\u2019AFP un haut responsable ukrainien.<\/p>\n","protected":false},"excerpt":{"rendered":"Le pr\u00e9sident am\u00e9ricain a \u00e9chang\u00e9 ce jeudi avec son homologue russe au cours d\u2019un \u00ablong\u00bb appel t\u00e9l\u00e9phonique, \u00e0&hellip;\n","protected":false},"author":2,"featured_media":468212,"comment_status":"","ping_status":"","sticky":false,"template":"","format":"standard","meta":{"footnotes":""},"categories":[2],"tags":[11,75,1011,27,12,25,135],"class_list":{"0":"post-468211","1":"post","2":"type-post","3":"status-publish","4":"format-standard","5":"has-post-thumbnail","7":"category-actualites","8":"tag-actualites","9":"tag-donald-trump","10":"tag-fr","11":"tag-france","12":"tag-news","13":"tag-republique-francaise","14":"tag-vladimir-poutine"},"share_on_mastodon":{"url":"https:\/\/pubeurope.com\/@fr\/115385621889252405","error":""},"_links":{"self":[{"href":"https:\/\/www.europesays.com\/fr\/wp-json\/wp\/v2\/posts\/468211","targetHints":{"allow":["GET"]}}],"collection":[{"href":"https:\/\/www.europesays.com\/fr\/wp-json\/wp\/v2\/posts"}],"about":[{"href":"https:\/\/www.europesays.com\/fr\/wp-json\/wp\/v2\/types\/post"}],"author":[{"embeddable":true,"href":"https:\/\/www.europesays.com\/fr\/wp-json\/wp\/v2\/users\/2"}],"replies":[{"embeddable":true,"href":"https:\/\/www.europesays.com\/fr\/wp-json\/wp\/v2\/comments?post=468211"}],"version-history":[{"count":0,"href":"https:\/\/www.europesays.com\/fr\/wp-json\/wp\/v2\/posts\/468211\/revisions"}],"wp:featuredmedia":[{"embeddable":true,"href":"https:\/\/www.europesays.com\/fr\/wp-json\/wp\/v2\/media\/468212"}],"wp:attachment":[{"href":"https:\/\/www.europesays.com\/fr\/wp-json\/wp\/v2\/media?parent=468211"}],"wp:term":[{"taxonomy":"category","embeddable":true,"href":"https:\/\/www.europesays.com\/fr\/wp-json\/wp\/v2\/categories?post=468211"},{"taxonomy":"post_tag","embeddable":true,"href":"https:\/\/www.europesays.com\/fr\/wp-json\/wp\/v2\/tags?post=468211"}],"curies":[{"name":"wp","href":"https:\/\/api.w.org\/{rel}","templated":true}]}}