{"id":468213,"date":"2025-10-16T20:00:20","date_gmt":"2025-10-16T20:00:20","guid":{"rendered":"https:\/\/www.europesays.com\/fr\/468213\/"},"modified":"2025-10-16T20:00:20","modified_gmt":"2025-10-16T20:00:20","slug":"la-france-appelle-a-une-transition-inclusive-et-respectueuse-de-la-legalite","status":"publish","type":"post","link":"https:\/\/www.europesays.com\/fr\/468213\/","title":{"rendered":"la France appelle \u00e0 une transition inclusive et respectueuse de la l\u00e9galit\u00e9"},"content":{"rendered":"<p><img loading=\"lazy\" decoding=\"async\" width=\"696\" height=\"392\" class=\"entry-thumb\" src=\"https:\/\/www.europesays.com\/fr\/wp-content\/uploads\/2025\/10\/macron-ok-696x392.jpg\"   alt=\"Le Pr\u00e9sident fran\u00e7ais, Emmanuel Macron\" title=\"Le Pr\u00e9sident fran\u00e7ais, Emmanuel Macron\"\/>Le Pr\u00e9sident fran\u00e7ais, Emmanuel Macron<\/p>\n<p>La France a r\u00e9agi avec fermet\u00e9 et vigilance \u00e0 la situation politique actuelle \u00e0 Madagascar, marqu\u00e9e par la prise de pouvoir annonc\u00e9e par des militaires du CAPSAT (Corps d\u2019Arm\u00e9e des Personnels et des Services Administratifs et Techniques). Dans un contexte de tensions et de manifestations populaires, Paris insiste sur la n\u00e9cessit\u00e9 d\u2019un retour rapide \u00e0 l\u2019ordre constitutionnel et \u00e0 une transition d\u00e9mocratique inclusive.<\/p>\n<p>Une prise de pouvoir militaire qui inqui\u00e8te<\/p>\n<p>Depuis le 14 octobre 2025, Madagascar traverse une nouvelle crise institutionnelle. Le colonel Michael Randrianirina, figure montante au sein de l\u2019arm\u00e9e malgache, a annonc\u00e9 que les forces du CAPSAT prenaient le contr\u00f4le du pays. Ce d\u00e9veloppement fait suite \u00e0 plusieurs jours de manifestations massives dans la capitale, Antananarivo, et \u00e0 une perte de contr\u00f4le apparente du pouvoir ex\u00e9cutif.<\/p>\n<p>Face \u00e0 cette instabilit\u00e9, les institutions r\u00e9gionales et internationales ont rapidement r\u00e9agi. L\u2019Union africaine a suspendu Madagascar de ses organes d\u00e9cisionnels, d\u00e9non\u00e7ant un changement anticonstitutionnel de gouvernement. La Communaut\u00e9 de d\u00e9veloppement de l\u2019Afrique australe (SADC) et la Commission de l\u2019oc\u00e9an Indien (COI) ont, quant \u00e0 elles, propos\u00e9 d\u2019initier un processus de m\u00e9diation pour \u00e9viter l\u2019enlisement.<\/p>\n<p>La France appelle \u00e0 une transition civile et d\u00e9mocratique<\/p>\n<p>Interrog\u00e9 lors de son point presse hebdomadaire \u00e0 Paris, le porte-parole du minist\u00e8re de l\u2019Europe et des Affaires \u00e9trang\u00e8res, Pascal Confavreux, a livr\u00e9 la position officielle de la France. \u00ab\u00a0Nous suivons avec la plus grande attention la situation actuelle \u00e0 <a href=\"https:\/\/www.afrik.com\/madagascar\" target=\"_blank\" rel=\"noopener\">Madagascar<\/a>\u00a0\u00bb, a-t-il d\u00e9clar\u00e9. Il a exprim\u00e9 la compassion de la France envers les victimes et les personnes affect\u00e9es par les r\u00e9cents \u00e9v\u00e9nements.<\/p>\n<p>Plus encore, Paris insiste sur la n\u00e9cessit\u00e9 d\u2019un retour rapide \u00e0 la l\u00e9galit\u00e9 constitutionnelle. \u00ab\u00a0La transition est d\u00e9sormais engag\u00e9e\u00a0\u00bb, a confirm\u00e9 le porte-parole, tout en soulignant que ce processus doit inclure toutes les composantes de la soci\u00e9t\u00e9 malgache. \u00ab\u00a0La <a href=\"https:\/\/www.afrik.com\/france\" target=\"_blank\" rel=\"noopener\">France<\/a> appelle \u00e0 la pleine association des civils au processus en cours\u00a0\u00bb, a affirm\u00e9 Confavreux, insistant sur le respect des aspirations l\u00e9gitimes du peuple malgache, notamment celles exprim\u00e9es par une jeunesse mobilis\u00e9e.<\/p>\n<p>Une jeunesse au c\u0153ur du mouvement<\/p>\n<p>L\u2019un des faits marquants de cette crise est la mobilisation massive de la jeunesse malgache. Dans les rues d\u2019Antananarivo comme sur les r\u00e9seaux sociaux, les jeunes se sont exprim\u00e9s avec force contre la corruption, l\u2019inefficacit\u00e9 du gouvernement et pour une transition d\u00e9mocratique cr\u00e9dible. \u00ab\u00a0La mobilisation de la jeunesse doit \u00eatre entendue\u00a0\u00bb, a soulign\u00e9 le porte-parole du Quai d\u2019Orsay, y voyant le signe d\u2019une prise de conscience politique forte et d\u2019un besoin urgent de changement. Paris appelle \u00e0 ce que cette \u00e9nergie soit canalis\u00e9e dans un processus institutionnel stable et respectueux de l\u2019\u00e9tat de droit.<\/p>\n<p>Un soutien international \u00e0 la m\u00e9diation<\/p>\n<p>La France s\u2019est dite disponible pour accompagner les efforts de m\u00e9diation men\u00e9s par ses partenaires r\u00e9gionaux. \u00ab\u00a0Nous nous tenons aux c\u00f4t\u00e9s de la SADC, de l\u2019Union africaine et de la COI pour parvenir \u00e0 une solution pacifique conforme aux attentes du peuple malgache\u00a0\u00bb, a d\u00e9clar\u00e9 Confavreux, r\u00e9affirmant le soutien de Paris \u00e0 toute initiative qui favorise le dialogue et \u00e9vite une escalade de la violence.<\/p>\n<p>Ce positionnement marque une continuit\u00e9 dans la diplomatie fran\u00e7aise, souvent active dans les situations de crise politique en Afrique, en particulier dans l\u2019espace francophone. La France met l\u2019accent sur la coop\u00e9ration r\u00e9gionale, tout en respectant la souverainet\u00e9 des \u00c9tats concern\u00e9s.<\/p>\n<p>Le d\u00e9part annonc\u00e9 du Pr\u00e9sident Rajoelina<\/p>\n<p>La crise a atteint un nouveau tournant lorsque le Pr\u00e9sident sortant <a href=\"https:\/\/www.afrik.com\/crise-politique-a-madagascar-l-assemblee-vote-la-destitution-du-president-l-armee-annonce-qu-elle-prend-le-pouvoir\" target=\"_blank\" rel=\"noopener\">Andry Rajoelina<\/a> a annonc\u00e9 son d\u00e9part du territoire national, sans qu\u2019une destination pr\u00e9cise ne soit confirm\u00e9e. Interrog\u00e9 sur une possible assistance fran\u00e7aise \u00e0 cette sortie, le porte-parole du <a href=\"https:\/\/www.afrik.com\/madagascar-la-france-appelle-au-dialogue-face-a-la-crise-politique-et-institutionnelle\" target=\"_blank\" rel=\"noopener\">Quai d\u2019Orsay\u00a0<\/a>a d\u00e9clar\u00e9 : \u00ab Je ne confirme pas ce point \u00bb, se bornant \u00e0 rappeler que \u00ab le Pr\u00e9sident Rajoelina a indiqu\u00e9 ce matin qu\u2019il allait quitter le territoire \u00bb.<\/p>\n<p>Ce d\u00e9part ouvre la voie \u00e0 une transition, mais les contours de celle-ci restent flous. Qui dirigera cette phase int\u00e9rimaire ? Quelles garanties seront donn\u00e9es \u00e0 la population et \u00e0 la communaut\u00e9 internationale ? Les prochaines semaines seront d\u00e9cisives.<\/p>\n","protected":false},"excerpt":{"rendered":"Le Pr\u00e9sident fran\u00e7ais, Emmanuel Macron La France a r\u00e9agi avec fermet\u00e9 et vigilance \u00e0 la situation politique actuelle&hellip;\n","protected":false},"author":2,"featured_media":468214,"comment_status":"","ping_status":"","sticky":false,"template":"","format":"standard","meta":{"footnotes":""},"categories":[4],"tags":[11,312,1011,27,1146,8459,2088,12,25],"class_list":{"0":"post-468213","1":"post","2":"type-post","3":"status-publish","4":"format-standard","5":"has-post-thumbnail","7":"category-france","8":"tag-actualites","9":"tag-diplomatie","10":"tag-fr","11":"tag-france","12":"tag-guerre","13":"tag-madagascar","14":"tag-manifestation","15":"tag-news","16":"tag-republique-francaise"},"share_on_mastodon":{"url":"https:\/\/pubeurope.com\/@fr\/115385626345200432","error":""},"_links":{"self":[{"href":"https:\/\/www.europesays.com\/fr\/wp-json\/wp\/v2\/posts\/468213","targetHints":{"allow":["GET"]}}],"collection":[{"href":"https:\/\/www.europesays.com\/fr\/wp-json\/wp\/v2\/posts"}],"about":[{"href":"https:\/\/www.europesays.com\/fr\/wp-json\/wp\/v2\/types\/post"}],"author":[{"embeddable":true,"href":"https:\/\/www.europesays.com\/fr\/wp-json\/wp\/v2\/users\/2"}],"replies":[{"embeddable":true,"href":"https:\/\/www.europesays.com\/fr\/wp-json\/wp\/v2\/comments?post=468213"}],"version-history":[{"count":0,"href":"https:\/\/www.europesays.com\/fr\/wp-json\/wp\/v2\/posts\/468213\/revisions"}],"wp:featuredmedia":[{"embeddable":true,"href":"https:\/\/www.europesays.com\/fr\/wp-json\/wp\/v2\/media\/468214"}],"wp:attachment":[{"href":"https:\/\/www.europesays.com\/fr\/wp-json\/wp\/v2\/media?parent=468213"}],"wp:term":[{"taxonomy":"category","embeddable":true,"href":"https:\/\/www.europesays.com\/fr\/wp-json\/wp\/v2\/categories?post=468213"},{"taxonomy":"post_tag","embeddable":true,"href":"https:\/\/www.europesays.com\/fr\/wp-json\/wp\/v2\/tags?post=468213"}],"curies":[{"name":"wp","href":"https:\/\/api.w.org\/{rel}","templated":true}]}}