{"id":468219,"date":"2025-10-16T20:04:12","date_gmt":"2025-10-16T20:04:12","guid":{"rendered":"https:\/\/www.europesays.com\/fr\/468219\/"},"modified":"2025-10-16T20:04:12","modified_gmt":"2025-10-16T20:04:12","slug":"nos-traditions-freinent-tout-progres","status":"publish","type":"post","link":"https:\/\/www.europesays.com\/fr\/468219\/","title":{"rendered":"\u00ab Nos traditions freinent tout progr\u00e8s \u00bb"},"content":{"rendered":"<p>                <img decoding=\"async\" src=\"https:\/\/www.europesays.com\/fr\/wp-content\/uploads\/2025\/10\/AxiJ.jpg\" fetchpriority=\"high\" alt=\"Djokovic secoue le monde du tennis : \u00ab Nos traditions freinent tout progr\u00e8s \u00bb\"\/><\/p>\n<p>Lors d\u2019une conf\u00e9rence organis\u00e9e avant son duel face \u00e0 Sinner, l&rsquo;ancien n\u00b01 mondial a livr\u00e9 un discours sans filtre. Novak Djokovic d\u00e9plore qu\u2019un sport \u00ab aussi grand et universel \u00bb soit prisonnier de traditions qui \u00ab freinent son \u00e9volution \u00bb.<\/p>\n<p>Pr\u00e9sent \u00e0 Riyad (Arabie saoudite) pour disputer ce jeudi le Six Kings Slam contre Jannik Sinner, Novak Djokovic est aussi apparu micro en main lors d\u2019une conf\u00e9rence donn\u00e9e par plusieurs personnalit\u00e9s du sport.<\/p>\n<p><strong>Le Serbe a notamment argument\u00e9 que les normes du tennis freinent \u00ab l\u2019innovation \u00bb et de possibles changements :<\/strong><\/p>\n<p>\u00ab Le tennis a toujours \u00e9t\u00e9 un sport d\u2019\u00e9lite, il repose sur ce fondement\u2026 C\u2019est une bonne chose car nous avons un h\u00e9ritage, une tradition et une histoire dont nous sommes fiers et c\u2019est un sport tr\u00e8s international.<\/p>\n<p>Mais il a un \u00e9norme potentiel qui est laiss\u00e9 de c\u00f4t\u00e9, ce qui est regrettable. Cela freine l\u2019innovation, cela la sabote, parce qu\u2019il faut se comporter d\u2019une certaine mani\u00e8re, celle \u00e0 laquelle nous sommes habitu\u00e9s de voir les gens parler ou jouer. \u00bb<\/p>\n","protected":false},"excerpt":{"rendered":"Lors d\u2019une conf\u00e9rence organis\u00e9e avant son duel face \u00e0 Sinner, l&rsquo;ancien n\u00b01 mondial a livr\u00e9 un discours sans&hellip;\n","protected":false},"author":2,"featured_media":468220,"comment_status":"","ping_status":"","sticky":false,"template":"","format":"standard","meta":{"footnotes":""},"categories":[1415],"tags":[1011,27,60,1467],"class_list":{"0":"post-468219","1":"post","2":"type-post","3":"status-publish","4":"format-standard","5":"has-post-thumbnail","7":"category-tennis","8":"tag-fr","9":"tag-france","10":"tag-sports","11":"tag-tennis"},"share_on_mastodon":{"url":"https:\/\/pubeurope.com\/@fr\/115385642268027220","error":""},"_links":{"self":[{"href":"https:\/\/www.europesays.com\/fr\/wp-json\/wp\/v2\/posts\/468219","targetHints":{"allow":["GET"]}}],"collection":[{"href":"https:\/\/www.europesays.com\/fr\/wp-json\/wp\/v2\/posts"}],"about":[{"href":"https:\/\/www.europesays.com\/fr\/wp-json\/wp\/v2\/types\/post"}],"author":[{"embeddable":true,"href":"https:\/\/www.europesays.com\/fr\/wp-json\/wp\/v2\/users\/2"}],"replies":[{"embeddable":true,"href":"https:\/\/www.europesays.com\/fr\/wp-json\/wp\/v2\/comments?post=468219"}],"version-history":[{"count":0,"href":"https:\/\/www.europesays.com\/fr\/wp-json\/wp\/v2\/posts\/468219\/revisions"}],"wp:featuredmedia":[{"embeddable":true,"href":"https:\/\/www.europesays.com\/fr\/wp-json\/wp\/v2\/media\/468220"}],"wp:attachment":[{"href":"https:\/\/www.europesays.com\/fr\/wp-json\/wp\/v2\/media?parent=468219"}],"wp:term":[{"taxonomy":"category","embeddable":true,"href":"https:\/\/www.europesays.com\/fr\/wp-json\/wp\/v2\/categories?post=468219"},{"taxonomy":"post_tag","embeddable":true,"href":"https:\/\/www.europesays.com\/fr\/wp-json\/wp\/v2\/tags?post=468219"}],"curies":[{"name":"wp","href":"https:\/\/api.w.org\/{rel}","templated":true}]}}