{"id":468221,"date":"2025-10-16T20:06:38","date_gmt":"2025-10-16T20:06:38","guid":{"rendered":"https:\/\/www.europesays.com\/fr\/468221\/"},"modified":"2025-10-16T20:06:38","modified_gmt":"2025-10-16T20:06:38","slug":"motogp-dani-pedrosa-balance-marc-marquez-a-tue-honda-et-brise-ma-carriere-ou-les-confessions-explosives-du-martyr-de-la-rc213v","status":"publish","type":"post","link":"https:\/\/www.europesays.com\/fr\/468221\/","title":{"rendered":"MotoGP, Dani Pedrosa balance : \u00ab\u00a0Marc Marquez a tu\u00e9 Honda et bris\u00e9 ma carri\u00e8re\u00a0\u00bb, ou les confessions explosives du martyr de la RC213V"},"content":{"rendered":"<p><strong>Dans des r\u00e9v\u00e9lations aussi rares que brutales, Dani<br \/>\nPedrosa l\u00e8ve enfin le voile sur l\u2019enfer v\u00e9cu aux c\u00f4t\u00e9s de Marc<br \/>\nMarquez chez Honda. Le documentaire \u00ab Marc, al otro lado del Box \u00bb<br \/>\nsur DAZN devient le th\u00e9\u00e2tre de v\u00e9rit\u00e9s qui d\u00e9rangent.<\/strong><\/p>\n<p>\u00ab <strong>Le talent de Marquez a \u00e9t\u00e9 mon<br \/>\npoison<\/strong> \u00bb, ass\u00e8ne <strong>Pedrosa<\/strong>, d\u00e9voilant<br \/>\ncomment le ph\u00e9nom\u00e8ne espagnol a involontairement sabot\u00e9 le<br \/>\nd\u00e9veloppement de la <strong>Honda<\/strong> et bris\u00e9 sa<br \/>\ncarri\u00e8re.<\/p>\n<p>D\u00e8s 2013, <strong>Pedrosa<\/strong> comprend qu\u2019il affronte un<br \/>\nmonstre : \u00ab d\u00e8s le premier test, il \u00e9tait tr\u00e8s rapide ;<br \/>\n<strong>en quelques kilom\u00e8tres, il \u00e9tait d\u00e9j\u00e0 au sommet de sa<br \/>\nforme<\/strong>. \u00bb Mais cette rapidit\u00e9 cache un pi\u00e8ge<br \/>\nmortel.<\/p>\n<p>\u00ab <strong>C\u2019\u00e9tait un pr\u00e9dateur<\/strong> capable<br \/>\nd\u2019assimiler les forces de ses rivaux et de les imposer en un temps<br \/>\nrecord \u00bb, r\u00e9v\u00e8le <strong>Pedrosa<\/strong>. \u00ab Lorsqu\u2019il lui<br \/>\nmanquait quelque chose, comme un rival comme moi ou Jorge,<br \/>\n<strong>il savait tr\u00e8s bien identifier rapidement ses lacunes et<br \/>\nles compenser sur la piste<\/strong>. \u00bb<\/p>\n<p>Le don supr\u00eame de <strong>Marquez<\/strong> devient sa<br \/>\nmal\u00e9diction : \u00ab on peut modifier les r\u00e9glages de la moto de<br \/>\nMarc et il obtiendra le m\u00eame temps. Cette capacit\u00e9 \u00e0 obtenir des<br \/>\nr\u00e9sultats, m\u00eame lorsque la situation n\u2019est pas id\u00e9ale, <strong>est<br \/>\nun handicap pour l\u2019ing\u00e9nieur<\/strong>. \u00bb<\/p>\n<p><strong>Pedrosa<\/strong> se fait plus clair\u00a0: \u00ab pour le<br \/>\nd\u00e9veloppement de la moto, il n\u2019est pas le meilleur guide, car<br \/>\n<strong>il peut surmonter certains probl\u00e8mes que d\u2019autres pilotes<br \/>\nne peuvent pas r\u00e9soudre<\/strong>. \u00bb<\/p>\n<p><img loading=\"lazy\" decoding=\"async\" class=\"aligncenter\" src=\"https:\/\/www.europesays.com\/fr\/wp-content\/uploads\/2025\/10\/DaniPedrosa-3456456_compressed.jpg\" alt=\"Dani Pedrosa\" width=\"1198\" height=\"627\"\/><\/p>\n<p><strong>Dani Pedrosa brise le mythe<br \/>\ndu \u00ab\u00a0tracteur\u00a0\u00bb\u00a0: \u00ab\u00a0la r\u00e9alit\u00e9 est qu\u2019il a<br \/>\nd\u00fb quitter Honda pour rejoindre Ducati et gagner \u00e0<br \/>\nnouveau\u00a0\u00bb<\/strong><\/p>\n<p>Et le d\u00e9g\u00e2t collat\u00e9ral dans ce cas et son propre \u00e9quipier\u00a0:<br \/>\n\u00ab\u00a0Marc est capable de contrer rapidement les pertes<br \/>\ncaus\u00e9es par les armes de son adversaire \u00bb, analyse<br \/>\n<strong>Pedrosa<\/strong>. \u00ab De cette fa\u00e7on, <strong>il<br \/>\naffaiblit son adversaire<\/strong>, car de l\u2019autre c\u00f4t\u00e9, celui-ci<br \/>\n<strong>n\u2019est pas toujours capable de faire ce que Marc<br \/>\nfait<\/strong>. \u00bb Une confession qui \u00e9claire d\u2019une lumi\u00e8re crue<br \/>\nce que vit sans doute actuellement <a href=\"https:\/\/www.paddock-gp.com\/motogp-pecco-bagnaia-je-nai-jamais-doute-de-ducati-et-ma-carriere-a-commence-et-elle-se-terminera-chez-ducati\/\" rel=\"nofollow noopener\" target=\"_blank\"><br \/>\n<strong>Pecco Bagnaia<\/strong><\/a> chez <strong>Ducati<\/strong><br \/>\n\u2026<\/p>\n<p>Il confie\u00a0: \u00ab le plus difficile pour moi, c\u2019est qu\u2019au<br \/>\nfil des ans, en devenant le pilote num\u00e9ro un, c\u2019est lui qui a<br \/>\ndirig\u00e9 le d\u00e9veloppement de la moto, et cela m\u2019a fait mal.<br \/>\n\u00bb<\/p>\n<p>Comme <strong>Bagnaia<\/strong> aujourd\u2019hui,<br \/>\n<strong>Pedrosa<\/strong> a souffert de l\u2019\u00e9nergie<br \/>\n<strong>Marquez<\/strong> : \u00ab <strong>sa fa\u00e7on de<br \/>\nc\u00e9l\u00e9brer<\/strong>, l\u2019\u00e9nergie qu\u2019il transmet \u00e0 l\u2019\u00e9quipe\u2026<br \/>\nLes gens veulent participer \u00e0 cette f\u00eate. <strong>Si cela se<br \/>\nreproduit sur plusieurs week-ends, cela complique les<br \/>\nchoses<\/strong>. \u00bb<\/p>\n<p>Dani Pedrosa brise aussi le mythe du \u00ab\u00a0tracteur\u00a0\u00bb<br \/>\nlanc\u00e9 par <strong>Bagnaia<\/strong> lui-m\u00eame\u00a0: \u00ab s\u2019il peut<br \/>\naller vite m\u00eame avec un tracteur ? La r\u00e9alit\u00e9 est qu\u2019il a d\u00fb<br \/>\nquitter Honda pour rejoindre Ducati et gagner \u00e0 nouveau. \u00bb<\/p>\n<p>Ces confessions r\u00e9v\u00e8lent la trag\u00e9die <a href=\"https:\/\/www.paddock-gp.com\/motogp-stefan-bradl-raconte-comment-honda-a-terrasse-le-fantome-de-marc-marquez-pour-renaitre-de-ses-cendres\/\" rel=\"nofollow noopener\" target=\"_blank\"><br \/>\n<strong>Honda<\/strong><\/a> : en laissant <strong>Marquez<\/strong><br \/>\ndominer le d\u00e9veloppement, le constructeur japonais a cr\u00e9\u00e9 une moto<br \/>\ning\u00e9rable pour tout autre pilote. <strong>Pedrosa<\/strong>, victime<br \/>\ncollat\u00e9rale de ce g\u00e9nie encombrant, paie encore aujourd\u2019hui le prix<br \/>\nde cette \u00e9poque.<\/p>\n<p>Une le\u00e7on qui devrait servir d\u2019avertissement \u00e0 <a href=\"https:\/\/www.paddock-gp.com\/motogp-indonesie-gigi-dalligna-ducati-parfois-il-faut-un-week-end-comme-celui-la-pour-se-rappeler-que-rien-nest-facile-que-tout-se-merite\/\" rel=\"nofollow noopener\" target=\"_blank\"><br \/>\n<strong>Ducati<\/strong><\/a> : le talent pur peut parfois \u00eatre<br \/>\nl\u2019ennemi du progr\u00e8s technique en <a href=\"https:\/\/www.motogp.com\/en\" rel=\"nofollow noopener\" target=\"_blank\">MotoGP<\/a>.<\/p>\n<p><img decoding=\"async\" class=\"aligncenter\" src=\"https:\/\/www.europesays.com\/fr\/wp-content\/uploads\/2025\/10\/MarquezPedrosa2013_compressed.jpg\" alt=\"Marc Marquez et Dani Pedrosa\"\/><\/p>\n<p>\u00a0<\/p>\n<p>\u00a0<\/p>\n<p>\u00a0<\/p>\n","protected":false},"excerpt":{"rendered":"Dans des r\u00e9v\u00e9lations aussi rares que brutales, Dani Pedrosa l\u00e8ve enfin le voile sur l\u2019enfer v\u00e9cu aux c\u00f4t\u00e9s&hellip;\n","protected":false},"author":2,"featured_media":468222,"comment_status":"","ping_status":"","sticky":false,"template":"","format":"standard","meta":{"footnotes":""},"categories":[1413],"tags":[1011,27,1457,1456,60],"class_list":{"0":"post-468221","1":"post","2":"type-post","3":"status-publish","4":"format-standard","5":"has-post-thumbnail","7":"category-moto","8":"tag-fr","9":"tag-france","10":"tag-moto","11":"tag-motocycle","12":"tag-sports"},"share_on_mastodon":{"url":"https:\/\/pubeurope.com\/@fr\/115385649803474461","error":""},"_links":{"self":[{"href":"https:\/\/www.europesays.com\/fr\/wp-json\/wp\/v2\/posts\/468221","targetHints":{"allow":["GET"]}}],"collection":[{"href":"https:\/\/www.europesays.com\/fr\/wp-json\/wp\/v2\/posts"}],"about":[{"href":"https:\/\/www.europesays.com\/fr\/wp-json\/wp\/v2\/types\/post"}],"author":[{"embeddable":true,"href":"https:\/\/www.europesays.com\/fr\/wp-json\/wp\/v2\/users\/2"}],"replies":[{"embeddable":true,"href":"https:\/\/www.europesays.com\/fr\/wp-json\/wp\/v2\/comments?post=468221"}],"version-history":[{"count":0,"href":"https:\/\/www.europesays.com\/fr\/wp-json\/wp\/v2\/posts\/468221\/revisions"}],"wp:featuredmedia":[{"embeddable":true,"href":"https:\/\/www.europesays.com\/fr\/wp-json\/wp\/v2\/media\/468222"}],"wp:attachment":[{"href":"https:\/\/www.europesays.com\/fr\/wp-json\/wp\/v2\/media?parent=468221"}],"wp:term":[{"taxonomy":"category","embeddable":true,"href":"https:\/\/www.europesays.com\/fr\/wp-json\/wp\/v2\/categories?post=468221"},{"taxonomy":"post_tag","embeddable":true,"href":"https:\/\/www.europesays.com\/fr\/wp-json\/wp\/v2\/tags?post=468221"}],"curies":[{"name":"wp","href":"https:\/\/api.w.org\/{rel}","templated":true}]}}