{"id":468223,"date":"2025-10-16T20:07:14","date_gmt":"2025-10-16T20:07:14","guid":{"rendered":"https:\/\/www.europesays.com\/fr\/468223\/"},"modified":"2025-10-16T20:07:14","modified_gmt":"2025-10-16T20:07:14","slug":"lawson-de-retour-sur-hadjar-son-avenir-enfin-fixe","status":"publish","type":"post","link":"https:\/\/www.europesays.com\/fr\/468223\/","title":{"rendered":"Lawson de retour sur Hadjar, son avenir enfin fix\u00e9 ?"},"content":{"rendered":"<p>Il n\u2019a toujours pas son baquet pour 2026. Alors que Isack Hadjar a des chances d\u2019\u00eatre promu dans l\u2019\u00e9quipe Red Bull aux c\u00f4t\u00e9s de Max Verstappen, son co\u00e9quipier Liam Lawson, n\u2019a toujours pas sign\u00e9 son contrat pour 2026 chez Racing Bulls.<\/p>\n<p><b>Des performances qui s\u2019am\u00e9liorent<\/b><\/p>\n<p>Apr\u00e8s avoir \u00e9t\u00e9 remplac\u00e9 de chez Red Bull en d\u00e9but d\u2019ann\u00e9e par Yuki Tsunoda et envoy\u00e9 chez Racing Bulls, les performances de Lawson se sont am\u00e9lior\u00e9es. Il a r\u00e9alis\u00e9 des r\u00e9sultats plus r\u00e9guliers et \u00e0 r\u00e9aliser sa meilleure position de la saison \u00e0 Bakou avec une 5e place. Bien que selon lui il ait peu de chances de revenir chez Red Bull, Liam Lawson esp\u00e8re prolonger l\u2019aventure chez Racing Bulls. <\/p>\n<p>Pour essayer de conserver sa place, le pilote doit se concentrer sur les performances d\u2019Hadjar. \u201cCe sont de petits r\u00e9glages qui s\u2019affinent, plus que des gros changements. Au fil d\u2019une saison, vous apprenez \u00e0 conna\u00eetre vos pr\u00e9f\u00e9rences personnelles en tant que pilote. Ce sont des choses simples, comme une voiture l\u00e9g\u00e8rement plus orient\u00e9e vers l\u2019exploitation de son train avant ou une voiture l\u00e9g\u00e8rement plus stable du train arri\u00e8re.\u201d explique-t-il via des propos relay\u00e9s par <a href=\"https:\/\/motorsport.nextgen-auto.com\/fr\/formule-1\/comment-lawson-a-reussi-a-se-remettre-dans-le-rythme-d-hadjar,203246.html\" rel=\"nofollow noopener\" target=\"_blank\">motorsport.nextgen<\/a>. \u201cPlus encore, sans entrer dans les d\u00e9tails, il y a des aspects personnels, des questions de confort dans la voiture, en termes de position, en termes de sensations que je re\u00e7ois \u00e0 travers le volant, qui m\u2019ont permis d\u2019\u00eatre plus \u00e0 l\u2019aise et de mieux ressentir ce qui se passe.\u201d conclut-il.<\/p>\n<p>L\u2019\u00e9quipe Red Bull ne devrait pas tarder \u00e0 annoncer ses duos pour 2026.<\/p>\n<p>    Partagez cette info avec vos amis et vos proches en cliquant ici  <\/p>\n<p> Podcasts \u00e0 la une MEN LIFE <\/p>\n<p>    Pour r\u00e9sumer<\/p>\n<p>Alors qu&rsquo;Isack Hadjar a des chances d&rsquo;\u00eatre promu dans l&rsquo;\u00e9quipe Red Bull aux c\u00f4t\u00e9s de Max Verstappen, Liam Lawson, son co\u00e9quipier chez Racing Bulls, n&rsquo;a toujours pas sign\u00e9 son contrat pour 2026. Concentr\u00e9 sur les performances d&rsquo;Hadjar, le pilote doit tout faire pour essayer de renouveler l&rsquo;aventure.<\/p>\n<p>R\u00e9dacteur<\/p>\n<p><img decoding=\"async\" width=\"76\" height=\"76\" loading=\"lazy\" src=\"https:\/\/www.europesays.com\/fr\/wp-content\/uploads\/2025\/04\/avatar-sport-am.png\" alt=\"Cylia Espiau\"\/><\/p>\n","protected":false},"excerpt":{"rendered":"Il n\u2019a toujours pas son baquet pour 2026. Alors que Isack Hadjar a des chances d\u2019\u00eatre promu dans&hellip;\n","protected":false},"author":2,"featured_media":468224,"comment_status":"","ping_status":"","sticky":false,"template":"","format":"standard","meta":{"footnotes":""},"categories":[1412],"tags":[1451,1452,1453,1454,1455,1011,27,60],"class_list":{"0":"post-468223","1":"post","2":"type-post","3":"status-publish","4":"format-standard","5":"has-post-thumbnail","7":"category-f1","8":"tag-f1","9":"tag-formula-1","10":"tag-formula1","11":"tag-formule-1","12":"tag-formule1","13":"tag-fr","14":"tag-france","15":"tag-sports"},"share_on_mastodon":{"url":"https:\/\/pubeurope.com\/@fr\/115385653629357467","error":""},"_links":{"self":[{"href":"https:\/\/www.europesays.com\/fr\/wp-json\/wp\/v2\/posts\/468223","targetHints":{"allow":["GET"]}}],"collection":[{"href":"https:\/\/www.europesays.com\/fr\/wp-json\/wp\/v2\/posts"}],"about":[{"href":"https:\/\/www.europesays.com\/fr\/wp-json\/wp\/v2\/types\/post"}],"author":[{"embeddable":true,"href":"https:\/\/www.europesays.com\/fr\/wp-json\/wp\/v2\/users\/2"}],"replies":[{"embeddable":true,"href":"https:\/\/www.europesays.com\/fr\/wp-json\/wp\/v2\/comments?post=468223"}],"version-history":[{"count":0,"href":"https:\/\/www.europesays.com\/fr\/wp-json\/wp\/v2\/posts\/468223\/revisions"}],"wp:featuredmedia":[{"embeddable":true,"href":"https:\/\/www.europesays.com\/fr\/wp-json\/wp\/v2\/media\/468224"}],"wp:attachment":[{"href":"https:\/\/www.europesays.com\/fr\/wp-json\/wp\/v2\/media?parent=468223"}],"wp:term":[{"taxonomy":"category","embeddable":true,"href":"https:\/\/www.europesays.com\/fr\/wp-json\/wp\/v2\/categories?post=468223"},{"taxonomy":"post_tag","embeddable":true,"href":"https:\/\/www.europesays.com\/fr\/wp-json\/wp\/v2\/tags?post=468223"}],"curies":[{"name":"wp","href":"https:\/\/api.w.org\/{rel}","templated":true}]}}