{"id":468235,"date":"2025-10-16T20:13:13","date_gmt":"2025-10-16T20:13:13","guid":{"rendered":"https:\/\/www.europesays.com\/fr\/468235\/"},"modified":"2025-10-16T20:13:13","modified_gmt":"2025-10-16T20:13:13","slug":"on-saime-cyril-hanouna-sous-le-charme-dune-animatrice-tele-lanimateur-senflamme-en-direct","status":"publish","type":"post","link":"https:\/\/www.europesays.com\/fr\/468235\/","title":{"rendered":"\u00ab\u00a0On s&rsquo;aime !\u00a0\u00bb : Cyril Hanouna sous le charme d&rsquo;une animatrice t\u00e9l\u00e9 ? L&rsquo;animateur s&rsquo;enflamme en direct"},"content":{"rendered":"<p>Cyril\u00a0Hanouna animait un nouveau num\u00e9ro de <a href=\"https:\/\/www.closermag.fr\/tv_tele_realite\/le-costume-est-trop-grand-pour-elle-lea-salame-en-prend-pour-son-grade-dans-tbt9-ce-celebre-chroniqueur-sen-donne-a-coeur-joie-3586823\" target=\"_blank\" rel=\"noopener\"><br \/>\nTout beau tout n9uf<\/a>, ce jeudi 16 octobre, entour\u00e9 de<br \/>\ntous ses chroniqueurs. L\u2019animateur recevait deux c\u00e9l\u00e9brit\u00e9s<br \/>\nfran\u00e7aises qui ont marqu\u00e9 des g\u00e9n\u00e9rations\u00a0: Chantal Goya et<br \/>\nChristine Bravo.<\/p>\n<p>Le trublion du PAF a alors eu de tendres mots pour l\u2019animatrice<br \/>\nqui s\u2019appr\u00eatait \u00e0 le rejoindre en plateau.<\/p>\n<p>Cyril Hanouna fait une d\u00e9claration d\u2019amour \u00e0 Christine<br \/>\nBravo<\/p>\n<p>Dans le paysage audiovisuel fran\u00e7ais, <a href=\"https:\/\/www.closermag.fr\/people\/cyril-hanouna-a-quoi-ressemble-sa-magnifique-maison-de-saint-tropez-3460760\" target=\"_blank\" rel=\"noopener\"><br \/>\nCyril Hanouna<\/a> est autant d\u00e9test\u00e9 qu\u2019ador\u00e9. L\u2019animateur a re\u00e7u<br \/>\nce 16 octobre <strong>deux stars<\/strong> qu\u2019ils comptent parmi ses<br \/>\namis. <a href=\"https:\/\/www.closermag.fr\/people\/cest-personnel-le-ton-monte-en-pleine-interview-chantal-goya-refuse-devoquer-sa-condamnation-3581901\" target=\"_blank\" rel=\"noopener\"><br \/>\nChantal Goya<\/a> et <a href=\"https:\/\/www.closermag.fr\/people\/le-meme-prix-pour-tout-le-monde-christine-bravo-se-fait-payer-pour-passer-a-la-tele-le-montant-devoile-3583210\" target=\"_blank\" rel=\"noopener\"><br \/>\nChristine Bravo<\/a> \u00e9taient en effet les invit\u00e9es du trublion du<br \/>\nPAF, qui n\u2019a pas manqu\u00e9 de leur adresser de tendres mots.<br \/>\n\u00ab\u00a0Merci d\u2019\u00eatre l\u00e0. Tout le monde est l\u00e0, Shanna<br \/>\nLousteau nous a rejoint. Il y a Christine Bravo qui arrive dans un<br \/>\ninstant. J&rsquo;adore, j&rsquo;adore. Il y a Chantal Goya que j&rsquo;adore. Ma<br \/>\nch\u00e9rie d&rsquo;amour. Et il y a Christine Bravo, <strong>elle sait que je<br \/>\nl&rsquo;aime<\/strong> aussi Christine. Je l&rsquo;adore. <strong>Je suis tr\u00e8s<br \/>\ncontent\u00a0\u00bb<\/strong>\u00a0a-t-il d\u00e9clar\u00e9.<\/p>\n<p>Concernant sa cons\u0153ur, Cyril Hanouna a ensuite continu\u00e9 avec une<br \/>\nbelle d\u00e9claration. \u00ab\u00a0Vous savez que c&rsquo;est la premi\u00e8re fois que<br \/>\nje l&rsquo;ai dans une de mes \u00e9missions\u00a0? Je suis comme un fou. Je<br \/>\nl&rsquo;adore, je l&rsquo;adore Christine. <strong>On<br \/>\ns&rsquo;aime<\/strong><strong>.<\/strong> Enfin je crois qu&rsquo;elle<br \/>\nm&rsquo;aime bien aussi. Sinon elle ne serait pas venu. <strong>C&rsquo;est une<br \/>\nstar\u00a0\u00bb<\/strong>\u00a0a-t-il ajout\u00e9.<\/p>\n<blockquote class=\"twitter-tweet\"><p><a class=\"twitter-link\" rel=\"noindex, nofollow noopener\" href=\"https:\/\/twitter.com\/TBT9_W9\/status\/1978889061117923382\" target=\"_blank\"><\/p><\/blockquote>\n<p>Cyril Hanouna fan de ses invit\u00e9es du<br \/>\njour<\/p>\n<p>D\u2019humeur sentimentale, Cyril Hanouna a ensuite ouvert son c\u0153ur \u00e0<br \/>\nChantal Goya, d\u00e9j\u00e0 pr\u00e9sente en plateau. \u00ab\u00a0<strong>Comme Chantal,<br \/>\non s&rsquo;adore<\/strong>. Tu viens que chez moi\u00a0\u00bb a-t-il<br \/>\nlanc\u00e9 \u00e0 la chanteuse. \u00ab\u00a0Je suis tr\u00e8s contente ! Je t\u2019envoie<br \/>\nplein de messages, tu les as peut-\u00eatre pas lus mais je te les<br \/>\nenvoie\u00a0\u00bb\u00a0a r\u00e9torqu\u00e9 la chanteuse, ic\u00f4ne de toute une<br \/>\ng\u00e9n\u00e9ration.<\/p>\n<p><a href=\"https:\/\/www.closermag.fr\/tv_tele_realite\/gros-coup-dur-pour-jean-michel-aphatie-cet-echec-cuisant-qui-fait-le-bonheur-de-cyril-hanouna-3587081\" target=\"_blank\" rel=\"noopener\"><br \/>\nL\u2019animateur<\/a> de W9 a ensuite tenu \u00e0 saluer une autre<br \/>\npersonnalit\u00e9 fran\u00e7aise. \u00ab\u00a0<strong>J&#8217;embrasse aussi Mireille<br \/>\nMathieu<\/strong>, qui m&rsquo;a envoy\u00e9 des messages. <strong>J&rsquo;adore<br \/>\nMireille<\/strong>. Tu sais que j&rsquo;\u00e9tais tr\u00e8s amoureux de Mireille<br \/>\nMathieu. On s\u2019adore\u00a0\u00bb\u00a0a-t-il alors avou\u00e9.<\/p>\n<p><script async src=\"https:\/\/platform.twitter.com\/widgets.js\" charset=\"utf-8\"><\/script><\/p>\n","protected":false},"excerpt":{"rendered":"Cyril\u00a0Hanouna animait un nouveau num\u00e9ro de Tout beau tout n9uf, ce jeudi 16 octobre, entour\u00e9 de tous ses&hellip;\n","protected":false},"author":2,"featured_media":378880,"comment_status":"","ping_status":"","sticky":false,"template":"","format":"standard","meta":{"footnotes":""},"categories":[1356],"tags":[31049,1083,58,59,1011,27,252,1364],"class_list":{"0":"post-468235","1":"post","2":"type-post","3":"status-publish","4":"format-standard","5":"has-post-thumbnail","7":"category-television","8":"tag-christine-bravo","9":"tag-cyril-hanouna","10":"tag-divertissement","11":"tag-entertainment","12":"tag-fr","13":"tag-france","14":"tag-television","15":"tag-tv"},"share_on_mastodon":{"url":"https:\/\/pubeurope.com\/@fr\/115385676812345290","error":""},"_links":{"self":[{"href":"https:\/\/www.europesays.com\/fr\/wp-json\/wp\/v2\/posts\/468235","targetHints":{"allow":["GET"]}}],"collection":[{"href":"https:\/\/www.europesays.com\/fr\/wp-json\/wp\/v2\/posts"}],"about":[{"href":"https:\/\/www.europesays.com\/fr\/wp-json\/wp\/v2\/types\/post"}],"author":[{"embeddable":true,"href":"https:\/\/www.europesays.com\/fr\/wp-json\/wp\/v2\/users\/2"}],"replies":[{"embeddable":true,"href":"https:\/\/www.europesays.com\/fr\/wp-json\/wp\/v2\/comments?post=468235"}],"version-history":[{"count":0,"href":"https:\/\/www.europesays.com\/fr\/wp-json\/wp\/v2\/posts\/468235\/revisions"}],"wp:featuredmedia":[{"embeddable":true,"href":"https:\/\/www.europesays.com\/fr\/wp-json\/wp\/v2\/media\/378880"}],"wp:attachment":[{"href":"https:\/\/www.europesays.com\/fr\/wp-json\/wp\/v2\/media?parent=468235"}],"wp:term":[{"taxonomy":"category","embeddable":true,"href":"https:\/\/www.europesays.com\/fr\/wp-json\/wp\/v2\/categories?post=468235"},{"taxonomy":"post_tag","embeddable":true,"href":"https:\/\/www.europesays.com\/fr\/wp-json\/wp\/v2\/tags?post=468235"}],"curies":[{"name":"wp","href":"https:\/\/api.w.org\/{rel}","templated":true}]}}